{"id":199913,"date":"2025-04-01T16:39:00","date_gmt":"2025-04-01T19:39:00","guid":{"rendered":"https:\/\/corrientesdetarde.com\/?p=199913"},"modified":"2025-04-01T16:39:07","modified_gmt":"2025-04-01T19:39:07","slug":"habia-algo-raro-con-luque-la-declaracion-de-alfredo-cahe-el-historico-medico-de-diego-maradona","status":"publish","type":"post","link":"https:\/\/corrientesdetarde.com\/index.php\/deportes\/habia-algo-raro-con-luque-la-declaracion-de-alfredo-cahe-el-historico-medico-de-diego-maradona\/","title":{"rendered":"\u201cHab\u00eda algo raro con Luque\u201d: la declaraci\u00f3n de Alfredo Cahe, el hist\u00f3rico m\u00e9dico de Diego Maradona"},"content":{"rendered":"\n<p>El m\u00e9dico, quien falleci\u00f3 el a\u00f1o pasado, hab\u00eda prestado su testimonio en febrero de 2021. Durante la jornada de hoy del juicio tambi\u00e9n prestaron testimonio tambi\u00e9n cuatro m\u00e9dicos que participaron de la autopsia. El debate continuar\u00e1 el jueves pr\u00f3ximo.<\/p>\n\n\n\n<p><a href=\"https:\/\/tn.com.ar\/autor\/agustinaacciardi\/\"><\/a><\/p>\n\n\n\n<p>\u201c<strong>Hubo negligencia<\/strong>. Para m\u00ed, Diego tendr\u00eda que haber quedado internado en terapia intensiva\u201d, declar\u00f3 ante los fiscales el hist\u00f3rico m\u00e9dico de Maradona, <strong>Alfredo Jos\u00e9 Cahe<\/strong>, en febrero de 2021, durante la instrucci\u00f3n de la causa que investigaba la\u00a0<strong>muerte<\/strong>\u00a0del\u00a0<em>Diez<\/em>.<\/p>\n\n\n\n<p>Por aquel entonces, los fiscales&nbsp;<strong>Patricio Ferrari<\/strong>&nbsp;y&nbsp;<strong>Cosme Iribarren&nbsp;<\/strong>ya le hab\u00edan tomado declaraci\u00f3n a varios testigos y, para avanzar en el caso, se presentaron en la casa de Cahe para hacerle una serie de preguntas sobre la salud del exjugador.<\/p>\n\n\n\n<p>Durante esta entrevista, el m\u00e9dico explic\u00f3 que hab\u00eda atendido a Maradona por casi tres d\u00e9cadas, desde 1978 hasta 2009, y que durante el tiempo que lo hab\u00eda atendido hab\u00eda atravesado varias situaciones complejas de salud de salud de Diego.<\/p>\n\n\n\n<figure class=\"wp-block-image\"><img decoding=\"async\" src=\"https:\/\/tn.com.ar\/resizer\/v2\/el-neurocirujano-leopoldo-luque-es-uno-de-los-siete-acusados-en-el-juicio-por-la-muerte-de-diego-maradona-fotos-afp-y-lele-herediatn-NILC6CDOPFGSBNMSRCZQPMRG5Q.jpg?auth=4f05b60884ccaa6971fb4efdb01a6409d5e58b0e9d33cd3836943ac4e5fdb2b1&amp;width=767\" alt=\"El neurocirujano Leopoldo Luque es uno de los siete acusados en el juicio por la muerte de Diego Maradona (Fotos: AFP y Lele Heredia\/TN)\"\/><\/figure>\n\n\n\n<p>Aunque Cahe falleci\u00f3 el a\u00f1o pasado.&nbsp;<strong>Durante la audiencia de hoy<\/strong>, la novena en el juicio por la muerte de Maradona, los fiscales pidieron incorporar la declaraci\u00f3n del m\u00e9dico por lectura y todas las partes estuvieron de acuerdo en que se sumara como prueba. De este modo, la fiscal\u00eda ley\u00f3 aquel testimonio de Cahe, que apunt\u00f3 directamente al doctor&nbsp;<strong>Leopoldo Luque<\/strong>, uno de los imputados.<\/p>\n\n\n\n<p>\u201cCualquier m\u00e9dico que trataba a Maradona lo primero que deb\u00eda tratar era el coraz\u00f3n: era de p\u00fablico conocimiento los problemas card\u00edacos de Diego. \u00c9l presentaba hipertensi\u00f3n arterial y arritmia frecuentes por lo que cuando permanec\u00eda internado le pon\u00edamos una sonda y as\u00ed le calm\u00e1bamos la arritmia\u201d, indic\u00f3.<\/p>\n\n\n\n<p>Sobre la muerte del exdeportista el 25 de noviembre de 2020 en la casa del country San Andr\u00e9s, Cahe asegur\u00f3: \u201cPor su cuadro card\u00edaco, hab\u00eda que controlarlo obviamente todos los d\u00edas. Cada cuatro o seis horas como m\u00e1ximo. La patolog\u00eda card\u00edaca requiere una hidrataci\u00f3n continua, despu\u00e9s se ve si se anticoagula o no. Y por ultimo, que no haya complicaciones.&nbsp;<strong>Es muy simple detectar que hubo negligencia; nunca fue controlado<\/strong>\u201d.<\/p>\n\n\n\n<figure class=\"wp-block-image\"><img decoding=\"async\" src=\"https:\/\/tn.com.ar\/resizer\/v2\/cahe-acompano-a-maradona-mas-de-30-anos-como-su-medico-personal-ap-ZIJ7K6WHBBAMVA4TJPOZLNGM6Q.jpg?auth=ff52196cca051e8bd6dfd093538c3333970dc6887b7e2ce0d7469f4ed5caec5e&amp;width=767\" alt=\"Cahe acompa\u00f1\u00f3 a Maradona m\u00e1s de 30 a\u00f1os como su m\u00e9dico personal. (AP)\"\/><\/figure>\n\n\n\n<p>Cahe fue consultado primero por la operaci\u00f3n a la que se someti\u00f3 Maradona por un hematoma subdural y por su posterior internaci\u00f3n en la cl\u00ednica olivos, 15 d\u00edas antes de su muerte.<\/p>\n\n\n\n<p>En este sentido, el m\u00e9dico aclar\u00f3 que Ver\u00f3nica Ojeda lo llam\u00f3 para ponerlo al tanto de la situaci\u00f3n de Diego y que por eso \u00e9l mismo decidi\u00f3 presentarse en el centro de salud para visitarlo y ver c\u00f3mo estaba.<\/p>\n\n\n\n<p>\u201cPara m\u00ed, al evaluar la situaci\u00f3n, desde el punto de vista m\u00e9dico Diego deb\u00eda estar en terapia intensiva. Es por ello que decid\u00ed hablar con Leopoldo Luque y le consult\u00e9 qui\u00e9n lo hab\u00eda operado, y no me contest\u00f3. Me dejaron verlo a Diego pero&nbsp;<strong>todo me parec\u00eda extra\u00f1o.&nbsp;<\/strong>Estaba Gianinna y despu\u00e9s entr\u00f3 Luque, \u00e9l nunca se explay\u00f3 conmigo como m\u00e9dico ni me dio informacion pese a mis pedidos&#8221;, sostuvo.<\/p>\n\n\n\n<p>Consultado por los fiscales, Cahe dijo que le hizo varias consultas a Luque sobre el cuidado del Diego mientras estaba internado y, como no se qued\u00f3 tranquilo, le dijo que iba a volver a verlo en los d\u00edas siguientes.<\/p>\n\n\n\n<p>\u201cLe refer\u00ed a Luque que el d\u00eda domingo regresar\u00eda a la cl\u00ednica para verlo despierto&nbsp;<strong>porque estaba abombado y segu\u00eda durmiendo<\/strong>. El d\u00eda domingo voy y me dicen que no lo puedo ver. Eso me lo dijo el guardia: que nadie pod\u00eda ver a Diego. Entonces ped\u00ed que me comuniquen con Luque. Me dijo que no lo pod\u00eda ver porque estaba dormido porque no le hab\u00edan podido bajar la excitaci\u00f3n&#8221;, agreg\u00f3.<\/p>\n\n\n\n<p>Luego de eso, Luque le dijo que ten\u00edan pensando trasladar al Maradona a otro lugar, por lo que Cahe aprovech\u00f3 para decir que lo mejor era que lo llevaran a un centro de salud en el que pudiera estar en terapia intensiva para que lo controlaran mejor.<\/p>\n\n\n\n<figure class=\"wp-block-image\"><img decoding=\"async\" src=\"https:\/\/tn.com.ar\/resizer\/v2\/leopoldo-luque-tras-la-operacion-de-diego-por-el-hematoma-subdural-foto-afp-PNQTDTFY2BAORK57EGZHOSZNKE.jfif?auth=523fa81d7cf49b812c21a0864f9d70a6b93ad1fd516727da8285f1dba8db7638&amp;width=767\" alt=\"Leopoldo Luque tras la operaci\u00f3n de Diego por el hematoma subdural. (Foto: AFP)\"\/><\/figure>\n\n\n\n<p>\u201cYo presum\u00ed que&nbsp;<strong>hab\u00eda algo raro&nbsp;<\/strong>por las respuestas de Luque. Presumo que&nbsp;<strong>no me quer\u00edan ah\u00ed<\/strong>&nbsp;porque yo quer\u00eda desintoxicarlo y llevarlo a otro lado. Del 11 al 25 de noviembre no tuve ning\u00fan tipo de contacto, ni con Diego ni con su entorno. Luego del deceso de Diego, me enter\u00e9 por los medios del lugar donde estaba residiendo al tiempo de su muerte y desde&nbsp;<strong>mi punto de vista era lo menos indicado, porque \u00e9l deb\u00eda estar en terapia intensiva con control de neurocirujanos<\/strong>, terapistas, con control del coraz\u00f3n constante y continuo. Era la \u00fanica opci\u00f3n&#8221;, asegur\u00f3 Cahe.<\/p>\n\n\n\n<p>Ante la consulta de los fiscales respecto a c\u00f3mo deb\u00eda ser un control para un paciente con problemas card\u00edacos como los de Maradona, quien fuera su m\u00e9dico personal aclar\u00f3: \u201cNo es coherente sacarlo de un sanatorio, llevarlo a una cl\u00ednica y despu\u00e9s a la casa. Es decir,&nbsp;<strong>fueron disminuyendo de calidad de atenci\u00f3n y controles pese a su delicado estado de salud<\/strong>. Por lo que trascendi\u00f3 de la autopsia la muerte se produjo por una insufiencia cardiaca y renal. Ese resultado era totalmente evitable. Con un correcto seguimiento y control era evitable.&nbsp;<strong>La actitud de Leopoldo Luque no era normal, todo era muy improvisado<\/strong>\u201d.<\/p>\n\n\n\n<h2 class=\"wp-block-heading\">\u201cNo se detect\u00f3 alcohol ni drogas en la sangre ni en la orina de Diego\u201d<\/h2>\n\n\n\n<p>Adem\u00e1s de la lectura del testimonio de Cahe, durante la audiencia de hoy declararon cuatro peritos que participaron de la autopsia al cuerpo de Maradona.<\/p>\n\n\n\n<p>Ezequiel Ventosi, uno de los p\u00e9ritos toxicol\u00f3gicos de la polic\u00eda cient\u00edfica, explic\u00f3 que no encontraron alcohol ni drogas en la sangre y en la orina de Maradona.<\/p>\n\n\n\n<figure class=\"wp-block-image\"><img decoding=\"async\" src=\"https:\/\/tn.com.ar\/resizer\/v2\/esta-es-la-cuarta-semana-en-el-juicio-por-la-muerte-de-diego-maradona-foto-reuters-3KI42C4T4BANZGLTEWYOFJAUXA.jpg?auth=e29f83395d9be972ad1ed00eafab18bee44c8dea7eb710969f4b061773f67559&amp;width=767\" alt=\"Esta es la cuarta semana en  el juicio por la muerte de Diego Maradona. (Foto: Reuters)\"\/><\/figure>\n\n\n\n<p>Luego fue el turno de Silvana de Piero, perito anatomopat\u00f3loga. \u201cEn el h\u00edgado hab\u00eda un cuadro de cirrosis, en el ri\u00f1\u00f3n una patolog\u00eda renal cr\u00f3nica y una necrosis pulmonar aguda. En el coraz\u00f3n una isquemia y un cuadro de insufiencia card\u00edaca. Esta persona sufri\u00f3 varias lesiones en sus \u00f3rganos por a\u00f1os\u201d, sostuvo.<\/p>\n\n\n\n<p>En tercer lugar habl\u00f3 el doctor especialista en medicina legal y quien trabaja en el cuerpo m\u00e9dico forense, Alejandro Vega: \u201cEl coraz\u00f3n de Diego ten\u00eda un tama\u00f1o totalmente aumentado, fuera de lo normal. Era adem\u00e1s un cuerpo que ten\u00eda acumulaci\u00f3n de l\u00edquido y<strong>&nbsp;ten\u00eda un aumento de la cavidad abdominal, lo que en medicina se dice como monstruoso<\/strong>\u201d.<\/p>\n\n\n\n<h2 class=\"wp-block-heading\">Los imputados<\/h2>\n\n\n\n<p>El neurocirujano Leopoldo Luque, la psiquiatra Agustina Cosachov, el enfermero Ricardo Almir\u00f3n, el psic\u00f3logo Carlos D\u00edaz, el jefe de los enfermeros Mariano Perroni, el m\u00e9dico cl\u00ednico Pedro Pablo Di Spagna y la m\u00e9dica coordinadora de la prepaga Nancy Edith Forlini, son los imputados en este juicio por el delito de homicidio simple con dolo eventual.<\/p>\n","protected":false},"excerpt":{"rendered":"<p>El m\u00e9dico, quien falleci\u00f3 el a\u00f1o pasado, hab\u00eda prestado su testimonio en febrero de 2021. Durante la jornada de hoy del juicio tambi\u00e9n prestaron testimonio tambi\u00e9n cuatro m\u00e9dicos que participaron&hellip; <\/p>\n","protected":false},"author":8,"featured_media":199914,"comment_status":"closed","ping_status":"open","sticky":false,"template":"","format":"standard","meta":{"footnotes":""},"categories":[4],"tags":[],"class_list":["post-199913","post","type-post","status-publish","format-standard","has-post-thumbnail","hentry","category-deportes"],"_links":{"self":[{"href":"https:\/\/corrientesdetarde.com\/index.php\/wp-json\/wp\/v2\/posts\/199913","targetHints":{"allow":["GET"]}}],"collection":[{"href":"https:\/\/corrientesdetarde.com\/index.php\/wp-json\/wp\/v2\/posts"}],"about":[{"href":"https:\/\/corrientesdetarde.com\/index.php\/wp-json\/wp\/v2\/types\/post"}],"author":[{"embeddable":true,"href":"https:\/\/corrientesdetarde.com\/index.php\/wp-json\/wp\/v2\/users\/8"}],"replies":[{"embeddable":true,"href":"https:\/\/corrientesdetarde.com\/index.php\/wp-json\/wp\/v2\/comments?post=199913"}],"version-history":[{"count":1,"href":"https:\/\/corrientesdetarde.com\/index.php\/wp-json\/wp\/v2\/posts\/199913\/revisions"}],"predecessor-version":[{"id":199915,"href":"https:\/\/corrientesdetarde.com\/index.php\/wp-json\/wp\/v2\/posts\/199913\/revisions\/199915"}],"wp:featuredmedia":[{"embeddable":true,"href":"https:\/\/corrientesdetarde.com\/index.php\/wp-json\/wp\/v2\/media\/199914"}],"wp:attachment":[{"href":"https:\/\/corrientesdetarde.com\/index.php\/wp-json\/wp\/v2\/media?parent=199913"}],"wp:term":[{"taxonomy":"category","embeddable":true,"href":"https:\/\/corrientesdetarde.com\/index.php\/wp-json\/wp\/v2\/categories?post=199913"},{"taxonomy":"post_tag","embeddable":true,"href":"https:\/\/corrientesdetarde.com\/index.php\/wp-json\/wp\/v2\/tags?post=199913"}],"curies":[{"name":"wp","href":"https:\/\/api.w.org\/{rel}","templated":true}]}}