{"id":199923,"date":"2025-04-01T19:47:50","date_gmt":"2025-04-01T22:47:50","guid":{"rendered":"https:\/\/corrientesdetarde.com\/?p=199923"},"modified":"2025-04-01T19:47:53","modified_gmt":"2025-04-01T22:47:53","slug":"la-septima-edicion-de-arteco-se-realizara-en-galeria-colon","status":"publish","type":"post","link":"https:\/\/corrientesdetarde.com\/index.php\/cultura\/la-septima-edicion-de-arteco-se-realizara-en-galeria-colon\/","title":{"rendered":"La s\u00e9ptima edici\u00f3n de ArteCo se realizar\u00e1 en Galer\u00eda Col\u00f3n"},"content":{"rendered":"\n<p>El Gobierno de Corrientes, a trav\u00e9s del Instituto de Cultura de Corrientes, realiz\u00f3 hoy a la ma\u00f1ana el lanzamiento de la s\u00e9ptima edici\u00f3n de la Feria de Arte Contempor\u00e1neo de Corrientes (ArteCo), en el sal\u00f3n de conferencias del Museo de Bellas Artes Juan R. Vidal. Este evento que reunir\u00e1 galer\u00edas de arte, colectivos de artistas y artistas individuales, se desarrollar\u00e1 del 22 al 25 de mayo en Galer\u00eda Col\u00f3n -ex cine-, ubicada en calle 9 de Julio 1189.<\/p>\n\n\n\n<p>La presidente del Instituto de Cultura, Beatriz Kunin, encabez\u00f3 la conferencia de prensa, acompa\u00f1ada por el coleccionista correntino y miembro del jurado de selecci\u00f3n, Juan Carlos Aquino y el director del Museo de Bellas Artes, Pablo Guiglioni, y de manera virtual por el curador de la Feria, Joaqu\u00edn Rodr\u00edguez, y el decano de la Facultad de Artes, Dise\u00f1o y Ciencias de la Cultura de la UNNE, Arq. Gabriel Romero.<\/p>\n\n\n\n<p>\u201cCon gran alegr\u00eda venimos a poner en conocimiento de todos que la s\u00e9ptima edici\u00f3n de ArteCo va a dar inicio el 21 de mayo hasta el d\u00eda 25 en una locaci\u00f3n que nos pone muy alegres, el ex Cine Col\u00f3n. Muchos correntinos que pasaron por all\u00ed, y lo ver\u00e1n de nuevo abierto. Un edificio muy bien arreglado que tiene 5 pisos, donde vamos a distribuir a los artistas individuales, colectivos y galer\u00edas\u201d, y agreg\u00f3 que a pesar de que el edificio es grande \u201cvamos a necesitar de otros espacios debido a la convocatoria que tuvimos este a\u00f1o\u201d.<\/p>\n\n\n\n<figure class=\"wp-block-image size-large\"><img loading=\"lazy\" decoding=\"async\" width=\"1024\" height=\"682\" src=\"https:\/\/corrientesdetarde.com\/wp-content\/uploads\/2025\/04\/image-45-1024x682.png\" alt=\"\" class=\"wp-image-199929\" srcset=\"https:\/\/corrientesdetarde.com\/wp-content\/uploads\/2025\/04\/image-45-1024x682.png 1024w, https:\/\/corrientesdetarde.com\/wp-content\/uploads\/2025\/04\/image-45-300x200.png 300w, https:\/\/corrientesdetarde.com\/wp-content\/uploads\/2025\/04\/image-45-768x511.png 768w, https:\/\/corrientesdetarde.com\/wp-content\/uploads\/2025\/04\/image-45.png 1367w\" sizes=\"auto, (max-width: 1024px) 100vw, 1024px\" \/><\/figure>\n\n\n\n<p>Record\u00f3 que esta Feria de Arte Contempor\u00e1neo comenz\u00f3 en el 2019 \u201ccomo una cuesti\u00f3n casi simb\u00f3lica, pero con un fin muy importante: hacer conocer y comercializar el arte\u201d.<\/p>\n\n\n\n<p>En relaci\u00f3n a esta s\u00e9ptima edici\u00f3n, precis\u00f3 \u201crecibimos la postulaci\u00f3n de 80 artistas individuales, 35 galer\u00edas de arte, 30 colectivos art\u00edsticos y 25 proyectos individuales\u201d y despu\u00e9s un arduo trabajo de un jurado altamente calificado, fueron seleccionados 36 artistas individuales, 27 galer\u00edas de arte y 23 proyectos y colectivos art\u00edsticos.<\/p>\n\n\n\n<p>Kunin anticip\u00f3 adem\u00e1s que habr\u00e1 varios lugares sat\u00e9lites. Entre ellos, el Centro Cultural Universitario, el Espacio Mari\u00f1o, la Galer\u00eda Orto, el Colegio de Escribanos, donde se realizar\u00e1n distintas conferencias. En tanto, en el Museo de Bellas Artes, el Museo Hist\u00f3rico, el Museo de Artesan\u00edas Tradicionales y el Instituto de Cultura, que ser\u00e1n sede del encuentro de muralismo. Asimismo, en la Legislatura provincial se habilitar\u00e1 una exposici\u00f3n homenaje a Luis Llarens y Lucho Olivera, ilustrador de Nippur de Lagash, \u201crecibimos de la Biblioteca Nacional una colecci\u00f3n del artista que ser\u00e1 expuesta en la Feria\u201d, agreg\u00f3.<\/p>\n\n\n\n<p>Otra de las novedades tendr\u00e1 que ver con un espacio especialmente dedicado para los m\u00e1s chicos. En este espacio podr\u00e1n actuar y pintar.<\/p>\n\n\n\n<figure class=\"wp-block-image size-large\"><img loading=\"lazy\" decoding=\"async\" width=\"1024\" height=\"572\" src=\"https:\/\/corrientesdetarde.com\/wp-content\/uploads\/2025\/04\/image-46-1024x572.png\" alt=\"\" class=\"wp-image-199930\" srcset=\"https:\/\/corrientesdetarde.com\/wp-content\/uploads\/2025\/04\/image-46-1024x572.png 1024w, https:\/\/corrientesdetarde.com\/wp-content\/uploads\/2025\/04\/image-46-300x168.png 300w, https:\/\/corrientesdetarde.com\/wp-content\/uploads\/2025\/04\/image-46-768x429.png 768w, https:\/\/corrientesdetarde.com\/wp-content\/uploads\/2025\/04\/image-46-1536x858.png 1536w, https:\/\/corrientesdetarde.com\/wp-content\/uploads\/2025\/04\/image-46.png 1587w\" sizes=\"auto, (max-width: 1024px) 100vw, 1024px\" \/><\/figure>\n\n\n\n<p>\u201cAdem\u00e1s de los artistas del Paraguay, vamos a tener participantes de Brasil y una propuesta de Uruguay que fue aceptada, as\u00ed que tendremos una feria m\u00e1s internacional en esta edici\u00f3n y as\u00ed seguiremos creciendo porque ArteCo es una marca registrada en el pa\u00eds, donde los consumidores de arte quieren venir\u201d, precis\u00f3.<\/p>\n\n\n\n<p><strong>REFERENCIA REGIONAL<\/strong><\/p>\n\n\n\n<p>El curador Joaqu\u00edn Rodr\u00edguez se\u00f1al\u00f3 que \u201ca\u00f1o a a\u00f1o, ArteCo se va consolidando en el calendario nacional de ferias y tambi\u00e9n es referente regional, sumando dos proyectos de Curitiba, Brasil, fruto del viaje que hicimos hace pocas semanas atr\u00e1s\u201d.<\/p>\n\n\n\n<p>\u201cDe alguna manera, habilita un intercambio, abriendo las puertas de los artistas correntinos hacia otros pa\u00edses. Contamos con proyectos y galer\u00edas de provincias como Tucum\u00e1n, San Juan, Salta y vecinas de Chaco, Entre R\u00edos, y de Buenos Aires ciudad y provincia, eso consolida la idea de seguir siendo un referente regional\u201d, remarc\u00f3.<\/p>\n\n\n\n<p><strong>CONTINUIDAD<\/strong><\/p>\n\n\n\n<p>El decano de la Facultad de Artes, Dise\u00f1o y Ciencias de la Cultura, Gabriel Romero, destac\u00f3 la importancia de la continuidad de las pol\u00edticas p\u00fablicas. \u201cEste es un proyecto que va creciendo y se va renovando, y que nos permite insertarlo en una escena nacional y regional con este v\u00ednculo con Paraguay y Brasil\u201d, sostuvo.<\/p>\n\n\n\n<p>\u201cEn mi rol de decano de Artes, con el convenio para la participaci\u00f3n de alumnos y docentes, buscamos un trabajo de ida y vuelta. Los alumnos tomando contacto con una experiencia concreta de gesti\u00f3n cultural o tur\u00edstica en algunos casos y, por otro, son una ayuda importante para quienes est\u00e1n trabajando en la producci\u00f3n de la feria. La Universidad tiene la posibilidad de mostrar la formaci\u00f3n y la pr\u00e1ctica, es un trabajo destacado lo que estamos haciendo con el Instituto de Cultura\u201d, indic\u00f3.<\/p>\n\n\n\n<p><strong>JURADO SELECCIONADOR<\/strong><\/p>\n\n\n\n<p>El coleccionista y miembro del jurado seleccionador, Juan Carlos Aquino, destac\u00f3 la propuesta de Beatriz Kunin y de Joaqu\u00edn Rodr\u00edguez \u201cde condensar en el jurado cuatro diferentes visiones: un decano de artes, una curadora, una galerista y un coleccionista. Los debates son muy enriquecedores y tenemos la libertad de seleccionar de las obras que nos parecen m\u00e1s interesantes\u201d.<\/p>\n\n\n\n<p>\u201cLas propuestas muy buenas dan dimensi\u00f3n de la calidad de los artistas de toda la regi\u00f3n. Por suerte, esto se est\u00e1 ampliando, cada vez hay mejores propuestas y mejores obras y nos cuesta m\u00e1s seleccionar\u201d, subray\u00f3.<\/p>\n","protected":false},"excerpt":{"rendered":"<p>El Gobierno de Corrientes, a trav\u00e9s del Instituto de Cultura de Corrientes, realiz\u00f3 hoy a la ma\u00f1ana el lanzamiento de la s\u00e9ptima edici\u00f3n de la Feria de Arte Contempor\u00e1neo de&hellip; <\/p>\n","protected":false},"author":4,"featured_media":199931,"comment_status":"closed","ping_status":"open","sticky":false,"template":"","format":"standard","meta":{"footnotes":""},"categories":[15],"tags":[],"class_list":["post-199923","post","type-post","status-publish","format-standard","has-post-thumbnail","hentry","category-cultura"],"_links":{"self":[{"href":"https:\/\/corrientesdetarde.com\/index.php\/wp-json\/wp\/v2\/posts\/199923","targetHints":{"allow":["GET"]}}],"collection":[{"href":"https:\/\/corrientesdetarde.com\/index.php\/wp-json\/wp\/v2\/posts"}],"about":[{"href":"https:\/\/corrientesdetarde.com\/index.php\/wp-json\/wp\/v2\/types\/post"}],"author":[{"embeddable":true,"href":"https:\/\/corrientesdetarde.com\/index.php\/wp-json\/wp\/v2\/users\/4"}],"replies":[{"embeddable":true,"href":"https:\/\/corrientesdetarde.com\/index.php\/wp-json\/wp\/v2\/comments?post=199923"}],"version-history":[{"count":1,"href":"https:\/\/corrientesdetarde.com\/index.php\/wp-json\/wp\/v2\/posts\/199923\/revisions"}],"predecessor-version":[{"id":199932,"href":"https:\/\/corrientesdetarde.com\/index.php\/wp-json\/wp\/v2\/posts\/199923\/revisions\/199932"}],"wp:featuredmedia":[{"embeddable":true,"href":"https:\/\/corrientesdetarde.com\/index.php\/wp-json\/wp\/v2\/media\/199931"}],"wp:attachment":[{"href":"https:\/\/corrientesdetarde.com\/index.php\/wp-json\/wp\/v2\/media?parent=199923"}],"wp:term":[{"taxonomy":"category","embeddable":true,"href":"https:\/\/corrientesdetarde.com\/index.php\/wp-json\/wp\/v2\/categories?post=199923"},{"taxonomy":"post_tag","embeddable":true,"href":"https:\/\/corrientesdetarde.com\/index.php\/wp-json\/wp\/v2\/tags?post=199923"}],"curies":[{"name":"wp","href":"https:\/\/api.w.org\/{rel}","templated":true}]}}