{"id":199924,"date":"2025-04-01T23:19:05","date_gmt":"2025-04-02T02:19:05","guid":{"rendered":"https:\/\/corrientesdetarde.com\/?p=199924"},"modified":"2025-04-01T23:19:10","modified_gmt":"2025-04-02T02:19:10","slug":"venezuela-breve-historia-del-pandillero-venezolano-de-la-banda-el-cagon","status":"publish","type":"post","link":"https:\/\/corrientesdetarde.com\/index.php\/internacionales\/venezuela-breve-historia-del-pandillero-venezolano-de-la-banda-el-cagon\/","title":{"rendered":"Venezuela: breve historia del pandillero venezolano de la banda &#8220;El Cag\u00f3n&#8221;"},"content":{"rendered":"\n<h2 class=\"wp-block-heading\">Fue deportado desde Estados Unidos y las autoridades de su pa\u00eds lo reconocieron como el cabecilla del grupo. Su identidad es Darwin Antonio Rivas Garc\u00eda.<\/h2>\n\n\n\n<p>Uno de los venezolanos deportados por&nbsp;<strong>Estados Unidos&nbsp;<\/strong>fue reconocido en Venezuela como un delincuente por las autoridades de su pa\u00eds, que informaron de su pertenencia a la c\u00fapula de la banda&nbsp;<mark><strong>&#8220;El Cag\u00f3n&#8221;.<\/strong><\/mark><\/p>\n\n\n\n<p><strong>El ministro del Interior, Paz y Justicia de Venezuela, Diosdado Cabello, fue quien afirm\u00f3 que&nbsp;<\/strong><em><strong>&#8220;de todos esos (migrantes)&#8221;,&nbsp;<\/strong><\/em>que llegaron a su pa\u00eds en la tanda m\u00e1s reciente, solo hab\u00eda uno que pod\u00eda ser considerado&nbsp;<em><strong>&#8220;de pertenecer a una banda y tener peso&#8221;&nbsp;<\/strong><\/em>dentro del grupo.<\/p>\n\n\n\n<p><em><strong>&#8220;No tiene nada que ver con el Tren de Aragua, sino con una banda que opera en Trujillo que se llama la banda de \u2018El Cag\u00f3n'&#8221;,&nbsp;<\/strong><\/em><strong>declar\u00f3 Cabello.<\/strong><\/p>\n\n\n\n<p>El ahora arrestado es entonces el jefe de&nbsp;<strong>&#8220;El Cag\u00f3n&#8221;, identificado por las autoridades de Venezuela como Darwin Antonio Rivas Garc\u00eda.<\/strong><\/p>\n\n\n\n<p>Era uno de los&nbsp;<strong>delincuentes<\/strong>&nbsp;m\u00e1s buscados del pa\u00eds caribe\u00f1o, seg\u00fan un informe del sitio Newsweek Argentina.<\/p>\n\n\n\n<p>La banda<strong>&nbsp;&#8220;El Cag\u00f3n&#8221;&nbsp;<\/strong>se mueve entre los estados Zulia y Trujillo, cometiendo delitos como la extorsi\u00f3n, abigeato (robo o hurto de ganado o animales dom\u00e9sticos) tambi\u00e9n el robo de veh\u00edculos y est\u00e1 involucrada en al menos 40 homicidios.<\/p>\n\n\n\n<p>Adem\u00e1s, sigue el medio argentino, extorsion\u00f3 a agricultores con la promesa de brindarles protecci\u00f3n en fincas de Baralt y Trujillo, donde&nbsp;<strong>&#8220;El Cag\u00f3n&#8221;<\/strong>&nbsp;establece un precio en d\u00f3lares seg\u00fan el n\u00famero de hect\u00e1reas de siembra y ganado.<\/p>\n\n\n\n<p>El Ministerio de Interior y Justicia cuenta con&nbsp;<mark><strong>una lista de asesinos pr\u00f3fugos<\/strong><\/mark>&nbsp;y ah\u00ed identifica a Darwin Rivas como uno de los 10 criminales m\u00e1s buscados de los estados Zulia y Trujillo por su v\u00ednculo con homicidios en el \u00e1rea, completa el informe.<\/p>\n","protected":false},"excerpt":{"rendered":"<p>Fue deportado desde Estados Unidos y las autoridades de su pa\u00eds lo reconocieron como el cabecilla del grupo. Su identidad es Darwin Antonio Rivas Garc\u00eda. Uno de los venezolanos deportados&hellip; <\/p>\n","protected":false},"author":4,"featured_media":199959,"comment_status":"closed","ping_status":"open","sticky":false,"template":"","format":"standard","meta":{"footnotes":""},"categories":[11],"tags":[],"class_list":["post-199924","post","type-post","status-publish","format-standard","has-post-thumbnail","hentry","category-internacionales"],"_links":{"self":[{"href":"https:\/\/corrientesdetarde.com\/index.php\/wp-json\/wp\/v2\/posts\/199924","targetHints":{"allow":["GET"]}}],"collection":[{"href":"https:\/\/corrientesdetarde.com\/index.php\/wp-json\/wp\/v2\/posts"}],"about":[{"href":"https:\/\/corrientesdetarde.com\/index.php\/wp-json\/wp\/v2\/types\/post"}],"author":[{"embeddable":true,"href":"https:\/\/corrientesdetarde.com\/index.php\/wp-json\/wp\/v2\/users\/4"}],"replies":[{"embeddable":true,"href":"https:\/\/corrientesdetarde.com\/index.php\/wp-json\/wp\/v2\/comments?post=199924"}],"version-history":[{"count":1,"href":"https:\/\/corrientesdetarde.com\/index.php\/wp-json\/wp\/v2\/posts\/199924\/revisions"}],"predecessor-version":[{"id":199960,"href":"https:\/\/corrientesdetarde.com\/index.php\/wp-json\/wp\/v2\/posts\/199924\/revisions\/199960"}],"wp:featuredmedia":[{"embeddable":true,"href":"https:\/\/corrientesdetarde.com\/index.php\/wp-json\/wp\/v2\/media\/199959"}],"wp:attachment":[{"href":"https:\/\/corrientesdetarde.com\/index.php\/wp-json\/wp\/v2\/media?parent=199924"}],"wp:term":[{"taxonomy":"category","embeddable":true,"href":"https:\/\/corrientesdetarde.com\/index.php\/wp-json\/wp\/v2\/categories?post=199924"},{"taxonomy":"post_tag","embeddable":true,"href":"https:\/\/corrientesdetarde.com\/index.php\/wp-json\/wp\/v2\/tags?post=199924"}],"curies":[{"name":"wp","href":"https:\/\/api.w.org\/{rel}","templated":true}]}}