{"id":199935,"date":"2025-04-01T20:34:50","date_gmt":"2025-04-01T23:34:50","guid":{"rendered":"https:\/\/corrientesdetarde.com\/?p=199935"},"modified":"2025-04-01T20:34:53","modified_gmt":"2025-04-01T23:34:53","slug":"integracion-fluvial-en-marcha-corrientes-licita-acceso-vial-al-embarcadero-de-bella-vista","status":"publish","type":"post","link":"https:\/\/corrientesdetarde.com\/index.php\/politica\/integracion-fluvial-en-marcha-corrientes-licita-acceso-vial-al-embarcadero-de-bella-vista\/","title":{"rendered":"Integraci\u00f3n fluvial en marcha: Corrientes licita acceso vial al embarcadero de Bella Vista"},"content":{"rendered":"\n<p>La Provincia licit\u00f3 una obra clave para la integraci\u00f3n fluvial entre Bella Vista y Villa Ocampo.&nbsp;<\/p>\n\n\n\n<p>En el Sal\u00f3n Verde de Casa de Gobierno se concret\u00f3 el acto de licitaci\u00f3n p\u00fablica para la primera etapa de la obra de acceso vial y playa de maniobras del embarcadero de Bella Vista, que permitir\u00e1 lograr la tan ansiada vinculaci\u00f3n fluvial con la localidad santafesina de Villa Ocampo.<\/p>\n\n\n\n<p>La obra representar\u00e1 un paso fundamental para la integraci\u00f3n y el desarrollo regional, ya que facilitar\u00e1 el transporte de personas y mercanc\u00edas entre ambas localidades, fortaleciendo las actividades productivas y tur\u00edsticas de la zona.<\/p>\n\n\n\n<p>Dos empresas presentaron sus ofertas en el acto licitatorio, siendo el presupuesto oficial de la obra m\u00e1s de dos mil ochocientos millones de pesos, con un plazo de ejecuci\u00f3n de 210 d\u00edas corridos. El acto fue encabezado por el ministro de Obras y Servicios P\u00fablicos, Claudio Polich, junto a la intendente de Bella Vista, Noelia Bazzi, y tambi\u00e9n estuvieron presentes, entre otros, el coordinador de la Unidad Ejecutora de dicha cartera, Sebasti\u00e1n G\u00f3mez de la Fuente y el director de Asuntos Jur\u00eddicos, Ricardo Villar.<\/p>\n\n\n\n<p>La obra contempla la construcci\u00f3n de un embarcadero en el departamento de Bella Vista, con un enfoque en mejorar la infraestructura existente y optimizar las operaciones log\u00edsticas.<\/p>\n\n\n\n<p>Se desarrollar\u00e1 en tres etapas principales: la primera estar\u00e1 centrada en la playa de maniobra y las calles perimetrales; las siguientes etapas incluir\u00e1n la mejora del acceso vial al embarcadero.<\/p>\n\n\n\n<p>Se llevar\u00e1n a cabo trabajos fundamentales en la playa de maniobra y en las calles perimetrales, lo que permitir\u00e1 sentar las bases para una operatividad eficiente.<\/p>\n\n\n\n<p>Las siguientes etapas tienen previstas la construcci\u00f3n y mejoramiento de las v\u00edas de acceso al embarcadero, lo que asegurar\u00e1 la conectividad necesaria para el flujo constante de veh\u00edculos pesados y maquinarias.<\/p>\n\n\n\n<p>Claudio Polich<\/p>\n\n\n\n<p>Al dirigirse a los presentes en el Sal\u00f3n Verde, el ministro de Obras y Servicios P\u00fablicos, Claudio Polich, se\u00f1al\u00f3 que este es el &#8220;inicio de una inversi\u00f3n muy importante que tiene prevista la provincia de Corrientes, en la localidad de Bella Vista&#8221;, resaltando que la obra tiene como objetivo lograr la &nbsp;vinculaci\u00f3n fluvial con Villa Ocampo en la provincia de Santa Fe, con todo lo que ello significa.<\/p>\n\n\n\n<p>Tras remarcar que la obra se ejecutar\u00e1 con fondos propios del tesoro provincial, Polich dijo que tanto Bella Vista como Villa Ocampo son zonas productivas por naturaleza, por la pujanza y el trabajo de su gente, y lo que &#8220;tenemos que hacer con inversiones de este tipo es buscar que, desde el punto de vista econ\u00f3mico, tanto el Puerto de Buenos Aires como las ciudades vinculadas en la Argentina a trav\u00e9s del Mercosur, puedan acortar distancias para lograr la competitividad de sus productos&#8221;.<\/p>\n\n\n\n<p>Continuando, el funcionario provincial dijo que esto tambi\u00e9n tiene que ver con la &#8220;cuesti\u00f3n social, cultural y el turismo&#8221;, haciendo hincapi\u00e9 la b\u00fasqueda de objetivos comunes entre las provincias de Santa fe y Corrientes.<\/p>\n\n\n\n<p>Luego, Polich denot\u00f3 su satisfacci\u00f3n en poder avanzar en este tipo de obras, apuntando a potenciar el desarrollo de Bella Vista, que es uno de los polos productivos m\u00e1s importantes de la provincia, lo que amerita hacer un gran esfuerzo para &#8220;lleguen inversiones y se fortalezca el municipio y toda la comunidad&#8221;.<\/p>\n\n\n\n<p>Noelia Bazzi: &#8220;Hito hist\u00f3rico de integraci\u00f3n fluvial&#8221;<\/p>\n\n\n\n<p>&#8220;Esta licitaci\u00f3n marca un hito hist\u00f3rico a fin de avanzar en la integraci\u00f3n fluvial con la ciudad hermana de Villa Ocampo, reforzando el v\u00ednculo productivo, comercial, empresarial e industrial, clave para seguir creciendo y desarroll\u00e1ndonos&#8221;, manifest\u00f3 al tomar la palabra la intendente de Bella Vista, Noelia Bazzi.<\/p>\n\n\n\n<p>La jefa comunal agradeci\u00f3 el respaldo y el compromiso del gobernador &nbsp;Gustavo Vald\u00e9s para destinar recursos que son de todos los correntinos hacia esta importante obra y destac\u00f3 el acuerdo de hermanamiento logrado en su momento con el gobernador de Santa Fe, Maximiliano Pullaro, para poder avanzar en la creaci\u00f3n de la Regi\u00f3n Litoral.<\/p>\n\n\n\n<p>&#8220;Sabemos el potencial y todo lo que Bella Vista puede aportar a la provincia, al pa\u00eds y al mundo y este es otro paso m\u00e1s hacia ese horizonte, apuntando siempre a mejorar la calidad de vida de la gente&#8221;, cerr\u00f3 Bazzi.<\/p>\n","protected":false},"excerpt":{"rendered":"<p>La Provincia licit\u00f3 una obra clave para la integraci\u00f3n fluvial entre Bella Vista y Villa Ocampo.&nbsp; En el Sal\u00f3n Verde de Casa de Gobierno se concret\u00f3 el acto de licitaci\u00f3n&hellip; <\/p>\n","protected":false},"author":4,"featured_media":199938,"comment_status":"closed","ping_status":"open","sticky":false,"template":"","format":"standard","meta":{"footnotes":""},"categories":[3],"tags":[],"class_list":["post-199935","post","type-post","status-publish","format-standard","has-post-thumbnail","hentry","category-politica"],"_links":{"self":[{"href":"https:\/\/corrientesdetarde.com\/index.php\/wp-json\/wp\/v2\/posts\/199935","targetHints":{"allow":["GET"]}}],"collection":[{"href":"https:\/\/corrientesdetarde.com\/index.php\/wp-json\/wp\/v2\/posts"}],"about":[{"href":"https:\/\/corrientesdetarde.com\/index.php\/wp-json\/wp\/v2\/types\/post"}],"author":[{"embeddable":true,"href":"https:\/\/corrientesdetarde.com\/index.php\/wp-json\/wp\/v2\/users\/4"}],"replies":[{"embeddable":true,"href":"https:\/\/corrientesdetarde.com\/index.php\/wp-json\/wp\/v2\/comments?post=199935"}],"version-history":[{"count":1,"href":"https:\/\/corrientesdetarde.com\/index.php\/wp-json\/wp\/v2\/posts\/199935\/revisions"}],"predecessor-version":[{"id":199939,"href":"https:\/\/corrientesdetarde.com\/index.php\/wp-json\/wp\/v2\/posts\/199935\/revisions\/199939"}],"wp:featuredmedia":[{"embeddable":true,"href":"https:\/\/corrientesdetarde.com\/index.php\/wp-json\/wp\/v2\/media\/199938"}],"wp:attachment":[{"href":"https:\/\/corrientesdetarde.com\/index.php\/wp-json\/wp\/v2\/media?parent=199935"}],"wp:term":[{"taxonomy":"category","embeddable":true,"href":"https:\/\/corrientesdetarde.com\/index.php\/wp-json\/wp\/v2\/categories?post=199935"},{"taxonomy":"post_tag","embeddable":true,"href":"https:\/\/corrientesdetarde.com\/index.php\/wp-json\/wp\/v2\/tags?post=199935"}],"curies":[{"name":"wp","href":"https:\/\/api.w.org\/{rel}","templated":true}]}}