{"id":199936,"date":"2025-04-01T20:44:18","date_gmt":"2025-04-01T23:44:18","guid":{"rendered":"https:\/\/corrientesdetarde.com\/?p=199936"},"modified":"2025-04-01T20:44:21","modified_gmt":"2025-04-01T23:44:21","slug":"corrientes-avanza-con-el-arancelamiento-hospitalario-con-esto-buscamos-garantizar-una-redistribucion-justa-de-los-recursos","status":"publish","type":"post","link":"https:\/\/corrientesdetarde.com\/index.php\/politica\/corrientes-avanza-con-el-arancelamiento-hospitalario-con-esto-buscamos-garantizar-una-redistribucion-justa-de-los-recursos\/","title":{"rendered":"Corrientes avanza con el arancelamiento hospitalario: &#8220;Con esto buscamos garantizar una redistribuci\u00f3n justa de los recursos&#8221;"},"content":{"rendered":"\n<p>El proyecto de arancelamiento hospitalario sigue su curso en la C\u00e1mara de Diputados provincial, mientras el gobierno intensifica las estrategias sanitarias para prevenir enfermedades evitables y fortalecer el sistema de salud.<\/p>\n\n\n\n<p>El gobierno de Corrientes impulsa un proyecto de ley para implementar el arancelamiento hospitalario en el sistema de salud provincial, con el objetivo de mejorar la recaudaci\u00f3n y garantizar una distribuci\u00f3n equitativa de los recursos. En paralelo, intensifica la campa\u00f1a de vacunaci\u00f3n ante el reciente brote de sarampi\u00f3n detectado en la Ciudad Aut\u00f3noma de Buenos Aires y la provincia de Buenos Aires.<\/p>\n\n\n\n<p>El ministro de Salud, Ricardo Cardozo, explic\u00f3 que la iniciativa busca establecer un nomenclador propio para que las obras sociales paguen las prestaciones correspondientes en hospitales provinciales. &#8220;Las obras sociales deben pagar lo que corresponde al sistema de salud provincial. Con esta ley buscamos mejorar la recaudaci\u00f3n y garantizar una redistribuci\u00f3n justa de los recursos&#8221;, afirm\u00f3 el funcionario.<\/p>\n\n\n\n<p>En ese sentido, Cardozo asegur\u00f3 que el dinero recaudado ser\u00e1 reinvertido en mejoras para los hospitales y en el pago de sueldos del personal sanitario. Adem\u00e1s, destac\u00f3 que la normativa tambi\u00e9n permitir\u00e1 accionar legalmente contra las obras sociales que incumplan con los convenios.<\/p>\n\n\n\n<p>Respecto a la preocupaci\u00f3n sobre el impacto en los pacientes sin cobertura, Cardozo dej\u00f3 en claro que la medida no afectar\u00e1 a quienes no tengan obra social. &#8220;Quienes no tienen cobertura seguir\u00e1n recibiendo atenci\u00f3n gratuita. La ley est\u00e1 dirigida a regular el pago de prestaciones por parte de las obras sociales&#8221;, subray\u00f3.<\/p>\n\n\n\n<p>En paralelo, la cartera de Salud provincial reforz\u00f3 la campa\u00f1a de vacunaci\u00f3n, especialmente en ni\u00f1os y poblaciones de riesgo, ante la reaparici\u00f3n del sarampi\u00f3n. Cardozo atribuy\u00f3 la disminuci\u00f3n en la cobertura a un relajamiento posterior a la pandemia y destac\u00f3 la importancia de completar los esquemas de inmunizaci\u00f3n. &#8220;La vacuna tiene un doble sentido: por un lado es un derecho, pero por otro lado es obligatoria&#8221;, enfatiz\u00f3.<\/p>\n","protected":false},"excerpt":{"rendered":"<p>El proyecto de arancelamiento hospitalario sigue su curso en la C\u00e1mara de Diputados provincial, mientras el gobierno intensifica las estrategias sanitarias para prevenir enfermedades evitables y fortalecer el sistema de&hellip; <\/p>\n","protected":false},"author":4,"featured_media":199943,"comment_status":"closed","ping_status":"open","sticky":false,"template":"","format":"standard","meta":{"footnotes":""},"categories":[3],"tags":[],"class_list":["post-199936","post","type-post","status-publish","format-standard","has-post-thumbnail","hentry","category-politica"],"_links":{"self":[{"href":"https:\/\/corrientesdetarde.com\/index.php\/wp-json\/wp\/v2\/posts\/199936","targetHints":{"allow":["GET"]}}],"collection":[{"href":"https:\/\/corrientesdetarde.com\/index.php\/wp-json\/wp\/v2\/posts"}],"about":[{"href":"https:\/\/corrientesdetarde.com\/index.php\/wp-json\/wp\/v2\/types\/post"}],"author":[{"embeddable":true,"href":"https:\/\/corrientesdetarde.com\/index.php\/wp-json\/wp\/v2\/users\/4"}],"replies":[{"embeddable":true,"href":"https:\/\/corrientesdetarde.com\/index.php\/wp-json\/wp\/v2\/comments?post=199936"}],"version-history":[{"count":1,"href":"https:\/\/corrientesdetarde.com\/index.php\/wp-json\/wp\/v2\/posts\/199936\/revisions"}],"predecessor-version":[{"id":199944,"href":"https:\/\/corrientesdetarde.com\/index.php\/wp-json\/wp\/v2\/posts\/199936\/revisions\/199944"}],"wp:featuredmedia":[{"embeddable":true,"href":"https:\/\/corrientesdetarde.com\/index.php\/wp-json\/wp\/v2\/media\/199943"}],"wp:attachment":[{"href":"https:\/\/corrientesdetarde.com\/index.php\/wp-json\/wp\/v2\/media?parent=199936"}],"wp:term":[{"taxonomy":"category","embeddable":true,"href":"https:\/\/corrientesdetarde.com\/index.php\/wp-json\/wp\/v2\/categories?post=199936"},{"taxonomy":"post_tag","embeddable":true,"href":"https:\/\/corrientesdetarde.com\/index.php\/wp-json\/wp\/v2\/tags?post=199936"}],"curies":[{"name":"wp","href":"https:\/\/api.w.org\/{rel}","templated":true}]}}