{"id":199937,"date":"2025-04-01T23:16:45","date_gmt":"2025-04-02T02:16:45","guid":{"rendered":"https:\/\/corrientesdetarde.com\/?p=199937"},"modified":"2025-04-01T23:17:33","modified_gmt":"2025-04-02T02:17:33","slug":"gustavo-valdes-desde-ituzaingo-no-es-el-momento-de-hablar-de-candidaturas","status":"publish","type":"post","link":"https:\/\/corrientesdetarde.com\/index.php\/politica\/gustavo-valdes-desde-ituzaingo-no-es-el-momento-de-hablar-de-candidaturas\/","title":{"rendered":"Gustavo Vald\u00e9s, desde Ituzaing\u00f3: &#8220;No es el momento de hablar de candidaturas&#8221;"},"content":{"rendered":"\n<p>En un par\u00e9ntesis de su nutrida agenda en Ituzaing\u00f3, el gobernador Gustavo Vald\u00e9s habl\u00f3 en exclusiva con Radio Dos a trav\u00e9s de una entrevista lograda por el colega Carlos Sosa. Consultado por eventuales nombres para su reemplazo, el mandatario fue contundente: &#8220;no es el momento de hablar de candidaturas. En su momento, vamos a convocar a los radicales y a los socios de la alianza para definir eso&#8221;, dijo. Vald\u00e9s encabez\u00f3 una serie de inauguraciones en su localidad de origen.<\/p>\n\n\n\n<p>&#8220;No es el momento de hablar de candidaturas. Vamos a convocar a elecciones, y luego&nbsp; vamos a hablar con el radicalismo y luego con los socios para definir eso&#8221;, expres\u00f3 contundente Gustavo Vald\u00e9s, desde Ituzaing\u00f3, en una entrevista brindada al programa Antes que se Imprima, conducido por Ra\u00fal Acevedo.<\/p>\n\n\n\n<p>El mandatario se refiri\u00f3 a las inauguraciones realizadas en la localidad: &#8220;habilitamos desag\u00fces pluviales en el barrio Rio Paran\u00e1, que era una zona donde se inundaba habitualmente. Estamos poniendo un desag\u00fce con doble ca\u00f1os de dos metros cada uno, que son similares a los que estamos colocando en la avenida Nini Flores en Capital&#8221;<\/p>\n\n\n\n<p>&#8220;Estamos acompa\u00f1ando la gesti\u00f3n de Juan Pablo Vald\u00e9s. Y con \u00e9l analizamos lo beneficioso que significa recuperar la capacidad financiera de los municipios para hacer obras p\u00fablicas. L\u00f3gicamente eso tiene su correlato con la colaboraci\u00f3n de la Provincia&#8221;, dijo<\/p>\n\n\n\n<p>&#8220;En Ituzaing\u00f3 est\u00e1n haciendo entre 5 a 6 cuadras de hormigon por semana. El crecimient de Ia localidad es incre\u00edble. Nosotros vemos con agrado ese crecimiento&#8221;, agreg\u00f3.<\/p>\n\n\n\n<p>Vald\u00e9s, se recuerda, encabez\u00f3 la inauguraci\u00f3n de 24 cuadras de pavimento de hormig\u00f3n, en el barrio 100 viviendas. Y habilit\u00f3 50 cuadras de iluminaci\u00f3n LED, en el B\u00b0 San Francisco.<\/p>\n\n\n\n<p>Por otra parte, el mi\u00e9rcoles 2 de abril, a las 18 presidir\u00e1 el acto central en conmemoraci\u00f3n al 43\u00b0 Aniversario de la Gesta de Malvinas, en el Cors\u00f3dromo Dolores &#8220;Lolocha&#8221; Ojeda, por 9 de Julio y Paran\u00e1.<\/p>\n","protected":false},"excerpt":{"rendered":"<p>En un par\u00e9ntesis de su nutrida agenda en Ituzaing\u00f3, el gobernador Gustavo Vald\u00e9s habl\u00f3 en exclusiva con Radio Dos a trav\u00e9s de una entrevista lograda por el colega Carlos Sosa.&hellip; <\/p>\n","protected":false},"author":4,"featured_media":199957,"comment_status":"closed","ping_status":"open","sticky":false,"template":"","format":"standard","meta":{"footnotes":""},"categories":[3],"tags":[],"class_list":["post-199937","post","type-post","status-publish","format-standard","has-post-thumbnail","hentry","category-politica"],"_links":{"self":[{"href":"https:\/\/corrientesdetarde.com\/index.php\/wp-json\/wp\/v2\/posts\/199937","targetHints":{"allow":["GET"]}}],"collection":[{"href":"https:\/\/corrientesdetarde.com\/index.php\/wp-json\/wp\/v2\/posts"}],"about":[{"href":"https:\/\/corrientesdetarde.com\/index.php\/wp-json\/wp\/v2\/types\/post"}],"author":[{"embeddable":true,"href":"https:\/\/corrientesdetarde.com\/index.php\/wp-json\/wp\/v2\/users\/4"}],"replies":[{"embeddable":true,"href":"https:\/\/corrientesdetarde.com\/index.php\/wp-json\/wp\/v2\/comments?post=199937"}],"version-history":[{"count":1,"href":"https:\/\/corrientesdetarde.com\/index.php\/wp-json\/wp\/v2\/posts\/199937\/revisions"}],"predecessor-version":[{"id":199958,"href":"https:\/\/corrientesdetarde.com\/index.php\/wp-json\/wp\/v2\/posts\/199937\/revisions\/199958"}],"wp:featuredmedia":[{"embeddable":true,"href":"https:\/\/corrientesdetarde.com\/index.php\/wp-json\/wp\/v2\/media\/199957"}],"wp:attachment":[{"href":"https:\/\/corrientesdetarde.com\/index.php\/wp-json\/wp\/v2\/media?parent=199937"}],"wp:term":[{"taxonomy":"category","embeddable":true,"href":"https:\/\/corrientesdetarde.com\/index.php\/wp-json\/wp\/v2\/categories?post=199937"},{"taxonomy":"post_tag","embeddable":true,"href":"https:\/\/corrientesdetarde.com\/index.php\/wp-json\/wp\/v2\/tags?post=199937"}],"curies":[{"name":"wp","href":"https:\/\/api.w.org\/{rel}","templated":true}]}}