{"id":199940,"date":"2025-04-01T20:38:43","date_gmt":"2025-04-01T23:38:43","guid":{"rendered":"https:\/\/corrientesdetarde.com\/?p=199940"},"modified":"2025-04-01T20:38:47","modified_gmt":"2025-04-01T23:38:47","slug":"vacunacion-en-corrientes-los-tutores-tienen-la-responsabilidad-de-completar-los-esquemas-de-los-chicos-es-un-derecho-y-una-obligacion","status":"publish","type":"post","link":"https:\/\/corrientesdetarde.com\/index.php\/locales\/vacunacion-en-corrientes-los-tutores-tienen-la-responsabilidad-de-completar-los-esquemas-de-los-chicos-es-un-derecho-y-una-obligacion\/","title":{"rendered":"Vacunaci\u00f3n en Corrientes: &#8220;Los tutores tienen la responsabilidad de completar los esquemas de los chicos, es un derecho y una obligaci\u00f3n&#8221;"},"content":{"rendered":"\n<p>Autoridades de la cartera sanitaria recordaron la importancia de la colocaci\u00f3n de dosis para prevenir enfermedades. El titular del Ministerio, en rueda de prensa, pidi\u00f3 que se acerquen a los vacunatorios.<\/p>\n\n\n\n<p>El ministro de Salud P\u00fablica, Ricardo Cardozo, inst\u00f3 a completar esquemas de vacunaci\u00f3n obligatorios y, a los grupos que corresponda, colocarse la antigripal y contra Covid-19. &nbsp;En rueda de prensa, expusieron la directora general de Epidemiolog\u00eda, Angelina Bobadilla, y la directora de Inmunizaciones, Marina Cantero. Tambi\u00e9n, estuvo presente la subsecretaria de Atenci\u00f3n Primaria de la Salud (APS), Alicia Pereira.<\/p>\n\n\n\n<p>&#8220;Hay que aprovechar el momento del a\u00f1o, el inicio escolar, para vacunarse y prevenir enfermedades. Tenemos que insistir en la importancia de la vacunaci\u00f3n en los chicos, pero tambi\u00e9n en los mayores. Es un tema fundamental. Hay un brote de Sarampi\u00f3n y tenemos una vacuna que nos protege contra esta enfermedad y otras. &nbsp;Existe una tendencia global a no darle importancia a la vacunaci\u00f3n y eso significa un retroceso en la civilizaci\u00f3n. Est\u00e1n poniendo en riesgo la vida de las personas&#8221;, remarc\u00f3 el ministro de Salud.<\/p>\n\n\n\n<p>En este sentido, dijo que &#8220;hay que completar los esquemas y necesitamos la colaboraci\u00f3n de los medios para que transmitan este mensaje&#8221;. A la vez, resalt\u00f3 que los tutores &#8220;tienen la responsabilidad de vacunar a los chicos, es un derecho y una obligaci\u00f3n&#8221;.<\/p>\n\n\n\n<p>La doctora Bobadilla explic\u00f3 que el Sarampi\u00f3n es una enfermedad altamente contagiosa, que puede presentarse en todas las edades pero que mayor gravedad en ni\u00f1os menores de 5 a\u00f1os o con desnutrici\u00f3n.<\/p>\n\n\n\n<p>Adem\u00e1s, se\u00f1al\u00f3 que genera graves complicaciones respiratorias. La transmisi\u00f3n es mediante gotas de aire de la nariz, boca o garganta de una persona infectada. No existe ning\u00fan tratamiento antiviral espec\u00edfico contra el virus del Sarampi\u00f3n, s\u00f3lo existen medidas de sost\u00e9n cl\u00ednico y de sus complicaciones. Se previene con la vacunaci\u00f3n.<\/p>\n\n\n\n<p>A la vez, sostuvo que hay una alerta epidemiol\u00f3gica de Fiebre Amarilla en Am\u00e9rica y que se coloca una vez en la vida una \u00fanica dosis. En cuanto a Dengue, precis\u00f3 los datos a nivel nacional y local.<\/p>\n\n\n\n<p>Vacunas<\/p>\n\n\n\n<p>Por su parte, la directora de Inmunizaci\u00f3n, Marina Cantero, precis\u00f3 que la Triple Viral debe colocarse ni\u00f1os y ni\u00f1as, su primera dosis, al a\u00f1o de vida y un refuerzo a los 5 a\u00f1os. Toda persona a partir de los 5 a\u00f1os debe acreditar 2 dosis de vacuna con componentes contra Sarampi\u00f3n, Rub\u00e9ola y Paperas aplicadas despu\u00e9s del a\u00f1o de vida. Las personas nacidas antes del a\u00f1o 1965 se consideran inmunes por haber estado expuestas a ambos virus.<\/p>\n\n\n\n<p>La Antigripal, est\u00e1 dirigida al personal de salud; ni\u00f1os y ni\u00f1as de 6 a 24 meses (deben recibir dos dosis separadas al menos de 4 semanas); embarazadas; pu\u00e9rperas; mayores de 65 a\u00f1os y personas 2 a 64 a\u00f1os (con certificado especificando su patolog\u00eda).<\/p>\n\n\n\n<p>La Antineumoc\u00f3cica 13, deben recibir ni\u00f1as y ni\u00f1os: primera dosis a los 2 meses; segunda dosis a los 4 meses y refuerzo a los12 meses de edad.<\/p>\n\n\n\n<p>La Antineumoc\u00f3cica 20, est\u00e1 dirigida a personas de 5 a 64 a\u00f1os con enfermedades cr\u00f3nicas con inmunocompromiso, f\u00edstula l\u00edquido cefalorraqu\u00eddeo (LCR) e implante coclear: una dosis; personas de 65 a\u00f1os y m\u00e1s: una dosis; personas receptoras de trasplante de c\u00e9lulas hematopoy\u00e9ticas (TCH) 3 dosis separadas de 4 semanas y una cuarta dosis a partir de los 6 meses de la tercera dosis.<\/p>\n\n\n\n<p>Por Covid-19, un refuerzo cada 6 meses: Embarazadas, personas con inmunocompromiso y personas de 50 a\u00f1os en adelante. Y, refuerzo anual: personas entre 6 meses y 49 a\u00f1os inclusive sin comorbilidades, personas menores de 50 a\u00f1os con comorbilidades no inmunosupresoras (enfermedades cr\u00f3nicas, obesidad), personal de salud y personal estrat\u00e9gico.<\/p>\n\n\n\n<p>La poblaci\u00f3n que no tiene recomendaci\u00f3n de vacunarse contra el Dengue: Hipersensibilidad a los principios activos o a cualquiera de los excipientes o hipersensibilidad a una dosis previa de Qdenga; personas con inmunodeficiencia cong\u00e9nita o adquirida, incluidas las terapias inmunosupresoras como la quimioterapia o dosis altas de corticosteroides sist\u00e9micos; personas con infecci\u00f3n por virus de la inmunodeficiencia humana (VIH) sintom\u00e1tica o con infecci\u00f3n por VIH asintom\u00e1tica y; mujeres embarazadas y en periodo de lactancia.<\/p>\n","protected":false},"excerpt":{"rendered":"<p>Autoridades de la cartera sanitaria recordaron la importancia de la colocaci\u00f3n de dosis para prevenir enfermedades. El titular del Ministerio, en rueda de prensa, pidi\u00f3 que se acerquen a los&hellip; <\/p>\n","protected":false},"author":4,"featured_media":199941,"comment_status":"closed","ping_status":"open","sticky":false,"template":"","format":"standard","meta":{"footnotes":""},"categories":[8],"tags":[],"class_list":["post-199940","post","type-post","status-publish","format-standard","has-post-thumbnail","hentry","category-locales"],"_links":{"self":[{"href":"https:\/\/corrientesdetarde.com\/index.php\/wp-json\/wp\/v2\/posts\/199940","targetHints":{"allow":["GET"]}}],"collection":[{"href":"https:\/\/corrientesdetarde.com\/index.php\/wp-json\/wp\/v2\/posts"}],"about":[{"href":"https:\/\/corrientesdetarde.com\/index.php\/wp-json\/wp\/v2\/types\/post"}],"author":[{"embeddable":true,"href":"https:\/\/corrientesdetarde.com\/index.php\/wp-json\/wp\/v2\/users\/4"}],"replies":[{"embeddable":true,"href":"https:\/\/corrientesdetarde.com\/index.php\/wp-json\/wp\/v2\/comments?post=199940"}],"version-history":[{"count":1,"href":"https:\/\/corrientesdetarde.com\/index.php\/wp-json\/wp\/v2\/posts\/199940\/revisions"}],"predecessor-version":[{"id":199942,"href":"https:\/\/corrientesdetarde.com\/index.php\/wp-json\/wp\/v2\/posts\/199940\/revisions\/199942"}],"wp:featuredmedia":[{"embeddable":true,"href":"https:\/\/corrientesdetarde.com\/index.php\/wp-json\/wp\/v2\/media\/199941"}],"wp:attachment":[{"href":"https:\/\/corrientesdetarde.com\/index.php\/wp-json\/wp\/v2\/media?parent=199940"}],"wp:term":[{"taxonomy":"category","embeddable":true,"href":"https:\/\/corrientesdetarde.com\/index.php\/wp-json\/wp\/v2\/categories?post=199940"},{"taxonomy":"post_tag","embeddable":true,"href":"https:\/\/corrientesdetarde.com\/index.php\/wp-json\/wp\/v2\/tags?post=199940"}],"curies":[{"name":"wp","href":"https:\/\/api.w.org\/{rel}","templated":true}]}}