{"id":199951,"date":"2025-04-01T21:06:40","date_gmt":"2025-04-02T00:06:40","guid":{"rendered":"https:\/\/corrientesdetarde.com\/?p=199951"},"modified":"2025-04-01T21:06:44","modified_gmt":"2025-04-02T00:06:44","slug":"recuperan-una-moto-que-robaron-dentro-de-una-escuela-en-corrientes","status":"publish","type":"post","link":"https:\/\/corrientesdetarde.com\/index.php\/policiales\/recuperan-una-moto-que-robaron-dentro-de-una-escuela-en-corrientes\/","title":{"rendered":"Recuperan una moto que robaron dentro de una escuela en Corrientes"},"content":{"rendered":"\n<p>Efectivos de la Comisar\u00eda 16\u00aa lograron recuperar una motocicleta Zanella ZB 110 cc, robada ayer en el interior de la Escuela N\u00ba 599 del barrio Santa Rita de Corrientes. Gracias a una filmaci\u00f3n aportada por vecinos, identificaron a un posible autor del hecho y montaron vigilancia en un domicilio del barrio Popular.<\/p>\n\n\n\n<p>En horas de la ma\u00f1ana, demoraron a un sujeto que sal\u00eda del lugar con una motocicleta parcialmente desarmada y con pl\u00e1sticos de color rojo.<\/p>\n\n\n\n<p>Tras su traslado a la dependencia policial, se confirm\u00f3 que se trataba del rodado sustra\u00eddo, el cual hab\u00eda sido modificado.<\/p>\n\n\n\n<p>Tanto el detenido como la motocicleta quedaron a disposici\u00f3n de la Justicia.<\/p>\n","protected":false},"excerpt":{"rendered":"<p>Efectivos de la Comisar\u00eda 16\u00aa lograron recuperar una motocicleta Zanella ZB 110 cc, robada ayer en el interior de la Escuela N\u00ba 599 del barrio Santa Rita de Corrientes. Gracias&hellip; <\/p>\n","protected":false},"author":4,"featured_media":199952,"comment_status":"closed","ping_status":"open","sticky":false,"template":"","format":"standard","meta":{"footnotes":""},"categories":[33],"tags":[],"class_list":["post-199951","post","type-post","status-publish","format-standard","has-post-thumbnail","hentry","category-policiales"],"_links":{"self":[{"href":"https:\/\/corrientesdetarde.com\/index.php\/wp-json\/wp\/v2\/posts\/199951","targetHints":{"allow":["GET"]}}],"collection":[{"href":"https:\/\/corrientesdetarde.com\/index.php\/wp-json\/wp\/v2\/posts"}],"about":[{"href":"https:\/\/corrientesdetarde.com\/index.php\/wp-json\/wp\/v2\/types\/post"}],"author":[{"embeddable":true,"href":"https:\/\/corrientesdetarde.com\/index.php\/wp-json\/wp\/v2\/users\/4"}],"replies":[{"embeddable":true,"href":"https:\/\/corrientesdetarde.com\/index.php\/wp-json\/wp\/v2\/comments?post=199951"}],"version-history":[{"count":1,"href":"https:\/\/corrientesdetarde.com\/index.php\/wp-json\/wp\/v2\/posts\/199951\/revisions"}],"predecessor-version":[{"id":199953,"href":"https:\/\/corrientesdetarde.com\/index.php\/wp-json\/wp\/v2\/posts\/199951\/revisions\/199953"}],"wp:featuredmedia":[{"embeddable":true,"href":"https:\/\/corrientesdetarde.com\/index.php\/wp-json\/wp\/v2\/media\/199952"}],"wp:attachment":[{"href":"https:\/\/corrientesdetarde.com\/index.php\/wp-json\/wp\/v2\/media?parent=199951"}],"wp:term":[{"taxonomy":"category","embeddable":true,"href":"https:\/\/corrientesdetarde.com\/index.php\/wp-json\/wp\/v2\/categories?post=199951"},{"taxonomy":"post_tag","embeddable":true,"href":"https:\/\/corrientesdetarde.com\/index.php\/wp-json\/wp\/v2\/tags?post=199951"}],"curies":[{"name":"wp","href":"https:\/\/api.w.org\/{rel}","templated":true}]}}