{"id":199964,"date":"2025-04-01T23:33:22","date_gmt":"2025-04-02T02:33:22","guid":{"rendered":"https:\/\/corrientesdetarde.com\/?p=199964"},"modified":"2025-04-01T23:33:26","modified_gmt":"2025-04-02T02:33:26","slug":"estados-unidos-deporto-a-mas-de-2-000-ecuatorianos-durante-el-primer-trimestre","status":"publish","type":"post","link":"https:\/\/corrientesdetarde.com\/index.php\/internacionales\/estados-unidos-deporto-a-mas-de-2-000-ecuatorianos-durante-el-primer-trimestre\/","title":{"rendered":"Estados Unidos deport\u00f3 a m\u00e1s de 2.000 ecuatorianos durante el primer trimestre"},"content":{"rendered":"\n<h2 class=\"wp-block-heading\">Se trata de personas que estaban en situaci\u00f3n irregular.<\/h2>\n\n\n\n<p><strong>Estados Unidos deport\u00f3 a 2.190 migrantes irregulares a Ecuador en el primer trimestre de 2025, seg\u00fan un balance difundido hoy por la canciller\u00eda del pa\u00eds sudamericano.<\/strong><\/p>\n\n\n\n<p>De acuerdo con el Ministerio de Relaciones Exteriores y Movilidad Humana,&nbsp;<strong>la cifra aumentar\u00e1,&nbsp;<\/strong>ya que en los pr\u00f3ximos d\u00edas est\u00e1 previsto que aterricen nuevos vuelos de deportaci\u00f3n.<\/p>\n\n\n\n<p><strong>&#8220;Se trata de vuelos regulares programados cada semana (&#8230;) que traen personas que han sido interceptadas ingresando irregularmente a Estados Unidos y han sido deportadas por ese motivo&#8221;,<\/strong>&nbsp;precis\u00f3.<\/p>\n\n\n\n<p>Aclar\u00f3 que &#8220;no se trata de residentes regulares, con papeles en regla, ni se est\u00e1n haciendo &#8216;redadas&#8217; al azar para deportar gente&#8221;.<\/p>\n\n\n\n<p>La canciller\u00eda a\u00f1adi\u00f3 que los vuelos de deportaci\u00f3n de Estados Unidos llegan a Ecuador de manera regular desde el a\u00f1o 2005, con una frecuencia de dos o tres veces por semana.<\/p>\n\n\n\n<p>Seg\u00fan los registros de la canciller\u00eda,&nbsp;<strong>en los dos \u00faltimos a\u00f1os se contabiliz\u00f3 la cifra r\u00e9cord de 32.130 ecuatorianos deportados de Estados Unidos,&nbsp;<\/strong>de ellos 18.449 en 2023 y 13.681 en 2024.<\/p>\n\n\n\n<p>Estas cifras superan a las deportaciones registradas en los a\u00f1os 2019 (1.490), 2020 (3.357), 2021 (6.383) y 2022 (3.770), de acuerdo con las estad\u00edsticas de la canciller\u00eda.<\/p>\n\n\n\n<p><strong>Frente a las nuevas medidas migratorias emprendidas por el Gobierno de Donald Trump, Ecuador ha ofrecido a los deportados 470 d\u00f3lares (salario m\u00ednimo) por tres meses para facilitar su reinserci\u00f3n en el pa\u00eds, adem\u00e1s de otras ayudas como programas de capacitaci\u00f3n, estudios y becas para abrirles nuevas oportunidades.<\/strong><\/p>\n\n\n\n<p>El presidente ecuatoriano, Daniel Noboa, dijo este martes en una entrevista radial que los ecuatorianos no est\u00e1n en la lista de prioridad de la pol\u00edtica de deportaciones emprendida por el&nbsp;<br>Gobierno de Trump.<\/p>\n\n\n\n<p>En Estados Unidos existe una gran comunidad de migrantes ecuatorianos y se estima que en ese pa\u00eds residen unos 600.000 connacionales.<\/p>\n","protected":false},"excerpt":{"rendered":"<p>Se trata de personas que estaban en situaci\u00f3n irregular. Estados Unidos deport\u00f3 a 2.190 migrantes irregulares a Ecuador en el primer trimestre de 2025, seg\u00fan un balance difundido hoy por&hellip; <\/p>\n","protected":false},"author":4,"featured_media":199965,"comment_status":"closed","ping_status":"open","sticky":false,"template":"","format":"standard","meta":{"footnotes":""},"categories":[11],"tags":[],"class_list":["post-199964","post","type-post","status-publish","format-standard","has-post-thumbnail","hentry","category-internacionales"],"_links":{"self":[{"href":"https:\/\/corrientesdetarde.com\/index.php\/wp-json\/wp\/v2\/posts\/199964","targetHints":{"allow":["GET"]}}],"collection":[{"href":"https:\/\/corrientesdetarde.com\/index.php\/wp-json\/wp\/v2\/posts"}],"about":[{"href":"https:\/\/corrientesdetarde.com\/index.php\/wp-json\/wp\/v2\/types\/post"}],"author":[{"embeddable":true,"href":"https:\/\/corrientesdetarde.com\/index.php\/wp-json\/wp\/v2\/users\/4"}],"replies":[{"embeddable":true,"href":"https:\/\/corrientesdetarde.com\/index.php\/wp-json\/wp\/v2\/comments?post=199964"}],"version-history":[{"count":1,"href":"https:\/\/corrientesdetarde.com\/index.php\/wp-json\/wp\/v2\/posts\/199964\/revisions"}],"predecessor-version":[{"id":199966,"href":"https:\/\/corrientesdetarde.com\/index.php\/wp-json\/wp\/v2\/posts\/199964\/revisions\/199966"}],"wp:featuredmedia":[{"embeddable":true,"href":"https:\/\/corrientesdetarde.com\/index.php\/wp-json\/wp\/v2\/media\/199965"}],"wp:attachment":[{"href":"https:\/\/corrientesdetarde.com\/index.php\/wp-json\/wp\/v2\/media?parent=199964"}],"wp:term":[{"taxonomy":"category","embeddable":true,"href":"https:\/\/corrientesdetarde.com\/index.php\/wp-json\/wp\/v2\/categories?post=199964"},{"taxonomy":"post_tag","embeddable":true,"href":"https:\/\/corrientesdetarde.com\/index.php\/wp-json\/wp\/v2\/tags?post=199964"}],"curies":[{"name":"wp","href":"https:\/\/api.w.org\/{rel}","templated":true}]}}