{"id":199967,"date":"2025-04-01T23:42:37","date_gmt":"2025-04-02T02:42:37","guid":{"rendered":"https:\/\/corrientesdetarde.com\/?p=199967"},"modified":"2025-04-01T23:42:41","modified_gmt":"2025-04-02T02:42:41","slug":"brasil-asumio-presidencia-del-consejo-permanente-de-la-oea","status":"publish","type":"post","link":"https:\/\/corrientesdetarde.com\/index.php\/internacionales\/brasil-asumio-presidencia-del-consejo-permanente-de-la-oea\/","title":{"rendered":"Brasil asumi\u00f3 presidencia del Consejo Permanente de la OEA"},"content":{"rendered":"\n<h2 class=\"wp-block-heading\">Seg\u00fan la canciller\u00eda &#8220;se guiar\u00e1 por el multilateralismo y el derecho internacional&#8221;.<\/h2>\n\n\n\n<p><strong>Brasil asumi\u00f3 hoy la presidencia del Consejo Permanente de la Organizaci\u00f3n de los Estados Americanos (OEA) guiado &#8220;por su firme compromiso con el multilateralismo y el derecho internacional&#8221;.<\/strong><\/p>\n\n\n\n<p>&#8220;Brasil valora la OEA como un espacio fundamental para la democracia, la paz, los derechos humanos y la seguridad en la regi\u00f3n, y considera esencial que la Organizaci\u00f3n impulse su pilar&nbsp;de desarrollo, con vistas a beneficiar directamente a los pueblos de las Am\u00e9ricas&#8221;, apunt\u00f3 la canciller\u00eda brasile\u00f1a en un comunicado.<\/p>\n\n\n\n<p>&#8220;Como presidente del Consejo Permanente,&nbsp;<strong>Brasil se guiar\u00e1 por su firme compromiso con el multilateralismo y el derecho internacional,<\/strong>&nbsp;trabajando para mejorar las reglas de procedimiento con vistas a aumentar la transparencia, la previsibilidad y la seguridad jur\u00eddica en las negociaciones y deliberaciones&#8221;, afirm\u00f3.<\/p>\n\n\n\n<p><strong>El Consejo Permanente es el \u00f3rgano pol\u00edtico m\u00e1s importante de la OEA despu\u00e9s de la Asamblea General y supervisa la implementaci\u00f3n de los mandatos adoptados por los Estados miembros.<\/strong><\/p>\n\n\n\n<p><strong>El mandato de Brasil concluir\u00e1 el 30 de junio de 2025.<\/strong><\/p>\n\n\n\n<p>Seg\u00fan el Palacio de Itamaraty, sede de la canciller\u00eda brasile\u00f1a, el objetivo es crear un ambiente favorable a la b\u00fasqueda de soluciones conjuntas para los desaf\u00edos comunes, lo que requiere garantizar la oportunidad de participaci\u00f3n activa e informada de todas las delegaciones en los debates y en los procesos de toma de decisiones, sin distinci\u00f3n alguna.<\/p>\n\n\n\n<p>&#8220;La igualdad soberana de los Estados, consagrada en la Carta de la OEA, es un principio inalienable&#8221;, enfatiz\u00f3.<\/p>\n\n\n\n<p>Adem\u00e1s de su compromiso con negociaciones abiertas, transparentes e inclusivas, Brasil pretende intensificar sus esfuerzos en el \u00e1rea de la i<strong>nclusi\u00f3n social,&nbsp;<\/strong>creando sinergias&nbsp;<br>entre el sistema interamericano y la Alianza Global contra el Hambre y la Pobreza, a trav\u00e9s de una estrecha coordinaci\u00f3n entre el Consejo Permanente y el Consejo de Desarrollo Integral.<\/p>\n\n\n\n<p>En este segundo trimestre del a\u00f1o, corresponder\u00e1 tambi\u00e9n a la Presidencia brasile\u00f1a preparar la elecci\u00f3n del Secretario General Adjunto, organizar la presentaci\u00f3n de candidatos a la Comisi\u00f3n&nbsp;Interamericana de Derechos Humanos y acompa\u00f1ar la transici\u00f3n y toma de posesi\u00f3n del nuevo Secretario General de la OEA, Albert Ramdin, elegido el pasado 10 de marzo.<\/p>\n","protected":false},"excerpt":{"rendered":"<p>Seg\u00fan la canciller\u00eda &#8220;se guiar\u00e1 por el multilateralismo y el derecho internacional&#8221;. Brasil asumi\u00f3 hoy la presidencia del Consejo Permanente de la Organizaci\u00f3n de los Estados Americanos (OEA) guiado &#8220;por&hellip; <\/p>\n","protected":false},"author":4,"featured_media":199968,"comment_status":"closed","ping_status":"open","sticky":false,"template":"","format":"standard","meta":{"footnotes":""},"categories":[11],"tags":[],"class_list":["post-199967","post","type-post","status-publish","format-standard","has-post-thumbnail","hentry","category-internacionales"],"_links":{"self":[{"href":"https:\/\/corrientesdetarde.com\/index.php\/wp-json\/wp\/v2\/posts\/199967","targetHints":{"allow":["GET"]}}],"collection":[{"href":"https:\/\/corrientesdetarde.com\/index.php\/wp-json\/wp\/v2\/posts"}],"about":[{"href":"https:\/\/corrientesdetarde.com\/index.php\/wp-json\/wp\/v2\/types\/post"}],"author":[{"embeddable":true,"href":"https:\/\/corrientesdetarde.com\/index.php\/wp-json\/wp\/v2\/users\/4"}],"replies":[{"embeddable":true,"href":"https:\/\/corrientesdetarde.com\/index.php\/wp-json\/wp\/v2\/comments?post=199967"}],"version-history":[{"count":1,"href":"https:\/\/corrientesdetarde.com\/index.php\/wp-json\/wp\/v2\/posts\/199967\/revisions"}],"predecessor-version":[{"id":199969,"href":"https:\/\/corrientesdetarde.com\/index.php\/wp-json\/wp\/v2\/posts\/199967\/revisions\/199969"}],"wp:featuredmedia":[{"embeddable":true,"href":"https:\/\/corrientesdetarde.com\/index.php\/wp-json\/wp\/v2\/media\/199968"}],"wp:attachment":[{"href":"https:\/\/corrientesdetarde.com\/index.php\/wp-json\/wp\/v2\/media?parent=199967"}],"wp:term":[{"taxonomy":"category","embeddable":true,"href":"https:\/\/corrientesdetarde.com\/index.php\/wp-json\/wp\/v2\/categories?post=199967"},{"taxonomy":"post_tag","embeddable":true,"href":"https:\/\/corrientesdetarde.com\/index.php\/wp-json\/wp\/v2\/tags?post=199967"}],"curies":[{"name":"wp","href":"https:\/\/api.w.org\/{rel}","templated":true}]}}