{"id":199970,"date":"2025-04-01T23:45:12","date_gmt":"2025-04-02T02:45:12","guid":{"rendered":"https:\/\/corrientesdetarde.com\/?p=199970"},"modified":"2025-04-01T23:45:14","modified_gmt":"2025-04-02T02:45:14","slug":"actos-actividades-culturales-deportivas-yespectaculos-para-celebrar-el-mes-de-corrientes","status":"publish","type":"post","link":"https:\/\/corrientesdetarde.com\/index.php\/actualidad\/actos-actividades-culturales-deportivas-yespectaculos-para-celebrar-el-mes-de-corrientes\/","title":{"rendered":"Actos, actividades culturales, deportivas yespect\u00e1culos para celebrar el Mes de Corrientes"},"content":{"rendered":"\n<p><em>La Municipalidad prepar\u00f3 una atractiva programaci\u00f3n en el marco del aniversario 437\u00ba de la fundaci\u00f3n de la Ciudad de Corrientes. A partir de este mi\u00e9rcoles 2 al domingo 6 de abril se desarrollar\u00e1n las primeras propuestas. El jueves ser\u00e1 la velada apertura con m\u00fasica y danza, y el circuito tur\u00edstico \u201cDescubr\u00ed Corrientes\u201d suma recorridos y tendr\u00e1 como invitado a Enrique Galiana.<\/em><\/p>\n\n\n\n<p>La Municipalidad dio a conocer las actividades culturales, deportivas, shows y espect\u00e1culos abiertos para todos los vecinos, previstos entre este mi\u00e9rcoles y el domingo pr\u00f3ximo, en el marco del \u201cMes de Corrientes\u201d.<br><br>Este 2 de abril, feriado nacional por el D\u00eda del Veterano y los Ca\u00eddos en la guerra de Malvinas, se llevar\u00e1 a cabo desde las 11 un acto homenaje con puesta en valor y reinauguraci\u00f3n de la plaza Ex Combatientes de Malvinas del barrio Fray Jos\u00e9 de la Quintana.<br><br>El jueves 3 de abril, d\u00eda en que se conmemorar\u00e1 el 437\u00ba aniversario de la Fundaci\u00f3n de la Ciudad, tendr\u00e1 lugar a partir de las 20 en el anfiteatro Jos\u00e9 Hern\u00e1ndez la velada apertura del Mes de Corrientes, que contempla shows de artistas en vivo y la participaci\u00f3n de elencos estables municipales.<br><br>Desde las 17 habr\u00e1 paseos n\u00e1uticos guiados gratuitos por el r\u00edo Paran\u00e1 con salidas desde la guarder\u00eda n\u00e1utica Stella Maris (Gobernador L\u00f3pez 42), a cargo de Pedro Canoero. Las inscripciones para participar de los sorteos pueden realizarse a trav\u00e9s de la p\u00e1gina de Visit Corrientes. El link del formulario es:&nbsp;<a href=\"https:\/\/ciudaddecorrientes.us12.list-manage.com\/track\/click?u=253e4bcff71216c6af771c3c9&amp;id=d10665ea66&amp;e=17643edfa8\" target=\"_blank\" rel=\"noreferrer noopener\">https:\/\/forms.gle\/fP9tnomtfcqJ4qAX7<\/a><br><br>Tambi\u00e9n el viernes, desde las 18:30, se presentar\u00e1 en el Museo Casa Molinas -Carlos Pellegrini 937- la revista \u201cVivencias Correntinas\u201d, que estar\u00e1 a cargo de Gustavo Ojeda.<br><br>Hay que recordar que todos los viernes tiene lugar de 9 a 22 la Feria de Artesanos en la plaza Cabral. Id\u00e9ntica actividad se repetir\u00e1 el s\u00e1bado en el mismo horario, pero en costanera Sur y Las Heras.<br><br>En tanto que desde las 20 en el anfiteatro Jos\u00e9 Hern\u00e1ndez se realizar\u00e1 el traspaso de atributos a los representantes de los Carnavales Barriales 2025.<br><br>DESCUBRI CORRIENTES<br><br>Desde las 19 tendr\u00e1 lugar otro recorrido pedestre guiado por la plaza 25 de Mayo y alrededores, en el marco del circuito tur\u00edstico \u201cDescubr\u00ed Corrientes\u201d, con lugar de concentraci\u00f3n en la plaza 25 de Mayo. Las inscripciones se pueden realizar al siguiente link:&nbsp;<a href=\"https:\/\/ciudaddecorrientes.us12.list-manage.com\/track\/click?u=253e4bcff71216c6af771c3c9&amp;id=e8217939d7&amp;e=17643edfa8\" target=\"_blank\" rel=\"noreferrer noopener\">https:\/\/visitcorrientes.tur<\/a>.<br><br>Este programa tendr\u00e1 una particularidad especial este fin de semana con dos ediciones especiales. El s\u00e1bado se recorrer\u00e1 adem\u00e1s de la plaza, la Mansi\u00f3n Pamp\u00edn y Casa Mart\u00ednez y el domingo, desde las 18, en el marco del recorrido por el cementerio San Juan Bautista participar\u00e1 el historiador y escritor Enrique Eduardo Galiana, quien se referir\u00e1 a su libro \u201cAparecidos\u201d.<br><br>Dicha jornada contar\u00e1 con colectivos gratuitos para ir hasta el cementerio, cuyas unidades partir\u00e1n desde la plaza Cabral, previa inscripci\u00f3n de los interesados en sumarse al recorrido.<br><br>Desde las 19 del domingo se llevar\u00e1 a cabo el desfile \u201cEsencia Litoral\u201d en Kohaus, de calle Entre R\u00edos 659. La misma comprende la presentaci\u00f3n de colecciones destacadas de la moda correntina.<br><br>Y de 9 a 22, se presentar\u00e1 la Feria de Artesanos en avenida Juan Pablo II (costanera Sur) y Las Heras.<br><br>Adem\u00e1s en costanera Sur y Lavalle se lanzar\u00e1 la Marat\u00f3n 7 Puntas, con recorridos de 2, 5, 10 y 21 km. La jornada est\u00e1 prevista desde las 7 hasta las 12.<br><br>El domingo 6 de abril, desde las 17, se realizar\u00e1 la Popu Feria, un show de artistas independientes, juegos, ferias de emprendedores y mucho m\u00e1s, en el Espacio Cultural Mari\u00f1o ubicado en Santa Fe 847.<br><br>Desde las 17:30 a las 22:30, se presentar\u00e1 el programa Ciudad de Dise\u00f1o en el Paseo Terrazas del Paran\u00e1 (Costanera General San Mart\u00edn y Edison) con m\u00faltiples productos artesanales y creativos hechos por emprendedores de dise\u00f1o textiles, tejidos did\u00e1cticos y otros, todos acompa\u00f1ados por emprendedores gastron\u00f3micos locales.<br><br>Desde las 18 en la zona del pilet\u00f3n del parque Camba Cu\u00e1 se desarrollar\u00e1 el Festival Art\u00edstico de la Ciudad con shows musicales en vivo, feria circense, patio gastron\u00f3mico y dem\u00e1s actividades para los ni\u00f1os y ni\u00f1as de diversas edades.<\/p>\n\n\n\n<figure class=\"wp-block-image size-full\"><img loading=\"lazy\" decoding=\"async\" width=\"706\" height=\"897\" src=\"https:\/\/corrientesdetarde.com\/wp-content\/uploads\/2025\/04\/image-47.png\" alt=\"\" class=\"wp-image-199971\" srcset=\"https:\/\/corrientesdetarde.com\/wp-content\/uploads\/2025\/04\/image-47.png 706w, https:\/\/corrientesdetarde.com\/wp-content\/uploads\/2025\/04\/image-47-236x300.png 236w\" sizes=\"auto, (max-width: 706px) 100vw, 706px\" \/><\/figure>\n\n\n\n<figure class=\"wp-block-image size-full\"><img loading=\"lazy\" decoding=\"async\" width=\"826\" height=\"544\" src=\"https:\/\/corrientesdetarde.com\/wp-content\/uploads\/2025\/04\/image-48.png\" alt=\"\" class=\"wp-image-199972\" srcset=\"https:\/\/corrientesdetarde.com\/wp-content\/uploads\/2025\/04\/image-48.png 826w, https:\/\/corrientesdetarde.com\/wp-content\/uploads\/2025\/04\/image-48-300x198.png 300w, https:\/\/corrientesdetarde.com\/wp-content\/uploads\/2025\/04\/image-48-768x506.png 768w\" sizes=\"auto, (max-width: 826px) 100vw, 826px\" \/><\/figure>\n\n\n\n<figure class=\"wp-block-image size-full\"><img loading=\"lazy\" decoding=\"async\" width=\"716\" height=\"906\" src=\"https:\/\/corrientesdetarde.com\/wp-content\/uploads\/2025\/04\/image-49.png\" alt=\"\" class=\"wp-image-199973\" srcset=\"https:\/\/corrientesdetarde.com\/wp-content\/uploads\/2025\/04\/image-49.png 716w, https:\/\/corrientesdetarde.com\/wp-content\/uploads\/2025\/04\/image-49-237x300.png 237w\" sizes=\"auto, (max-width: 716px) 100vw, 716px\" \/><\/figure>\n\n\n\n<figure class=\"wp-block-image size-full\"><img loading=\"lazy\" decoding=\"async\" width=\"728\" height=\"899\" src=\"https:\/\/corrientesdetarde.com\/wp-content\/uploads\/2025\/04\/image-50.png\" alt=\"\" class=\"wp-image-199974\" srcset=\"https:\/\/corrientesdetarde.com\/wp-content\/uploads\/2025\/04\/image-50.png 728w, https:\/\/corrientesdetarde.com\/wp-content\/uploads\/2025\/04\/image-50-243x300.png 243w\" sizes=\"auto, (max-width: 728px) 100vw, 728px\" \/><\/figure>\n\n\n\n<figure class=\"wp-block-image size-full\"><img loading=\"lazy\" decoding=\"async\" width=\"725\" height=\"910\" src=\"https:\/\/corrientesdetarde.com\/wp-content\/uploads\/2025\/04\/image-51.png\" alt=\"\" class=\"wp-image-199975\" srcset=\"https:\/\/corrientesdetarde.com\/wp-content\/uploads\/2025\/04\/image-51.png 725w, https:\/\/corrientesdetarde.com\/wp-content\/uploads\/2025\/04\/image-51-239x300.png 239w\" sizes=\"auto, (max-width: 725px) 100vw, 725px\" \/><\/figure>\n\n\n\n<p><\/p>\n\n\n\n<figure class=\"wp-block-image size-full\"><img loading=\"lazy\" decoding=\"async\" width=\"726\" height=\"902\" src=\"https:\/\/corrientesdetarde.com\/wp-content\/uploads\/2025\/04\/image-52.png\" alt=\"\" class=\"wp-image-199976\" srcset=\"https:\/\/corrientesdetarde.com\/wp-content\/uploads\/2025\/04\/image-52.png 726w, https:\/\/corrientesdetarde.com\/wp-content\/uploads\/2025\/04\/image-52-241x300.png 241w\" sizes=\"auto, (max-width: 726px) 100vw, 726px\" \/><\/figure>\n","protected":false},"excerpt":{"rendered":"<p>La Municipalidad prepar\u00f3 una atractiva programaci\u00f3n en el marco del aniversario 437\u00ba de la fundaci\u00f3n de la Ciudad de Corrientes. A partir de este mi\u00e9rcoles 2 al domingo 6 de&hellip; <\/p>\n","protected":false},"author":4,"featured_media":199977,"comment_status":"closed","ping_status":"open","sticky":false,"template":"","format":"standard","meta":{"footnotes":""},"categories":[23],"tags":[],"class_list":["post-199970","post","type-post","status-publish","format-standard","has-post-thumbnail","hentry","category-actualidad"],"_links":{"self":[{"href":"https:\/\/corrientesdetarde.com\/index.php\/wp-json\/wp\/v2\/posts\/199970","targetHints":{"allow":["GET"]}}],"collection":[{"href":"https:\/\/corrientesdetarde.com\/index.php\/wp-json\/wp\/v2\/posts"}],"about":[{"href":"https:\/\/corrientesdetarde.com\/index.php\/wp-json\/wp\/v2\/types\/post"}],"author":[{"embeddable":true,"href":"https:\/\/corrientesdetarde.com\/index.php\/wp-json\/wp\/v2\/users\/4"}],"replies":[{"embeddable":true,"href":"https:\/\/corrientesdetarde.com\/index.php\/wp-json\/wp\/v2\/comments?post=199970"}],"version-history":[{"count":1,"href":"https:\/\/corrientesdetarde.com\/index.php\/wp-json\/wp\/v2\/posts\/199970\/revisions"}],"predecessor-version":[{"id":199978,"href":"https:\/\/corrientesdetarde.com\/index.php\/wp-json\/wp\/v2\/posts\/199970\/revisions\/199978"}],"wp:featuredmedia":[{"embeddable":true,"href":"https:\/\/corrientesdetarde.com\/index.php\/wp-json\/wp\/v2\/media\/199977"}],"wp:attachment":[{"href":"https:\/\/corrientesdetarde.com\/index.php\/wp-json\/wp\/v2\/media?parent=199970"}],"wp:term":[{"taxonomy":"category","embeddable":true,"href":"https:\/\/corrientesdetarde.com\/index.php\/wp-json\/wp\/v2\/categories?post=199970"},{"taxonomy":"post_tag","embeddable":true,"href":"https:\/\/corrientesdetarde.com\/index.php\/wp-json\/wp\/v2\/tags?post=199970"}],"curies":[{"name":"wp","href":"https:\/\/api.w.org\/{rel}","templated":true}]}}