{"id":199979,"date":"2025-04-01T23:48:52","date_gmt":"2025-04-02T02:48:52","guid":{"rendered":"https:\/\/corrientesdetarde.com\/?p=199979"},"modified":"2025-04-03T08:09:03","modified_gmt":"2025-04-03T11:09:03","slug":"en-ituzaingo-valdes-inauguro-infraestructura-vial-para-que-los-vecinos-vean-sus-recursos-devueltos-en-obras-publicas","status":"publish","type":"post","link":"https:\/\/corrientesdetarde.com\/index.php\/informacion-general\/en-ituzaingo-valdes-inauguro-infraestructura-vial-para-que-los-vecinos-vean-sus-recursos-devueltos-en-obras-publicas\/","title":{"rendered":"En Ituzaing\u00f3, Vald\u00e9s inaugur\u00f3 infraestructura vial para &#8220;que los vecinos vean sus recursos devueltos en obras p\u00fablicas&#8221;"},"content":{"rendered":"\n<p>El gobernador Gustavo Vald\u00e9s dej\u00f3 habilitado este martes 24 cuadras de pavimento y otras 50 de iluminaci\u00f3n LED en los barrios 100 Viviendas y San Francisco, respectivamente, en la localidad de Ituzaing\u00f3. A la vez, firm\u00f3 un convenio para la concreci\u00f3n de alumbrado p\u00fablico en otros tramos de la ciudad. Adem\u00e1s, destac\u00f3 la posibilidad de que los vecinos vean c\u00f3mo sus impuestos son devueltos en obras p\u00fablicas en la&nbsp;misma&nbsp;Comuna.<\/p>\n\n\n\n<figure class=\"wp-block-image size-large\"><img loading=\"lazy\" decoding=\"async\" width=\"1024\" height=\"681\" src=\"https:\/\/corrientesdetarde.com\/wp-content\/uploads\/2025\/04\/image-53-1024x681.png\" alt=\"\" class=\"wp-image-199981\" srcset=\"https:\/\/corrientesdetarde.com\/wp-content\/uploads\/2025\/04\/image-53-1024x681.png 1024w, https:\/\/corrientesdetarde.com\/wp-content\/uploads\/2025\/04\/image-53-300x199.png 300w, https:\/\/corrientesdetarde.com\/wp-content\/uploads\/2025\/04\/image-53-768x510.png 768w, https:\/\/corrientesdetarde.com\/wp-content\/uploads\/2025\/04\/image-53.png 1360w\" sizes=\"auto, (max-width: 1024px) 100vw, 1024px\" \/><\/figure>\n\n\n\n<p>En primera instancia tuvo lugar la inauguraci\u00f3n de la pavimentaci\u00f3n con hormig\u00f3n en el barrio 100 Viviendas. All\u00ed Vald\u00e9s&nbsp;destac\u00f3 el valor de recuperar las capacidades del Estado para hacer obra p\u00fablica, tanto en su dimensi\u00f3n provincial como municipal.<\/p>\n\n\n\n<p>Explic\u00f3 que esa recuperaci\u00f3n no se limita a la adquisici\u00f3n de herramientas, y record\u00f3 que la planta de hormig\u00f3n utilizada fue financiada por la provincia de Corrientes con recursos provenientes de las regal\u00edas de Yacyret\u00e1. El gobernador tambi\u00e9n aport\u00f3 datos que dimensionan la inversi\u00f3n: \u201cHoy una planta de hormig\u00f3n est\u00e1 entre 100 y 150 millones de pesos. Una cuadra como esta puede costar entre 30 y 60 millones, seg\u00fan el grosor y el tipo de suelo\u201d.<\/p>\n\n\n\n<p>Pero m\u00e1s all\u00e1 de los montos, insisti\u00f3 en que el eje est\u00e1 en c\u00f3mo se administra: \u201cLa planta no hace el asfalto por s\u00ed sola. Recuperar capacidades implica administrar correctamente los recursos de los vecinos, tener fondos bien direccionados a la obra p\u00fablica en cada municipio\u201d. Y remarc\u00f3: \u201cEso requiere una gesti\u00f3n eficiente de los impuestos, y que los ciudadanos vean que sus aportes se transforman en mejoras concretas\u201d.<\/p>\n\n\n\n<p>Vald\u00e9s tambi\u00e9n abord\u00f3 el rol del Estado en la ejecuci\u00f3n de infraestructura: \u201cEstoy seguro de que la calidad de vida de una familia cambia a partir de la obra p\u00fablica. No hay otra instituci\u00f3n, organizaci\u00f3n o sociedad civil capaz de hacerla, si no es la municipalidad, la provincia o la Naci\u00f3n. Salvo con alg\u00fan experimento de participaci\u00f3n p\u00fablico-privada, que en muchos casos no se aplica a contextos como este\u201d.<\/p>\n\n\n\n<p>Sobre el cierre, el mandatario provincial resalt\u00f3 el logro de la comuna: \u201cRecuperar capacidades tambi\u00e9n es tener metas. Ituzaing\u00f3 recuper\u00f3 su capacidad de hacer asfalto, y esta fue la primera prueba. Es m\u00e9rito de la Municipalidad, que demostr\u00f3 que puede generar confianza para desarrollar este tipo de obras\u201d.<\/p>\n\n\n\n<p>Finalmente, convoc\u00f3 a pensar la transformaci\u00f3n urbana en clave de seguridad y conectividad: \u201cHoy les dec\u00eda que los ituzaingue\u00f1os necesitaban un hito: unir Ituzaing\u00f3 por dentro. Que no se tenga que salir m\u00e1s a la Ruta 12, que ha costado muchas vidas. Ituzaing\u00f3 es una de las ciudades m\u00e1s largas de Corrientes \u2014tiene entre 17 y 24 kil\u00f3metros\u2014 y poder conectarla de punta a punta por dentro es un hito. Estamos a 150 metros de lograrlo. Eso tambi\u00e9n es inversi\u00f3n p\u00fablica y recuperaci\u00f3n de capacidades\u201d.<\/p>\n\n\n\n<p><strong>Iluminaci\u00f3n para el barrio San Francisco<\/strong><\/p>\n\n\n\n<p>Tras el corte de cintas en el 100 Viviendas, Vald\u00e9s y su comitiva se dirigieron al barrio San Francisco para hacer lo propio con la iluminaci\u00f3n LED de 50 cuadras. Durante el acto se firm\u00f3 un convenio Provincia-Municipio para iluminar tambi\u00e9n a las avenidas Santa Fe y Pedro Ferr\u00e9, con una inversi\u00f3n de 633 millones de pesos.<\/p>\n\n\n\n<p>El gobernador celebr\u00f3 el avance de una obra que, seg\u00fan afirm\u00f3, \u201cno solo tiene que ver con iluminaci\u00f3n, sino con seguridad y calidad de vida\u201d.<\/p>\n\n\n\n<p>En su discurso, Vald\u00e9s repas\u00f3 el camino que permiti\u00f3 a los municipios recuperar la inversi\u00f3n en alumbrado p\u00fablico. \u201cLa Direcci\u00f3n Provincial de Energ\u00eda (DPEC) cobraba el alumbrado p\u00fablico en la boleta de luz, pero no le transfer\u00eda esos recursos a las comunas, que son las que deben responder cuando un vecino reclama por una calle oscura\u201d, explic\u00f3.<\/p>\n\n\n\n<p>Luego de a\u00f1os de reclamos, se alcanz\u00f3 un acuerdo entre Provincia y municipios que permiti\u00f3 empezar a devolver lo recaudado. \u201cComenzamos a abonar por primera vez en a\u00f1os lo que se cobra por alumbrado p\u00fablico\u201d, destac\u00f3. Y subray\u00f3 que tambi\u00e9n saldaron una vieja deuda: \u201cPagamos todo lo que se deb\u00eda a CAMMESA durante ocho a\u00f1os\u201d.<\/p>\n\n\n\n<p>Lejos de limitarse a un aporte financiero, el gobernador explic\u00f3 que esa devoluci\u00f3n se materializa en mejoras concretas: \u201cLas luces LED consumen menos, iluminan m\u00e1s y alientan a los intendentes a extender las redes de alumbrado p\u00fablico\u201d.<\/p>\n\n\n\n<p>Vald\u00e9s destac\u00f3 la articulaci\u00f3n entre Provincia y Municipio en esta obra: \u201cParte del alumbrado lo hizo la Municipalidad de Ituzaing\u00f3 y otra parte la DPEC\u201d. \u201cLa iluminaci\u00f3n brinda seguridad\u201d, remarc\u00f3 el mandatario, y agreg\u00f3 que cuando una calle est\u00e1 oscura, \u201clo que genera es miedo\u201d. En cambio, con calles m\u00e1s iluminadas \u201cla gente puede caminar, transitar y andar con tranquilidad\u201d.<\/p>\n\n\n\n<p>Adem\u00e1s, anunci\u00f3 la inminente finalizaci\u00f3n de una obra clave para la ciudad: \u201cEstamos a 100 metros de terminar la avenida Pedro Ferr\u00e9, un acceso transversal que se suma a la Santa Fe, donde tambi\u00e9n hicimos una gran obra de desag\u00fce pluvial\u201d.<\/p>\n\n\n\n<p><strong>Intendente Juan Pablo Vald\u00e9s<\/strong><\/p>\n\n\n\n<p>El intendente de Ituzaing\u00f3, Juan Pablo Vald\u00e9s, en la ocasi\u00f3n expres\u00f3 su satisfacci\u00f3n por las cuadras inauguradas que consider\u00f3 que son \u201cel resultado de mucho esfuerzo, y trabajo\u201d, y a\u00f1adi\u00f3 que fueron creadas con \u201cel apoyo del Gobierno provincial, con una estrategia en devolver a las municipalidades estas capacidades\u201d:<\/p>\n\n\n\n<p>Asimismo, resalt\u00f3 el jefe Comunal que \u201chace poco tiempo pudimos adquirir una planta de hormig\u00f3n, e hicimos inversiones para comprar camiones, pusimos mano de obra municipal\u201d, y afirm\u00f3 que el trabajo junto a la Provincia \u201chace que podamos tener, como hoy, 24 cuadras de pavimento de hormig\u00f3n nuevas\u201d.<\/p>\n\n\n\n<p>Con lo que respecta, al sistema de luminarias inaugurado que abarca 50 cuadras, el intendente local indic\u00f3 que \u201cuna de las mayores demandas que vimos, cuando llegamos con todo el equipo, era la iluminaci\u00f3n\u201d, y agreg\u00f3 que se decidi\u00f3 trabajar en la soluci\u00f3n a dicho inconveniente.<\/p>\n\n\n\n<p>De tal manera, Vald\u00e9s resalt\u00f3 la complejidad de \u201csostener en el tiempo el sistema\u201d y para ello decidi\u00f3 \u201cjunto a los municipales, hacer esta f\u00e1brica de columnas, y tener todo un equipo t\u00e9cnico para que mantengan el alumbrado\u201d.<\/p>\n\n\n\n<p>En la oportunidad, el intendente resalt\u00f3 el trabajo mancomunado con la Provincia, resaltando la labor que realizaron en \u201cdesag\u00fce pluvial, que mediante lo realizado las inundaciones en este barrio no&nbsp;existen&nbsp;m\u00e1s\u201d.<\/p>\n\n\n\n<p><strong>Presencias<\/strong><\/p>\n\n\n\n<p>Acompa\u00f1aron al gobernador los ministros del Ejecutivo provincial de Turismo, Alejandra Eliciri; de Educaci\u00f3n, Pr\u00e1xedes L\u00f3pez; de Industria, Trabajo, y Comercio, Mariel Gabur; de Justicia, Juan Jos\u00e9 L\u00f3pez Desimoni; de Salud, Ricardo Cardozo; de Desarrollo Social, Ad\u00e1n Gaya; legisladores nacionales y provinciales; secretarios y subsecretarios de la Provincia y dem\u00e1s funcionarios del Poder Ejecutivo<\/p>\n","protected":false},"excerpt":{"rendered":"<p>El gobernador Gustavo Vald\u00e9s dej\u00f3 habilitado este martes 24 cuadras de pavimento y otras 50 de iluminaci\u00f3n LED en los barrios 100 Viviendas y San Francisco, respectivamente, en la localidad&hellip; <\/p>\n","protected":false},"author":4,"featured_media":199980,"comment_status":"closed","ping_status":"open","sticky":false,"template":"","format":"standard","meta":{"footnotes":""},"categories":[1],"tags":[],"class_list":["post-199979","post","type-post","status-publish","format-standard","has-post-thumbnail","hentry","category-informacion-general"],"_links":{"self":[{"href":"https:\/\/corrientesdetarde.com\/index.php\/wp-json\/wp\/v2\/posts\/199979","targetHints":{"allow":["GET"]}}],"collection":[{"href":"https:\/\/corrientesdetarde.com\/index.php\/wp-json\/wp\/v2\/posts"}],"about":[{"href":"https:\/\/corrientesdetarde.com\/index.php\/wp-json\/wp\/v2\/types\/post"}],"author":[{"embeddable":true,"href":"https:\/\/corrientesdetarde.com\/index.php\/wp-json\/wp\/v2\/users\/4"}],"replies":[{"embeddable":true,"href":"https:\/\/corrientesdetarde.com\/index.php\/wp-json\/wp\/v2\/comments?post=199979"}],"version-history":[{"count":1,"href":"https:\/\/corrientesdetarde.com\/index.php\/wp-json\/wp\/v2\/posts\/199979\/revisions"}],"predecessor-version":[{"id":199982,"href":"https:\/\/corrientesdetarde.com\/index.php\/wp-json\/wp\/v2\/posts\/199979\/revisions\/199982"}],"wp:featuredmedia":[{"embeddable":true,"href":"https:\/\/corrientesdetarde.com\/index.php\/wp-json\/wp\/v2\/media\/199980"}],"wp:attachment":[{"href":"https:\/\/corrientesdetarde.com\/index.php\/wp-json\/wp\/v2\/media?parent=199979"}],"wp:term":[{"taxonomy":"category","embeddable":true,"href":"https:\/\/corrientesdetarde.com\/index.php\/wp-json\/wp\/v2\/categories?post=199979"},{"taxonomy":"post_tag","embeddable":true,"href":"https:\/\/corrientesdetarde.com\/index.php\/wp-json\/wp\/v2\/tags?post=199979"}],"curies":[{"name":"wp","href":"https:\/\/api.w.org\/{rel}","templated":true}]}}