{"id":199983,"date":"2025-04-02T00:08:24","date_gmt":"2025-04-02T03:08:24","guid":{"rendered":"https:\/\/corrientesdetarde.com\/?p=199983"},"modified":"2025-04-02T00:08:28","modified_gmt":"2025-04-02T03:08:28","slug":"arca-la-recaudacion-tributaria-de-marzo-subio-7-en-terminos-reales","status":"publish","type":"post","link":"https:\/\/corrientesdetarde.com\/index.php\/economia\/arca-la-recaudacion-tributaria-de-marzo-subio-7-en-terminos-reales\/","title":{"rendered":"ARCA: La recaudaci\u00f3n tributaria de marzo subi\u00f3 7% en t\u00e9rminos reales"},"content":{"rendered":"\n<h2 class=\"wp-block-heading\">El crecimiento estuvo impulsado por un impuesto que creci\u00f3 m\u00e1s 100%.<\/h2>\n\n\n\n<p>La recaudaci\u00f3n de impuestos en marzo alcanz\u00f3 los $12,7 billones, lo que representa un crecimiento del 64,8% interanual en t\u00e9rminos nominales.&nbsp;<\/p>\n\n\n\n<p>Ajustado por inflaci\u00f3n, esto implica un aumento del 7% en t\u00e9rminos reales, consolidando una tendencia de recuperaci\u00f3n en los ingresos fiscales.<\/p>\n\n\n\n<figure class=\"wp-block-image size-full\"><img loading=\"lazy\" decoding=\"async\" width=\"720\" height=\"319\" src=\"https:\/\/corrientesdetarde.com\/wp-content\/uploads\/2025\/04\/image-54.png\" alt=\"\" class=\"wp-image-199984\" srcset=\"https:\/\/corrientesdetarde.com\/wp-content\/uploads\/2025\/04\/image-54.png 720w, https:\/\/corrientesdetarde.com\/wp-content\/uploads\/2025\/04\/image-54-300x133.png 300w\" sizes=\"auto, (max-width: 720px) 100vw, 720px\" \/><\/figure>\n\n\n\n<p>El crecimiento estuvo impulsado por el incremento en la recaudaci\u00f3n del Impuesto a las Ganancias, que subi\u00f3 un 110,8% interanual, y de los aportes a la Seguridad Social, que crecieron un 99,1%. Estos aumentos se explican principalmente por la actualizaci\u00f3n de los m\u00ednimos imponibles y el impacto de los ajustes salariales.<\/p>\n\n\n\n<p>Sin embargo, algunos factores jugaron en contra de la recaudaci\u00f3n. La eliminaci\u00f3n del Impuesto PAIS, que el a\u00f1o pasado aport\u00f3 casi $700 mil millones en marzo, y la reducci\u00f3n de retenciones a la exportaci\u00f3n restaron ingresos al fisco.&nbsp;<\/p>\n\n\n\n<p>Adem\u00e1s, la flexibilizaci\u00f3n de certificados de exclusi\u00f3n afect\u00f3 la recaudaci\u00f3n de IVA y Ganancias en Aduana.<\/p>\n\n\n\n<p>El impacto del tipo de cambio en las importaciones y el crecimiento de la actividad econ\u00f3mica fueron claves para sostener el desempe\u00f1o de los ingresos fiscales en el primer trimestre del a\u00f1o.<\/p>\n","protected":false},"excerpt":{"rendered":"<p>El crecimiento estuvo impulsado por un impuesto que creci\u00f3 m\u00e1s 100%. La recaudaci\u00f3n de impuestos en marzo alcanz\u00f3 los $12,7 billones, lo que representa un crecimiento del 64,8% interanual en&hellip; <\/p>\n","protected":false},"author":4,"featured_media":199985,"comment_status":"closed","ping_status":"open","sticky":false,"template":"","format":"standard","meta":{"footnotes":""},"categories":[20],"tags":[],"class_list":["post-199983","post","type-post","status-publish","format-standard","has-post-thumbnail","hentry","category-economia"],"_links":{"self":[{"href":"https:\/\/corrientesdetarde.com\/index.php\/wp-json\/wp\/v2\/posts\/199983","targetHints":{"allow":["GET"]}}],"collection":[{"href":"https:\/\/corrientesdetarde.com\/index.php\/wp-json\/wp\/v2\/posts"}],"about":[{"href":"https:\/\/corrientesdetarde.com\/index.php\/wp-json\/wp\/v2\/types\/post"}],"author":[{"embeddable":true,"href":"https:\/\/corrientesdetarde.com\/index.php\/wp-json\/wp\/v2\/users\/4"}],"replies":[{"embeddable":true,"href":"https:\/\/corrientesdetarde.com\/index.php\/wp-json\/wp\/v2\/comments?post=199983"}],"version-history":[{"count":1,"href":"https:\/\/corrientesdetarde.com\/index.php\/wp-json\/wp\/v2\/posts\/199983\/revisions"}],"predecessor-version":[{"id":199986,"href":"https:\/\/corrientesdetarde.com\/index.php\/wp-json\/wp\/v2\/posts\/199983\/revisions\/199986"}],"wp:featuredmedia":[{"embeddable":true,"href":"https:\/\/corrientesdetarde.com\/index.php\/wp-json\/wp\/v2\/media\/199985"}],"wp:attachment":[{"href":"https:\/\/corrientesdetarde.com\/index.php\/wp-json\/wp\/v2\/media?parent=199983"}],"wp:term":[{"taxonomy":"category","embeddable":true,"href":"https:\/\/corrientesdetarde.com\/index.php\/wp-json\/wp\/v2\/categories?post=199983"},{"taxonomy":"post_tag","embeddable":true,"href":"https:\/\/corrientesdetarde.com\/index.php\/wp-json\/wp\/v2\/tags?post=199983"}],"curies":[{"name":"wp","href":"https:\/\/api.w.org\/{rel}","templated":true}]}}