{"id":199987,"date":"2025-04-02T08:14:53","date_gmt":"2025-04-02T11:14:53","guid":{"rendered":"https:\/\/corrientesdetarde.com\/?p=199987"},"modified":"2025-04-02T08:14:58","modified_gmt":"2025-04-02T11:14:58","slug":"las-naftas-tuvieron-su-ya-clasica-suba-mensual-y-en-abril-fue-del-17","status":"publish","type":"post","link":"https:\/\/corrientesdetarde.com\/index.php\/economia\/las-naftas-tuvieron-su-ya-clasica-suba-mensual-y-en-abril-fue-del-17\/","title":{"rendered":"Las naftas tuvieron su ya &#8220;cl\u00e1sica&#8221; suba mensual y en abril fue del 1,7%"},"content":{"rendered":"\n<p>Las subas en los combustibles siguen su din\u00e1mica mensual, una marca registrada desde que asumi\u00f3 la presidencia Javier Milei. Es as\u00ed que ayer, en el primer d\u00eda de abril, las estaciones de servicio de la ciudad aplicaron la cuarta actualizaci\u00f3n del a\u00f1o en sus pizarras.<\/p>\n\n\n\n<p>Entonces, tomando como par\u00e1metro a las expendedoras locales que venden productos de YPF, se puede aseverar que la suba de abril fue del 1,7% y en lo que va de 2025 ya acumula un 8%.<\/p>\n\n\n<div class=\"wp-block-image\">\n<figure class=\"aligncenter\"><img decoding=\"async\" src=\"https:\/\/www.diarioepoca.com\/content\/bucket\/7\/1422307h720.jpg.webp\" alt=\"epc020425-008f02.jpg\"\/><figcaption class=\"wp-element-caption\">AQU\u00cd, ALGUNAS AXION SOLO &#8220;MOVIERON&#8221; SUS DI\u00c9SEL.<\/figcaption><\/figure>\n<\/div>\n\n<div class=\"wp-block-image\">\n<figure class=\"aligncenter\"><img decoding=\"async\" src=\"https:\/\/www.diarioepoca.com\/content\/bucket\/8\/1422308h720.jpg.webp\" alt=\"epc020425-008f03.jpg\"\/><figcaption class=\"wp-element-caption\">PUMA TIENE &#8220;ATADO&#8221; SU IMPORTE DE S\u00daPER AL DE YPF.<\/figcaption><\/figure>\n<\/div>\n\n<div class=\"wp-block-image\">\n<figure class=\"aligncenter\"><img decoding=\"async\" src=\"https:\/\/www.diarioepoca.com\/content\/bucket\/9\/1422309h720.jpg.webp\" alt=\"epc020425-008f04.jpg\"\/><figcaption class=\"wp-element-caption\">YPF. LA PETROLERA NACIONAL MODERA EL MERCADO.<\/figcaption><\/figure>\n<\/div>\n\n\n<p><\/p>\n\n\n\n<p>Las YPF tuvieron esta variaci\u00f3n en sus importes por litro: S\u00faper de 1.252 a 1.274 pesos (+$22= 1,7%), Premium de 1.523 a 1.550 pesos (+$27= 1,7%), Di\u00e9sel 500 de 1.300 a 1.323 pesos (+$23= 1,7%), Di\u00e9sel Premium de 1.566 a 1.593 pesos (+$27=1,7%).<\/p>\n\n\n\n<p>De igual modo, si se suman las cuatro alzas, implementadas en igual cantidad de meses, se observa que los hidrocarburos ya se encarecieron un 8% promedio en lo transcurrido del a\u00f1o.<\/p>\n\n\n\n<p>A ese total acumulado se llega teniendo en cuenta que el 1 de enero, un litro de S\u00faper sal\u00eda $1.183 y hoy ya cuesta $1.274 (+$91=7,7%). La Premium inici\u00f3 2025 a $1.438, su importe actual es de $1.550 (+$112= 7,7%). El Di\u00e9sel 500 de $1.224 a $1.323(+$99= 8%) y el Di\u00e9sel Premium pas\u00f3 de 1.469 a 1.593 pesos (+$124= 8,4%).<\/p>\n\n\n\n<p>Las dem\u00e1s compa\u00f1\u00edas tambi\u00e9n actualizaron importes y exceptuando a Shell luchan por &#8220;copiar&#8221; o mantenerse cerca del valor de pizarra de la S\u00faper de YPF, el producto m\u00e1s vendido del pa\u00eds.<\/p>\n","protected":false},"excerpt":{"rendered":"<p>Las subas en los combustibles siguen su din\u00e1mica mensual, una marca registrada desde que asumi\u00f3 la presidencia Javier Milei. Es as\u00ed que ayer, en el primer d\u00eda de abril, las&hellip; <\/p>\n","protected":false},"author":1,"featured_media":199997,"comment_status":"closed","ping_status":"open","sticky":false,"template":"","format":"standard","meta":{"footnotes":""},"categories":[20],"tags":[],"class_list":["post-199987","post","type-post","status-publish","format-standard","has-post-thumbnail","hentry","category-economia"],"_links":{"self":[{"href":"https:\/\/corrientesdetarde.com\/index.php\/wp-json\/wp\/v2\/posts\/199987","targetHints":{"allow":["GET"]}}],"collection":[{"href":"https:\/\/corrientesdetarde.com\/index.php\/wp-json\/wp\/v2\/posts"}],"about":[{"href":"https:\/\/corrientesdetarde.com\/index.php\/wp-json\/wp\/v2\/types\/post"}],"author":[{"embeddable":true,"href":"https:\/\/corrientesdetarde.com\/index.php\/wp-json\/wp\/v2\/users\/1"}],"replies":[{"embeddable":true,"href":"https:\/\/corrientesdetarde.com\/index.php\/wp-json\/wp\/v2\/comments?post=199987"}],"version-history":[{"count":1,"href":"https:\/\/corrientesdetarde.com\/index.php\/wp-json\/wp\/v2\/posts\/199987\/revisions"}],"predecessor-version":[{"id":199998,"href":"https:\/\/corrientesdetarde.com\/index.php\/wp-json\/wp\/v2\/posts\/199987\/revisions\/199998"}],"wp:featuredmedia":[{"embeddable":true,"href":"https:\/\/corrientesdetarde.com\/index.php\/wp-json\/wp\/v2\/media\/199997"}],"wp:attachment":[{"href":"https:\/\/corrientesdetarde.com\/index.php\/wp-json\/wp\/v2\/media?parent=199987"}],"wp:term":[{"taxonomy":"category","embeddable":true,"href":"https:\/\/corrientesdetarde.com\/index.php\/wp-json\/wp\/v2\/categories?post=199987"},{"taxonomy":"post_tag","embeddable":true,"href":"https:\/\/corrientesdetarde.com\/index.php\/wp-json\/wp\/v2\/tags?post=199987"}],"curies":[{"name":"wp","href":"https:\/\/api.w.org\/{rel}","templated":true}]}}