{"id":199988,"date":"2025-04-02T08:10:33","date_gmt":"2025-04-02T11:10:33","guid":{"rendered":"https:\/\/corrientesdetarde.com\/?p=199988"},"modified":"2025-04-02T08:10:37","modified_gmt":"2025-04-02T11:10:37","slug":"dia-del-veterano-y-de-los-caidos-en-la-guerra-de-malvinas-por-que-se-conmemora-el-2-de-abril-y-desde-cuando-es-feriado","status":"publish","type":"post","link":"https:\/\/corrientesdetarde.com\/index.php\/locales\/dia-del-veterano-y-de-los-caidos-en-la-guerra-de-malvinas-por-que-se-conmemora-el-2-de-abril-y-desde-cuando-es-feriado\/","title":{"rendered":"D\u00eda del Veterano y de los Ca\u00eddos en la Guerra de Malvinas: \u00bfpor qu\u00e9 se conmemora el 2 de abril y desde cu\u00e1ndo es feriado?"},"content":{"rendered":"\n<p>El<strong>\u00a02 de abril\u00a0<\/strong>es una fecha hist\u00f3rica en\u00a0<strong>Argentina\u00a0<\/strong>que marc\u00f3 el inicio de uno de los conflictos m\u00e1s significativos del siglo XX en el pa\u00eds: la Guerra de Malvinas. Este d\u00eda, establecido como el D\u00eda del Veterano y de los Ca\u00eddos en la\u00a0<strong>Guerra de Malvinas<\/strong>, tiene un profundo significado para los argentinos, ya que se conmemora el conflicto b\u00e9lico y tambi\u00e9n el sacrificio de los soldados que participaron en \u00e9l, as\u00ed como el impacto que dej\u00f3 en la sociedad y en la memoria colectiva nacional.<\/p>\n\n\n\n<p>Cada 2 de abril, se recuerda la soberan\u00eda argentina sobre las islas en disputa y se rinde homenaje a quienes perdieron la vida o resultaron afectados por la guerra.<\/p>\n\n\n\n<h2 class=\"wp-block-heading\">Qu\u00e9 pas\u00f3 el 2 de abril de 1982<\/h2>\n\n\n\n<p>El 2 de abril de 1982, el conflicto b\u00e9lico que enfrent\u00f3 a Argentina y el Reino Unido por la soberan\u00eda de las Islas Malvinas, Georgias y S\u00e1ndwich del Sur, comenz\u00f3 con la Operaci\u00f3n Rosario, una acci\u00f3n militar planificada por la Junta Militar que en ese momento gobernaba Argentina.<\/p>\n\n\n\n<p>Esa madrugada, las tropas argentinas desembarcaron en las Islas Malvinas, tomando el control de Puerto Argentino (hoy Puerto Stanley) y obligando a las autoridades brit\u00e1nicas a rendirse.<\/p>\n\n\n\n<p>La operaci\u00f3n, que fue preparada con la intenci\u00f3n de lograr la soberan\u00eda de las islas de manera pac\u00edfica a trav\u00e9s de la diplomacia, r\u00e1pidamente escal\u00f3 en un conflicto armado cuando el Reino Unido respondi\u00f3 enviando una fuerza militar. As\u00ed, el 2 de abril marc\u00f3 el inicio de una guerra que durar\u00eda 74 d\u00edas, hasta la rendici\u00f3n argentina el 14 de junio de 1982.<\/p>\n\n\n\n<p><\/p>\n\n\n\n<p>Desde cu\u00e1ndo se celebra el D\u00eda del Veterano y de los Ca\u00eddos en la Guerra de Malvinas<\/p>\n\n\n\n<p>La conmemoraci\u00f3n del D\u00eda del Veterano y de los Ca\u00eddos en la Guerra de Malvinas fue establecida oficialmente por la<strong>\u00a0Ley 25.370<\/strong>, sancionada por el Congreso Nacional de Argentina en noviembre del a\u00f1o 2000, durante la presidencia de\u00a0<strong>Fernando de la R\u00faa<\/strong>.<\/p>\n\n\n\n<figure class=\"wp-block-image size-large\"><img loading=\"lazy\" decoding=\"async\" width=\"1024\" height=\"576\" src=\"https:\/\/corrientesdetarde.com\/wp-content\/uploads\/2025\/04\/image-55-1024x576.png\" alt=\"\" class=\"wp-image-199990\" srcset=\"https:\/\/corrientesdetarde.com\/wp-content\/uploads\/2025\/04\/image-55-1024x576.png 1024w, https:\/\/corrientesdetarde.com\/wp-content\/uploads\/2025\/04\/image-55-300x169.png 300w, https:\/\/corrientesdetarde.com\/wp-content\/uploads\/2025\/04\/image-55-768x432.png 768w, https:\/\/corrientesdetarde.com\/wp-content\/uploads\/2025\/04\/image-55.png 1200w\" sizes=\"auto, (max-width: 1024px) 100vw, 1024px\" \/><\/figure>\n\n\n\n<p><\/p>\n\n\n\n<p>El objetivo de esta ley era rendir homenaje a todos los veteranos de guerra y a los ca\u00eddos durante el conflicto de 1982, recordando su sacrificio y reconociendo su valiosa contribuci\u00f3n en la defensa de la soberan\u00eda nacional.<\/p>\n\n\n\n<p>La fecha fue elegida espec\u00edficamente por ser el d\u00eda en que comenz\u00f3 la ocupaci\u00f3n de las islas por parte de las fuerzas argentinas. Desde su instauraci\u00f3n, el 2 de abril se convirti\u00f3 en un feriado nacional, siendo un d\u00eda de reflexi\u00f3n, homenaje y recuerdo para los argentinos, especialmente para aquellos que participaron en la guerra.<\/p>\n\n\n\n<h2 class=\"wp-block-heading\">Cu\u00e1ndo es el pr\u00f3ximo feriado en abril 2025<\/h2>\n\n\n\n<p>El pr\u00f3ximo feriado en abril de 2025, despu\u00e9s del D\u00eda del Veterano y de los Ca\u00eddos en la Guerra de Malvinas (2 de abril), ser\u00e1 el&nbsp;<strong>Jueves Santo<\/strong>, que ser\u00e1 no laborable, el 17 de abril. El d\u00eda&nbsp;<strong>Viernes Santo<\/strong>&nbsp;es el 18 de abril y ser\u00e1 feriado nacional.<\/p>\n\n\n\n<p>Estos d\u00edas forman parte de la Semana Santa, una de las tradiciones religiosas m\u00e1s importantes en Argentina, y se celebra en toda la naci\u00f3n, con especial \u00e9nfasis en las actividades lit\u00fargicas y de reflexi\u00f3n.<\/p>\n\n\n\n<figure class=\"wp-block-image size-large\"><img loading=\"lazy\" decoding=\"async\" width=\"1024\" height=\"576\" src=\"https:\/\/corrientesdetarde.com\/wp-content\/uploads\/2025\/04\/image-56-1024x576.png\" alt=\"\" class=\"wp-image-199991\" srcset=\"https:\/\/corrientesdetarde.com\/wp-content\/uploads\/2025\/04\/image-56-1024x576.png 1024w, https:\/\/corrientesdetarde.com\/wp-content\/uploads\/2025\/04\/image-56-300x169.png 300w, https:\/\/corrientesdetarde.com\/wp-content\/uploads\/2025\/04\/image-56-768x432.png 768w, https:\/\/corrientesdetarde.com\/wp-content\/uploads\/2025\/04\/image-56.png 1200w\" sizes=\"auto, (max-width: 1024px) 100vw, 1024px\" \/><\/figure>\n\n\n\n<p><a href=\"https:\/\/www.infobae.com\/politica\/2025\/04\/02\/milei-encabezara-hoy-el-acto-central-por-malvinas-en-retiro-y-villarruel-homenajeara-a-los-heroes-en-ushuaia\/\" target=\"_blank\" rel=\"noreferrer noopener\"><\/a><\/p>\n","protected":false},"excerpt":{"rendered":"<p>El\u00a02 de abril\u00a0es una fecha hist\u00f3rica en\u00a0Argentina\u00a0que marc\u00f3 el inicio de uno de los conflictos m\u00e1s significativos del siglo XX en el pa\u00eds: la Guerra de Malvinas. Este d\u00eda, establecido&hellip; <\/p>\n","protected":false},"author":1,"featured_media":199992,"comment_status":"closed","ping_status":"open","sticky":false,"template":"","format":"standard","meta":{"footnotes":""},"categories":[8],"tags":[],"class_list":["post-199988","post","type-post","status-publish","format-standard","has-post-thumbnail","hentry","category-locales"],"_links":{"self":[{"href":"https:\/\/corrientesdetarde.com\/index.php\/wp-json\/wp\/v2\/posts\/199988","targetHints":{"allow":["GET"]}}],"collection":[{"href":"https:\/\/corrientesdetarde.com\/index.php\/wp-json\/wp\/v2\/posts"}],"about":[{"href":"https:\/\/corrientesdetarde.com\/index.php\/wp-json\/wp\/v2\/types\/post"}],"author":[{"embeddable":true,"href":"https:\/\/corrientesdetarde.com\/index.php\/wp-json\/wp\/v2\/users\/1"}],"replies":[{"embeddable":true,"href":"https:\/\/corrientesdetarde.com\/index.php\/wp-json\/wp\/v2\/comments?post=199988"}],"version-history":[{"count":1,"href":"https:\/\/corrientesdetarde.com\/index.php\/wp-json\/wp\/v2\/posts\/199988\/revisions"}],"predecessor-version":[{"id":199993,"href":"https:\/\/corrientesdetarde.com\/index.php\/wp-json\/wp\/v2\/posts\/199988\/revisions\/199993"}],"wp:featuredmedia":[{"embeddable":true,"href":"https:\/\/corrientesdetarde.com\/index.php\/wp-json\/wp\/v2\/media\/199992"}],"wp:attachment":[{"href":"https:\/\/corrientesdetarde.com\/index.php\/wp-json\/wp\/v2\/media?parent=199988"}],"wp:term":[{"taxonomy":"category","embeddable":true,"href":"https:\/\/corrientesdetarde.com\/index.php\/wp-json\/wp\/v2\/categories?post=199988"},{"taxonomy":"post_tag","embeddable":true,"href":"https:\/\/corrientesdetarde.com\/index.php\/wp-json\/wp\/v2\/tags?post=199988"}],"curies":[{"name":"wp","href":"https:\/\/api.w.org\/{rel}","templated":true}]}}