{"id":199989,"date":"2025-04-02T08:12:04","date_gmt":"2025-04-02T11:12:04","guid":{"rendered":"https:\/\/corrientesdetarde.com\/?p=199989"},"modified":"2025-04-02T08:12:07","modified_gmt":"2025-04-02T11:12:07","slug":"efemerides-del-2-de-abril","status":"publish","type":"post","link":"https:\/\/corrientesdetarde.com\/index.php\/informacion-general\/efemerides-del-2-de-abril\/","title":{"rendered":"Efem\u00e9rides del 2 de abril"},"content":{"rendered":"\n<p>Cada<strong>&nbsp;2 de abril&nbsp;<\/strong>se celebran y conmemoran fechas que marcaron un antes y un despu\u00e9s tanto en Argentina como en el mundo.<\/p>\n\n\n\n<p><strong>1916<\/strong>\u00a0&#8211;\u00a0<strong>HIP\u00d3LITO YRIGOYEN<\/strong>. El dirigente radical Hip\u00f3lito Yrigoyen es elegido como presidente de la Naci\u00f3n en las primeras elecciones realizadas con el voto masculino, secreto y obligatorio bajo la ley S\u00e1enz Pe\u00f1a, promulgada en 1912 con el fin de universalizar el voto y combatir el fraude electoral.<\/p>\n\n\n\n<p><strong>1925<\/strong>&nbsp;&#8211;&nbsp;<strong>ALBERT EINSTEIN.<\/strong>&nbsp;El cient\u00edfico alem\u00e1n Albert Einstein, ganador del Premio Nobel de F\u00edsica de 1921 y autor de la Teor\u00eda de la Relatividad, inaugura el ciclo lectivo del colegio Nacional Rafael Hern\u00e1ndez de la ciudad bonaerense de La Plata, una de las actividades que realiz\u00f3 durante su visita a la Argentina.<\/p>\n\n\n\n<p><strong>1959<\/strong>&nbsp;&#8211;<strong>&nbsp;NACE ALBERTO FERN\u00c1NDEZ.&nbsp;<\/strong>Nace, el 2 de abril, en Buenos Aires el abogado Alberto \u00c1ngel Fern\u00e1ndez, ex presidente de la Naci\u00f3n y profesor de la Facultad de Derecho de la Universidad de Buenos Aires.<\/p>\n\n\n\n<p><strong>1976<\/strong>&nbsp;&#8211;&nbsp;<strong>MART\u00cdNEZ DE HOZ.<\/strong>&nbsp;El ministro de Econom\u00eda Jos\u00e9 Mart\u00ednez de Hoz anuncia el \u201cPrograma de recuperaci\u00f3n, saneamiento y expansi\u00f3n de la econom\u00eda argentina\u201d aprobado por la dictadura c\u00edvico militar. El plan desemboc\u00f3 en una severa crisis con rebrote de la inflaci\u00f3n y estancamiento econ\u00f3mico.<\/p>\n\n\n\n<p><strong>1982<\/strong>&nbsp;&#8211;<strong>&nbsp;GUERRA DE MALVINAS.<\/strong>&nbsp;Tropas argentinas desembarcan en Port Stanley, capital de las Malvinas a la que luego se llamar\u00e1 Puerto Argentino, y desalojan a las autoridades brit\u00e1nicas de las islas usurpadas por el Reino Unido en 1833. Comienza as\u00ed una guerra en la que murieron 649 argentinos durante los 74 d\u00edas de conflicto con los brit\u00e1nicos.<\/p>\n\n\n\n<p><strong>1997<\/strong>&nbsp;&#8211;&nbsp;<strong>CARPA BLANCA.&nbsp;<\/strong>La confederaci\u00f3n de sindicatos de docentes CTERA monta un campamento de carpas blancas frente a la sede del Congreso Nacional en Buenos Aires para reclamar mejoras salariales y una ley de financiaci\u00f3n de la educaci\u00f3n p\u00fablica.<\/p>\n\n\n\n<p><strong>1997<\/strong>&nbsp;&#8211;&nbsp;<strong>FALLECE JOS\u00c9 DE ZER<\/strong>. A la edad de 56 a\u00f1os muere en Buenos Aires el periodista Jos\u00e9 de Zer (Jos\u00e9 Keizer), de gran notoriedad por las notas sobre ovnis y eventos paranormales que realizaba en m\u00f3viles del noticiero Nuevediario de Canal 9.<\/p>\n\n\n\n<figure class=\"wp-block-image\"><img decoding=\"async\" src=\"https:\/\/billiken.lat\/wp-content\/uploads\/2024\/03\/cuerpo-2024-03-27T165213.033.jpg\" alt=\"2 de abril\" class=\"wp-image-78926\"\/><\/figure>\n\n\n\n<p><strong>2005<\/strong>&nbsp;&#8211;&nbsp;<strong>FALLECE JUAN PABLO II.<\/strong>&nbsp;A la edad de 84 muere en Ciudad del Vaticano el papa Juan Pablo II, de nacionalidad polaca y el pont\u00edfice n\u00famero 264 de la Iglesia cat\u00f3lica. Fue canonizado en 2014 por el papa Francisco.<\/p>\n\n\n\n<p><strong>2016<\/strong>&nbsp;&#8211;&nbsp;<strong>&#8220;GATO&#8221; BARBIERI<\/strong>. A la edad de 83 a\u00f1os muere en la ciudad estadounidense de Nueva York el m\u00fasico de jazz argentino Leandro \u201cGato\u201d Barbieri, considerado uno de los mejores saxofonistas latinoamericanos de todos los tiempos.<\/p>\n\n\n\n<p><strong>2025<\/strong>&nbsp;&#8211;<strong>&nbsp;LITERATURA INFANTIL<\/strong>. Desde 1967 se celebra el D\u00eda Mundial del Libro Infantil con el fin de despertar el inter\u00e9s de los j\u00f3venes por la lectura y de promover los libros para ni\u00f1os. Conmemora el natalicio (1805) del escritor dan\u00e9s Hans Christian Andersen, autor de c\u00e9lebres cuentos infantiles.<\/p>\n\n\n\n<p><strong>2025<\/strong>&nbsp;&#8211;&nbsp;<strong>CONCIENTIZACI\u00d3N DEL AUTISMO<\/strong>. Se celebra el D\u00eda Mundial de Concienciaci\u00f3n sobre el Autismo, instituido por las Naciones Unidas para poner de relieve la necesidad de ayudar a mejorar las condiciones de vida de los ni\u00f1os y adultos que sufren trastornos del espectro autista.<\/p>\n\n\n\n<p><strong>202<\/strong>5-&nbsp;<strong>REFLEXI\u00d3N Y MEMORIA<\/strong>. Desde 2000 se conmemora el&nbsp;<strong>D\u00eda del Veterano y de los Ca\u00eddos en la guerra de Malvinas.<\/strong><\/p>\n","protected":false},"excerpt":{"rendered":"<p>Cada&nbsp;2 de abril&nbsp;se celebran y conmemoran fechas que marcaron un antes y un despu\u00e9s tanto en Argentina como en el mundo. 1916\u00a0&#8211;\u00a0HIP\u00d3LITO YRIGOYEN. El dirigente radical Hip\u00f3lito Yrigoyen es elegido&hellip; <\/p>\n","protected":false},"author":1,"featured_media":199994,"comment_status":"closed","ping_status":"open","sticky":false,"template":"","format":"standard","meta":{"footnotes":""},"categories":[1],"tags":[],"class_list":["post-199989","post","type-post","status-publish","format-standard","has-post-thumbnail","hentry","category-informacion-general"],"_links":{"self":[{"href":"https:\/\/corrientesdetarde.com\/index.php\/wp-json\/wp\/v2\/posts\/199989","targetHints":{"allow":["GET"]}}],"collection":[{"href":"https:\/\/corrientesdetarde.com\/index.php\/wp-json\/wp\/v2\/posts"}],"about":[{"href":"https:\/\/corrientesdetarde.com\/index.php\/wp-json\/wp\/v2\/types\/post"}],"author":[{"embeddable":true,"href":"https:\/\/corrientesdetarde.com\/index.php\/wp-json\/wp\/v2\/users\/1"}],"replies":[{"embeddable":true,"href":"https:\/\/corrientesdetarde.com\/index.php\/wp-json\/wp\/v2\/comments?post=199989"}],"version-history":[{"count":1,"href":"https:\/\/corrientesdetarde.com\/index.php\/wp-json\/wp\/v2\/posts\/199989\/revisions"}],"predecessor-version":[{"id":199995,"href":"https:\/\/corrientesdetarde.com\/index.php\/wp-json\/wp\/v2\/posts\/199989\/revisions\/199995"}],"wp:featuredmedia":[{"embeddable":true,"href":"https:\/\/corrientesdetarde.com\/index.php\/wp-json\/wp\/v2\/media\/199994"}],"wp:attachment":[{"href":"https:\/\/corrientesdetarde.com\/index.php\/wp-json\/wp\/v2\/media?parent=199989"}],"wp:term":[{"taxonomy":"category","embeddable":true,"href":"https:\/\/corrientesdetarde.com\/index.php\/wp-json\/wp\/v2\/categories?post=199989"},{"taxonomy":"post_tag","embeddable":true,"href":"https:\/\/corrientesdetarde.com\/index.php\/wp-json\/wp\/v2\/tags?post=199989"}],"curies":[{"name":"wp","href":"https:\/\/api.w.org\/{rel}","templated":true}]}}