{"id":200000,"date":"2025-04-02T08:18:43","date_gmt":"2025-04-02T11:18:43","guid":{"rendered":"https:\/\/corrientesdetarde.com\/?p=200000"},"modified":"2025-04-02T08:18:46","modified_gmt":"2025-04-02T11:18:46","slug":"salen-a-la-luz-las-primeras-imagenes-de-la-princesa-leonor-en-bikini-en-las-playas-de-montevideo","status":"publish","type":"post","link":"https:\/\/corrientesdetarde.com\/index.php\/espectaculos\/salen-a-la-luz-las-primeras-imagenes-de-la-princesa-leonor-en-bikini-en-las-playas-de-montevideo\/","title":{"rendered":"Salen a la luz las primeras im\u00e1genes de la princesa Leonor en bikini en las playas de Montevideo"},"content":{"rendered":"\n<p>La revista\u00a0<em>Diez Minutos<\/em>\u00a0ha publicado este mi\u00e9rcoles, 2 de abril, las\u00a0<strong>primeras fotograf\u00edas de la\u00a0princesa Leonor en bikini<\/strong>, tomadas durante una jornada de descanso en Montevideo, en el marco de la traves\u00eda del buque-escuela\u00a0<em>Juan Sebasti\u00e1n de Elcano<\/em>. Las im\u00e1genes, de las que se llevaba tiempo hablando,<strong>\u00a0fueron captadas por un paparazzo espa\u00f1ol el pasado 6 de marzo<\/strong>\u00a0y muestran a la heredera al trono disfrutando de la playa junto a un grupo de guardiamarinas. El fot\u00f3grafo habr\u00eda negociado durante tres semanas la venta del material.<\/p>\n\n\n\n<p>Esta es, sin duda, una de las portadas m\u00e1s sorprendentes de los \u00faltimos a\u00f1os y\u00a0<strong>es m\u00e1s que probable una respuesta por parte de Casa Real<\/strong>. Hace unos d\u00edas, de hecho, la instituci\u00f3n denunci\u00f3 el uso indebido de c\u00e1maras de seguridad en un\u00a0centro comercial de Punta Arenas\u00a0(Chile), donde se captaron im\u00e1genes de la hija de Felipe VI sin consentimiento.<\/p>\n\n\n\n<p><\/p>\n\n\n\n<p><a href=\"https:\/\/www.infobae.com\/espana\/2025\/04\/02\/las-revistas-del-corazon-esta-semana-jose-fernando-desvela-que-se-entero-de-la-muerte-de-su-madre-por-la-television\/\" target=\"_blank\" rel=\"noreferrer noopener\"><\/a><\/p>\n\n\n\n<figure class=\"wp-block-image size-large\"><img loading=\"lazy\" decoding=\"async\" width=\"768\" height=\"1024\" src=\"https:\/\/corrientesdetarde.com\/wp-content\/uploads\/2025\/04\/image-60-768x1024.png\" alt=\"\" class=\"wp-image-200001\" srcset=\"https:\/\/corrientesdetarde.com\/wp-content\/uploads\/2025\/04\/image-60-768x1024.png 768w, https:\/\/corrientesdetarde.com\/wp-content\/uploads\/2025\/04\/image-60-225x300.png 225w, https:\/\/corrientesdetarde.com\/wp-content\/uploads\/2025\/04\/image-60-1152x1536.png 1152w, https:\/\/corrientesdetarde.com\/wp-content\/uploads\/2025\/04\/image-60.png 1200w\" sizes=\"auto, (max-width: 768px) 100vw, 768px\" \/><\/figure>\n\n\n\n<p>La imagen de la portada est\u00e1 dedicada enteramente a la primog\u00e9nita de Felipe VI, que aparece saliendo del mar y enfundada en un\u00a0dos piezas de ba\u00f1o b\u00e1sico y unas gafas de sol\u00a0mientras disfrutaba del sol y el mar en compa\u00f1\u00eda de su grupo de confianza.<\/p>\n\n\n\n<p>En el momento de escribir esta noticia, la princesa de Asturias y el resto de los 76 guardiamarinas -de los cuales solo nueve son mujeres- que forman parte del crucero de instrucci\u00f3n\u00a0<strong>navegan por el Pac\u00edfico rumbo a Valpara\u00edso<\/strong>, Chile, donde est\u00e1 previsto que lleguen el pr\u00f3ximo viernes, 4 de abril.<\/p>\n\n\n\n<h2 class=\"wp-block-heading\">La ruta del grupo en Montevideo<\/h2>\n\n\n\n<p>Estas fotograf\u00edas, de las que se ha hablado tanto,&nbsp;<strong>fueron tomadas durante la escala del grupo en Montevideo<\/strong>, donde llegaron tras dos semanas de navegaci\u00f3n desde Salvador de Bah\u00eda, en Brasil. De manera m\u00e1s concreta,&nbsp;<strong>se hicieron durante uno de los permisos&nbsp;<\/strong>que los guardiamarinas recibieron para salir a tierra y que compaginaron con su agenda.<\/p>\n\n\n\n<p>A su llegada a la capital, el 5 de marzo, realizaron una visita organizada por la embajada espa\u00f1ola al centro de la ciudad y participaron en una ceremonia en honor a Jos\u00e9 Gervasio Artigas, pr\u00f3cer de la independencia uruguaya.<\/p>\n\n\n\n<p>El d\u00eda 6, los guardamarinas que no ten\u00edan guardia y, por lo tanto, deb\u00edan estar en el buque, aprovecharon que hac\u00eda mucho calor y se fueron a un balneario cercano. De manera previa, algunos de ellos hab\u00edan reservado en un hotel de la zona y no solo estuvieron pasando el d\u00eda, sino que durmieron fuera del barco. Las im\u00e1genes publicadas por\u00a0<em>Diez Minutos<\/em>\u00a0<strong>muestran a la Princesa en la piscina del hotel y entrando al mar\u00a0<\/strong>en compa\u00f1\u00eda de otros guardiamarinas. Tambi\u00e9n aparece conversando con un compa\u00f1ero dentro del agua y caminando junto a otro a la entrada del alojamiento.<\/p>\n\n\n\n<p>El d\u00eda siguiente, viernes 7 de marzo por la ma\u00f1ana, el grupo\u00a0<strong>regres\u00f3 al buque\u00a0<\/strong>para asistir a la ceremonia de jura de bandera de ciudadanos espa\u00f1oles residentes en Uruguay. Leonor particip\u00f3 en el acto como abanderada.<\/p>\n\n\n\n<figure class=\"wp-block-image size-large\"><img loading=\"lazy\" decoding=\"async\" width=\"1024\" height=\"768\" src=\"https:\/\/corrientesdetarde.com\/wp-content\/uploads\/2025\/04\/image-63-1024x768.png\" alt=\"\" class=\"wp-image-200004\" srcset=\"https:\/\/corrientesdetarde.com\/wp-content\/uploads\/2025\/04\/image-63-1024x768.png 1024w, https:\/\/corrientesdetarde.com\/wp-content\/uploads\/2025\/04\/image-63-300x225.png 300w, https:\/\/corrientesdetarde.com\/wp-content\/uploads\/2025\/04\/image-63-768x576.png 768w, https:\/\/corrientesdetarde.com\/wp-content\/uploads\/2025\/04\/image-63.png 1200w\" sizes=\"auto, (max-width: 1024px) 100vw, 1024px\" \/><\/figure>\n\n\n\n<p>El fot\u00f3grafo, que est\u00e1&nbsp;<strong>siguiendo los pasos de la heredera desde su ingreso en la Academia General Militar de Zaragoza<\/strong>, habr\u00eda intentado captarla tambi\u00e9n durante la escala en Salvador de Bah\u00eda, sin \u00e9xito. Su objetivo lo consigui\u00f3 finalmente en Montevideo, donde logr\u00f3 documentar la jornada de descanso del contingente.<\/p>\n\n\n\n<p><\/p>\n","protected":false},"excerpt":{"rendered":"<p>La revista\u00a0Diez Minutos\u00a0ha publicado este mi\u00e9rcoles, 2 de abril, las\u00a0primeras fotograf\u00edas de la\u00a0princesa Leonor en bikini, tomadas durante una jornada de descanso en Montevideo, en el marco de la traves\u00eda&hellip; <\/p>\n","protected":false},"author":1,"featured_media":200003,"comment_status":"closed","ping_status":"open","sticky":false,"template":"","format":"standard","meta":{"footnotes":""},"categories":[19],"tags":[],"class_list":["post-200000","post","type-post","status-publish","format-standard","has-post-thumbnail","hentry","category-espectaculos"],"_links":{"self":[{"href":"https:\/\/corrientesdetarde.com\/index.php\/wp-json\/wp\/v2\/posts\/200000","targetHints":{"allow":["GET"]}}],"collection":[{"href":"https:\/\/corrientesdetarde.com\/index.php\/wp-json\/wp\/v2\/posts"}],"about":[{"href":"https:\/\/corrientesdetarde.com\/index.php\/wp-json\/wp\/v2\/types\/post"}],"author":[{"embeddable":true,"href":"https:\/\/corrientesdetarde.com\/index.php\/wp-json\/wp\/v2\/users\/1"}],"replies":[{"embeddable":true,"href":"https:\/\/corrientesdetarde.com\/index.php\/wp-json\/wp\/v2\/comments?post=200000"}],"version-history":[{"count":1,"href":"https:\/\/corrientesdetarde.com\/index.php\/wp-json\/wp\/v2\/posts\/200000\/revisions"}],"predecessor-version":[{"id":200005,"href":"https:\/\/corrientesdetarde.com\/index.php\/wp-json\/wp\/v2\/posts\/200000\/revisions\/200005"}],"wp:featuredmedia":[{"embeddable":true,"href":"https:\/\/corrientesdetarde.com\/index.php\/wp-json\/wp\/v2\/media\/200003"}],"wp:attachment":[{"href":"https:\/\/corrientesdetarde.com\/index.php\/wp-json\/wp\/v2\/media?parent=200000"}],"wp:term":[{"taxonomy":"category","embeddable":true,"href":"https:\/\/corrientesdetarde.com\/index.php\/wp-json\/wp\/v2\/categories?post=200000"},{"taxonomy":"post_tag","embeddable":true,"href":"https:\/\/corrientesdetarde.com\/index.php\/wp-json\/wp\/v2\/tags?post=200000"}],"curies":[{"name":"wp","href":"https:\/\/api.w.org\/{rel}","templated":true}]}}