{"id":200021,"date":"2025-04-02T08:40:00","date_gmt":"2025-04-02T11:40:00","guid":{"rendered":"https:\/\/corrientesdetarde.com\/?p=200021"},"modified":"2025-04-02T15:21:20","modified_gmt":"2025-04-02T18:21:20","slug":"malvinas-el-acto-que-expuso-la-interna-entre-milei-y-villarruel","status":"publish","type":"post","link":"https:\/\/corrientesdetarde.com\/index.php\/politica\/malvinas-el-acto-que-expuso-la-interna-entre-milei-y-villarruel\/","title":{"rendered":"MALVINAS: EL ACTO QUE EXPUSO LA INTERNA ENTRE MILEI Y VILLARRUEL"},"content":{"rendered":"\n<p>(Corresponsal\u00eda Buenos Aires) &#8211; El acto por el D\u00eda del Veterano y los Ca\u00eddos en la Guerra de Malvinas dej\u00f3 en evidencia la creciente tensi\u00f3n entre el presidente Javier Milei y la vicepresidenta Victoria Villarruel. Mientras Milei encabezaba el evento central en la Plaza San Mart\u00edn, en la Ciudad de Buenos Aires, Villarruel se distanciaba y participaba de una conmemoraci\u00f3n paralela en Ushuaia, Tierra del Fuego.<\/p>\n\n\n\n<p>Desde el Cenotafio de los Ca\u00eddos en Malvinas, Milei pronunci\u00f3 un discurso donde, fiel a su estilo, apunt\u00f3 contra el kirchnerismo y la dirigencia pol\u00edtica tradicional. \u201cLa mejor manera de defender la soberan\u00eda es con las ideas de la libertad\u201d, afirm\u00f3 el mandatario, planteando su estrategia de fortalecer el pa\u00eds desde lo econ\u00f3mico y lo institucional como v\u00eda para recuperar la soberan\u00eda sobre las islas.<\/p>\n\n\n\n<figure class=\"wp-block-embed is-type-video is-provider-youtube wp-block-embed-youtube wp-embed-aspect-16-9 wp-has-aspect-ratio\"><div class=\"wp-block-embed__wrapper\">\n<iframe loading=\"lazy\" title=\"El an\u00e1lisis de Milei y el rol de la casta pol\u00edtica en la &quot;receta perfecta&quot; sobre las Malvinas\" width=\"1110\" height=\"624\" src=\"https:\/\/www.youtube.com\/embed\/YECkDrUyyds?feature=oembed\" frameborder=\"0\" allow=\"accelerometer; autoplay; clipboard-write; encrypted-media; gyroscope; picture-in-picture; web-share\" referrerpolicy=\"strict-origin-when-cross-origin\" allowfullscreen><\/iframe>\n<\/div><\/figure>\n\n\n\n<p>No obstante, la ausencia de Villarruel no pas\u00f3 desapercibida. La vicepresidenta, de estrecha relaci\u00f3n con las Fuerzas Armadas y con los veteranos de Malvinas, opt\u00f3 por encabezar un acto en Ushuaia, lo que fue interpretado como un desaf\u00edo al liderazgo de Milei en un tema que hist\u00f3ricamente ella ha hecho propio.<\/p>\n\n\n\n<p>Fuentes cercanas al oficialismo confirmaron que Villarruel no fue invitada al acto en Plaza San Mart\u00edn, un gesto que revela las grietas internas en La Libertad Avanza. La vicepresidenta, hija de un veterano de la guerra y defensora ac\u00e9rrima de los militares, ha mantenido diferencias con Milei en temas estrat\u00e9gicos, especialmente en lo referido a la pol\u00edtica de defensa y el rol de las Fuerzas Armadas.<\/p>\n\n\n\n<p>Desde el entorno presidencial se intenta minimizar la tensi\u00f3n, pero la decisi\u00f3n de Villarruel de encabezar su propio homenaje en Ushuaia env\u00eda un mensaje claro: su autonom\u00eda dentro del gobierno y su intenci\u00f3n de consolidarse como l\u00edder de un sector m\u00e1s ligado a la reivindicaci\u00f3n militarista.<\/p>\n\n\n\n<p>La creciente distancia entre el presidente y su vice podr\u00eda traer consecuencias pol\u00edticas en el mediano plazo. Mientras Milei refuerza su discurso libertario y su mirada econ\u00f3mica sobre la soberan\u00eda, Villarruel se erige como la representante de un sector m\u00e1s tradicionalista y nacionalista dentro del espacio oficialista.<\/p>\n\n\n\n<p>El acto por Malvinas, que deber\u00eda haber sido una muestra de unidad en el recuerdo de los h\u00e9roes, termin\u00f3 por dejar en evidencia que la interna dentro del gobierno est\u00e1 lejos de resolverse. La pregunta que queda abierta es hasta d\u00f3nde llegar\u00e1 esta fractura y qu\u00e9 impacto tendr\u00e1 en la gobernabilidad de Milei.<\/p>\n","protected":false},"excerpt":{"rendered":"<p>(Corresponsal\u00eda Buenos Aires) &#8211; El acto por el D\u00eda del Veterano y los Ca\u00eddos en la Guerra de Malvinas dej\u00f3 en evidencia la creciente tensi\u00f3n entre el presidente Javier Milei&hellip; <\/p>\n","protected":false},"author":11,"featured_media":200022,"comment_status":"closed","ping_status":"open","sticky":false,"template":"","format":"standard","meta":{"footnotes":""},"categories":[3],"tags":[],"class_list":["post-200021","post","type-post","status-publish","format-standard","has-post-thumbnail","hentry","category-politica"],"_links":{"self":[{"href":"https:\/\/corrientesdetarde.com\/index.php\/wp-json\/wp\/v2\/posts\/200021","targetHints":{"allow":["GET"]}}],"collection":[{"href":"https:\/\/corrientesdetarde.com\/index.php\/wp-json\/wp\/v2\/posts"}],"about":[{"href":"https:\/\/corrientesdetarde.com\/index.php\/wp-json\/wp\/v2\/types\/post"}],"author":[{"embeddable":true,"href":"https:\/\/corrientesdetarde.com\/index.php\/wp-json\/wp\/v2\/users\/11"}],"replies":[{"embeddable":true,"href":"https:\/\/corrientesdetarde.com\/index.php\/wp-json\/wp\/v2\/comments?post=200021"}],"version-history":[{"count":1,"href":"https:\/\/corrientesdetarde.com\/index.php\/wp-json\/wp\/v2\/posts\/200021\/revisions"}],"predecessor-version":[{"id":200023,"href":"https:\/\/corrientesdetarde.com\/index.php\/wp-json\/wp\/v2\/posts\/200021\/revisions\/200023"}],"wp:featuredmedia":[{"embeddable":true,"href":"https:\/\/corrientesdetarde.com\/index.php\/wp-json\/wp\/v2\/media\/200022"}],"wp:attachment":[{"href":"https:\/\/corrientesdetarde.com\/index.php\/wp-json\/wp\/v2\/media?parent=200021"}],"wp:term":[{"taxonomy":"category","embeddable":true,"href":"https:\/\/corrientesdetarde.com\/index.php\/wp-json\/wp\/v2\/categories?post=200021"},{"taxonomy":"post_tag","embeddable":true,"href":"https:\/\/corrientesdetarde.com\/index.php\/wp-json\/wp\/v2\/tags?post=200021"}],"curies":[{"name":"wp","href":"https:\/\/api.w.org\/{rel}","templated":true}]}}