{"id":200232,"date":"2025-04-03T12:02:13","date_gmt":"2025-04-03T15:02:13","guid":{"rendered":"https:\/\/corrientesdetarde.com\/?p=200232"},"modified":"2025-04-03T12:02:14","modified_gmt":"2025-04-03T15:02:14","slug":"como-son-los-nuevos-moviles-que-usara-la-policia-de-corrientes","status":"publish","type":"post","link":"https:\/\/corrientesdetarde.com\/index.php\/informacion-general\/como-son-los-nuevos-moviles-que-usara-la-policia-de-corrientes\/","title":{"rendered":"\u00bfC\u00f3mo son los nuevos m\u00f3viles que usar\u00e1 la Polic\u00eda de Corrientes?"},"content":{"rendered":"\n<p>El gobernador de la provincia, Gustavo Vald\u00e9s, har\u00e1 la entrega de 100 patrulleros a la Polic\u00eda de Corrientes el viernes por la ma\u00f1ana.<\/p>\n\n\n\n<p>De esta manera se adicionan nuevas unidades para reforzar el poder de acci\u00f3n de la fuerza.<\/p>\n\n\n\n<p>Se pudo conocer que estos veh\u00edculos funcionan&nbsp;con un sistema hibrido, pues combina el impulso por combustible y celdas el\u00e9ctricas.<\/p>\n\n\n\n<p>Cabe recordar que en marzo del a\u00f1o pasado, Vald\u00e9s realiz\u00f3 un acto similar con la incorporaci\u00f3n de 100 veh\u00edculos. Al respecto dijo que &#8220;con una inversi\u00f3n de 2.500 millones de pesos vamos a seguir dando mayor fuerza operativa, la cual es fundamental para tener prevenci\u00f3n al delito&#8221;.<\/p>\n","protected":false},"excerpt":{"rendered":"<p>El gobernador de la provincia, Gustavo Vald\u00e9s, har\u00e1 la entrega de 100 patrulleros a la Polic\u00eda de Corrientes el viernes por la ma\u00f1ana. De esta manera se adicionan nuevas unidades&hellip; <\/p>\n","protected":false},"author":1,"featured_media":200236,"comment_status":"closed","ping_status":"open","sticky":false,"template":"","format":"standard","meta":{"footnotes":""},"categories":[1],"tags":[],"class_list":["post-200232","post","type-post","status-publish","format-standard","has-post-thumbnail","hentry","category-informacion-general"],"_links":{"self":[{"href":"https:\/\/corrientesdetarde.com\/index.php\/wp-json\/wp\/v2\/posts\/200232","targetHints":{"allow":["GET"]}}],"collection":[{"href":"https:\/\/corrientesdetarde.com\/index.php\/wp-json\/wp\/v2\/posts"}],"about":[{"href":"https:\/\/corrientesdetarde.com\/index.php\/wp-json\/wp\/v2\/types\/post"}],"author":[{"embeddable":true,"href":"https:\/\/corrientesdetarde.com\/index.php\/wp-json\/wp\/v2\/users\/1"}],"replies":[{"embeddable":true,"href":"https:\/\/corrientesdetarde.com\/index.php\/wp-json\/wp\/v2\/comments?post=200232"}],"version-history":[{"count":1,"href":"https:\/\/corrientesdetarde.com\/index.php\/wp-json\/wp\/v2\/posts\/200232\/revisions"}],"predecessor-version":[{"id":200237,"href":"https:\/\/corrientesdetarde.com\/index.php\/wp-json\/wp\/v2\/posts\/200232\/revisions\/200237"}],"wp:featuredmedia":[{"embeddable":true,"href":"https:\/\/corrientesdetarde.com\/index.php\/wp-json\/wp\/v2\/media\/200236"}],"wp:attachment":[{"href":"https:\/\/corrientesdetarde.com\/index.php\/wp-json\/wp\/v2\/media?parent=200232"}],"wp:term":[{"taxonomy":"category","embeddable":true,"href":"https:\/\/corrientesdetarde.com\/index.php\/wp-json\/wp\/v2\/categories?post=200232"},{"taxonomy":"post_tag","embeddable":true,"href":"https:\/\/corrientesdetarde.com\/index.php\/wp-json\/wp\/v2\/tags?post=200232"}],"curies":[{"name":"wp","href":"https:\/\/api.w.org\/{rel}","templated":true}]}}