{"id":200238,"date":"2025-04-03T13:08:07","date_gmt":"2025-04-03T16:08:07","guid":{"rendered":"https:\/\/corrientesdetarde.com\/?p=200238"},"modified":"2025-04-03T13:08:11","modified_gmt":"2025-04-03T16:08:11","slug":"libertadores-y-sudamericana-central-cordoba-lanus-y-defensa-y-justicia-tendran-hoy-sus-debuts","status":"publish","type":"post","link":"https:\/\/corrientesdetarde.com\/index.php\/deportes\/libertadores-y-sudamericana-central-cordoba-lanus-y-defensa-y-justicia-tendran-hoy-sus-debuts\/","title":{"rendered":"Libertadores y Sudamericana: Central C\u00f3rdoba, Lan\u00fas y Defensa y Justicia tendr\u00e1n hoy sus debuts"},"content":{"rendered":"\n<p><strong>Por Coco Ram\u00f3n<\/strong><\/p>\n\n\n\n<figure class=\"wp-block-embed is-type-video is-provider-youtube wp-block-embed-youtube wp-embed-aspect-16-9 wp-has-aspect-ratio\"><div class=\"wp-block-embed__wrapper\">\n<iframe loading=\"lazy\" title=\"Libertadores y Sudamericana: Central C\u00f3rdoba, Lan\u00fas y Defensa y Justicia tendr\u00e1n hoy sus debuts\" width=\"1110\" height=\"624\" src=\"https:\/\/www.youtube.com\/embed\/FyZN6rIOcVY?feature=oembed\" frameborder=\"0\" allow=\"accelerometer; autoplay; clipboard-write; encrypted-media; gyroscope; picture-in-picture; web-share\" referrerpolicy=\"strict-origin-when-cross-origin\" allowfullscreen><\/iframe>\n<\/div><\/figure>\n","protected":false},"excerpt":{"rendered":"<p>Por Coco Ram\u00f3n<\/p>\n","protected":false},"author":11,"featured_media":200239,"comment_status":"closed","ping_status":"open","sticky":false,"template":"","format":"standard","meta":{"footnotes":""},"categories":[4],"tags":[1130,2093,955,1142,1552,1144,2133],"class_list":["post-200238","post","type-post","status-publish","format-standard","has-post-thumbnail","hentry","category-deportes","tag-analisis","tag-central-cordoba","tag-copa-libertadores","tag-copa-sudamericana","tag-debut","tag-defensa-y-justicia","tag-lanus-2"],"_links":{"self":[{"href":"https:\/\/corrientesdetarde.com\/index.php\/wp-json\/wp\/v2\/posts\/200238","targetHints":{"allow":["GET"]}}],"collection":[{"href":"https:\/\/corrientesdetarde.com\/index.php\/wp-json\/wp\/v2\/posts"}],"about":[{"href":"https:\/\/corrientesdetarde.com\/index.php\/wp-json\/wp\/v2\/types\/post"}],"author":[{"embeddable":true,"href":"https:\/\/corrientesdetarde.com\/index.php\/wp-json\/wp\/v2\/users\/11"}],"replies":[{"embeddable":true,"href":"https:\/\/corrientesdetarde.com\/index.php\/wp-json\/wp\/v2\/comments?post=200238"}],"version-history":[{"count":1,"href":"https:\/\/corrientesdetarde.com\/index.php\/wp-json\/wp\/v2\/posts\/200238\/revisions"}],"predecessor-version":[{"id":200240,"href":"https:\/\/corrientesdetarde.com\/index.php\/wp-json\/wp\/v2\/posts\/200238\/revisions\/200240"}],"wp:featuredmedia":[{"embeddable":true,"href":"https:\/\/corrientesdetarde.com\/index.php\/wp-json\/wp\/v2\/media\/200239"}],"wp:attachment":[{"href":"https:\/\/corrientesdetarde.com\/index.php\/wp-json\/wp\/v2\/media?parent=200238"}],"wp:term":[{"taxonomy":"category","embeddable":true,"href":"https:\/\/corrientesdetarde.com\/index.php\/wp-json\/wp\/v2\/categories?post=200238"},{"taxonomy":"post_tag","embeddable":true,"href":"https:\/\/corrientesdetarde.com\/index.php\/wp-json\/wp\/v2\/tags?post=200238"}],"curies":[{"name":"wp","href":"https:\/\/api.w.org\/{rel}","templated":true}]}}