{"id":200242,"date":"2025-04-03T14:27:43","date_gmt":"2025-04-03T17:27:43","guid":{"rendered":"https:\/\/corrientesdetarde.com\/?p=200242"},"modified":"2025-04-03T14:27:47","modified_gmt":"2025-04-03T17:27:47","slug":"pusimos-a-corrientes-de-pie-mirando-al-siglo-21resalto-tassano-en-el-437-aniversario-de-la-ciudad","status":"publish","type":"post","link":"https:\/\/corrientesdetarde.com\/index.php\/informacion-general\/pusimos-a-corrientes-de-pie-mirando-al-siglo-21resalto-tassano-en-el-437-aniversario-de-la-ciudad\/","title":{"rendered":"\u201cPusimos a Corrientes de pie, mirando al siglo 21\u201d,resalt\u00f3 Tassano en el 437\u00b0 aniversario de la ciudad"},"content":{"rendered":"\n<p>El intendente presidi\u00f3 la ceremonia en el M\u00e1stil de la Ciudad y frente a la Cruz Fundacional. destac\u00f3 su rica historia urbana y un presente de transformaci\u00f3n en infraestructura y diversos \u00e1mbitos en estos siete a\u00f1os de gesti\u00f3n municipal, y marc\u00f3 el trabajo mancomunado con el Gobierno provincial.<\/p>\n\n\n\n<figure class=\"wp-block-embed is-type-video is-provider-youtube wp-block-embed-youtube wp-embed-aspect-16-9 wp-has-aspect-ratio\"><div class=\"wp-block-embed__wrapper\">\n<iframe loading=\"lazy\" title=\"Aniversario de la ciudad: \u201cPusimos a Corrientes de pie, mirando al siglo 21\u201d, resalt\u00f3 Tassano\" width=\"1110\" height=\"624\" src=\"https:\/\/www.youtube.com\/embed\/yUTgVdwQFvc?feature=oembed\" frameborder=\"0\" allow=\"accelerometer; autoplay; clipboard-write; encrypted-media; gyroscope; picture-in-picture; web-share\" referrerpolicy=\"strict-origin-when-cross-origin\" allowfullscreen><\/iframe>\n<\/div><\/figure>\n\n\n\n<p>La ciudad de Corrientes cumpli\u00f3 este jueves 437 a\u00f1os y lo conmemor\u00f3 en un acto central llevado a cabo en horas de la ma\u00f1ana en la zona de punta Arazaty, lugar fundacional de la capital provincial.<br>La tradicional ceremonia se desarroll\u00f3 en el M\u00e1stil de la Ciudad y posteriormente, ya frente a la Cruz Fundacional, se colocaron ofrendas florales.<br>El encuentro estuvo encabezado por el intendente Eduardo Tassano, acompa\u00f1ado por el vicegobernador, Pedro Braillard Poccard, y el viceintendente, Emilio Lanari.<br>En la ocasi\u00f3n, Tassano destac\u00f3 la rica historia de la inicial \u201cCiudad de Vera de las Siete Corrientes\u201d, pasando por todo un proceso de fuertes cambios sociales y pol\u00edticos, desde la misma fundaci\u00f3n hasta los tiempos m\u00e1s complejos del Virreinato del R\u00edo de la Plata, de las posteriores luchas por la independencia nacional y m\u00e1s tarde por el federalismo, hasta llegar a un presente con desarrollo y mirada hacia el futuro. \u201cPusimos a Corrientes de pie, mirando al siglo 21\u201d, se\u00f1al\u00f3 Tassano y asegur\u00f3: \u201cSeguimos en este camino de modernizaci\u00f3n y pol\u00edticas modernas para mantener el ritmo de crecimiento\u201d.<br>De esta forma, \u201cvamos a seguir trabajando para poner a la ciudad m\u00e1s linda del mundo en el pedestal que se merece\u201d, remarc\u00f3.<br>En este marco valor\u00f3 el actual trabajo mancomunado con el Gobierno provincial que logr\u00f3 una reparaci\u00f3n hist\u00f3rica con Capital en materia de infraestructura y pol\u00edticas p\u00fablicas articuladas, dejando atr\u00e1s perjudiciales tiempos de enormes diferencias pol\u00edticas entre la Provincia y el Municipio capitalino.<br><br>BELLEZA Y POTENCIAL<br>Por su parte, el viceintendente se\u00f1al\u00f3 que \u201cCorrientes marc\u00f3 y sigue marcando hitos en la Argentina, por sus caracter\u00edsticas, por su lucha por el federalismo y tambi\u00e9n por su cultura y sus bellezas naturales\u201d.<br>Sobre esto \u00faltimo, Lanari acentu\u00f3: \u201cTrabajamos para que esta ciudad, que hace muchos a\u00f1os era considerada tur\u00edsticamente como \u2018de paso\u2019, hoy sea un lugar de referencia en el turismo y los eventos nacionales\u201d.<br><br>FESTEJO COMUNITARIO<br>En el acto por el aniversario de fundaci\u00f3n de la ciudad asistieron representantes de diversas instituciones del medio. Entre ellas, del \u00e1mbito educativa, como los Centros de Desarrollo Infantil (CDI) que funcionan bajo la \u00f3rbita municipal.<br>Al respecto, la directora del CDI N\u00b06, Karina Mi\u00f1o, indic\u00f3 que \u201cvinimos hoy al cumplea\u00f1os de la ciudad en representaci\u00f3n de los 16 CDI que funcionan en Corrientes. Es un d\u00eda especial y muy importante para que los chicos se sumen y tengan presente la historia de su ciudad, sus tradiciones y los desaf\u00edos para el futuro\u201d, concluy\u00f3.<\/p>\n\n\n\n<figure class=\"wp-block-image size-large\"><img loading=\"lazy\" decoding=\"async\" width=\"1024\" height=\"688\" src=\"https:\/\/corrientesdetarde.com\/wp-content\/uploads\/2025\/04\/image-120-1024x688.png\" alt=\"\" class=\"wp-image-200245\" srcset=\"https:\/\/corrientesdetarde.com\/wp-content\/uploads\/2025\/04\/image-120-1024x688.png 1024w, https:\/\/corrientesdetarde.com\/wp-content\/uploads\/2025\/04\/image-120-300x202.png 300w, https:\/\/corrientesdetarde.com\/wp-content\/uploads\/2025\/04\/image-120-768x516.png 768w, https:\/\/corrientesdetarde.com\/wp-content\/uploads\/2025\/04\/image-120.png 1252w\" sizes=\"auto, (max-width: 1024px) 100vw, 1024px\" \/><\/figure>\n","protected":false},"excerpt":{"rendered":"<p>El intendente presidi\u00f3 la ceremonia en el M\u00e1stil de la Ciudad y frente a la Cruz Fundacional. destac\u00f3 su rica historia urbana y un presente de transformaci\u00f3n en infraestructura y&hellip; <\/p>\n","protected":false},"author":1,"featured_media":200244,"comment_status":"closed","ping_status":"open","sticky":false,"template":"","format":"standard","meta":{"footnotes":""},"categories":[1],"tags":[],"class_list":["post-200242","post","type-post","status-publish","format-standard","has-post-thumbnail","hentry","category-informacion-general"],"_links":{"self":[{"href":"https:\/\/corrientesdetarde.com\/index.php\/wp-json\/wp\/v2\/posts\/200242","targetHints":{"allow":["GET"]}}],"collection":[{"href":"https:\/\/corrientesdetarde.com\/index.php\/wp-json\/wp\/v2\/posts"}],"about":[{"href":"https:\/\/corrientesdetarde.com\/index.php\/wp-json\/wp\/v2\/types\/post"}],"author":[{"embeddable":true,"href":"https:\/\/corrientesdetarde.com\/index.php\/wp-json\/wp\/v2\/users\/1"}],"replies":[{"embeddable":true,"href":"https:\/\/corrientesdetarde.com\/index.php\/wp-json\/wp\/v2\/comments?post=200242"}],"version-history":[{"count":1,"href":"https:\/\/corrientesdetarde.com\/index.php\/wp-json\/wp\/v2\/posts\/200242\/revisions"}],"predecessor-version":[{"id":200246,"href":"https:\/\/corrientesdetarde.com\/index.php\/wp-json\/wp\/v2\/posts\/200242\/revisions\/200246"}],"wp:featuredmedia":[{"embeddable":true,"href":"https:\/\/corrientesdetarde.com\/index.php\/wp-json\/wp\/v2\/media\/200244"}],"wp:attachment":[{"href":"https:\/\/corrientesdetarde.com\/index.php\/wp-json\/wp\/v2\/media?parent=200242"}],"wp:term":[{"taxonomy":"category","embeddable":true,"href":"https:\/\/corrientesdetarde.com\/index.php\/wp-json\/wp\/v2\/categories?post=200242"},{"taxonomy":"post_tag","embeddable":true,"href":"https:\/\/corrientesdetarde.com\/index.php\/wp-json\/wp\/v2\/tags?post=200242"}],"curies":[{"name":"wp","href":"https:\/\/api.w.org\/{rel}","templated":true}]}}