{"id":200370,"date":"2025-04-04T08:56:28","date_gmt":"2025-04-04T11:56:28","guid":{"rendered":"https:\/\/corrientesdetarde.com\/?p=200370"},"modified":"2025-04-04T08:56:32","modified_gmt":"2025-04-04T11:56:32","slug":"jack-doohan-volvio-a-chocar-y-destrozo-su-auto-en-la-segunda-practica","status":"publish","type":"post","link":"https:\/\/corrientesdetarde.com\/index.php\/deportes\/jack-doohan-volvio-a-chocar-y-destrozo-su-auto-en-la-segunda-practica\/","title":{"rendered":"Jack Doohan volvi\u00f3 a chocar y destroz\u00f3 su auto en la segunda pr\u00e1ctica"},"content":{"rendered":"\n<p>La F\u00f3rmula 1 llev\u00f3 a cabo la jornada inicial en el Aut\u00f3dromo de Suzuka, sede del Gran Premio de Jap\u00f3n, que constituye la tercera fecha de la temporada. Tras una primera pr\u00e1ctica que dej\u00f3 a Landro Norris como el m\u00e1s veloz, la nota la volvi\u00f3 a dar el australiano Jack Doohan con un fuerte choque en la segunda pr\u00e1ctica.<\/p>\n\n\n\n<p><\/p>\n\n\n\n<p>El piloto de Alpine, que compite por la segunda butaca del equipo con el argentino Franco Colpatino, sufri\u00f3 un impactante choque cuando estaba dando la segunda vuelta en la pen\u00faltima sesi\u00f3n de pr\u00e1cticas antes de la clasificaci\u00f3n.<\/p>\n\n\n\n<p>El australiano perdi\u00f3 el control del auto cuando estaba llegando a la primera curva del circuito luego de la largada e impact\u00f3 contra el muro, destrozando el auto.<\/p>\n\n\n\n<blockquote class=\"twitter-tweet\" data-media-max-width=\"560\"><p lang=\"es\" dir=\"ltr\">PERDI\u00d3 EL CONTROL POR COMPLETO<br><br>El TREMENDO accidente de Jack Doohan en la segunda pr\u00e1ctica libre del <a href=\"https:\/\/twitter.com\/hashtag\/JapaneseGP?src=hash&amp;ref_src=twsrc%5Etfw\">#JapaneseGP<\/a>. <br><br>\u25b6\ufe0f M\u00e1s \ud83c\udfc1 <a href=\"https:\/\/twitter.com\/hashtag\/Formula1?src=hash&amp;ref_src=twsrc%5Etfw\">#Formula1<\/a> en <a href=\"https:\/\/twitter.com\/hashtag\/DisneyPlus?src=hash&amp;ref_src=twsrc%5Etfw\">#DisneyPlus<\/a> Premium <a href=\"https:\/\/t.co\/TODpcXHug3\">pic.twitter.com\/TODpcXHug3<\/a><\/p>&mdash; ESPN Argentina (@ESPNArgentina) <a href=\"https:\/\/twitter.com\/ESPNArgentina\/status\/1908044762076024851?ref_src=twsrc%5Etfw\">April 4, 2025<\/a><\/blockquote> <script async src=\"https:\/\/platform.twitter.com\/widgets.js\" charset=\"utf-8\"><\/script>\n\n\n\n<p>Si bien pudo salir por sus propios medios, el foco ahora est\u00e1 puesto en qu\u00e9 ocurrir\u00e1 en el segundo d\u00eda de competencia donde se destaca la clasificaci\u00f3n (se realizar\u00e1 este s\u00e1bado a las 3AM de Argentina). Si bien mostr\u00f3 mostr\u00f3 se\u00f1ales de dolor en uno de sus brazos, el equipo asegur\u00f3 que Doohan &#8220;est\u00e1 bien&#8221; en un parte m\u00e9dico. Sin embargo, no confirmaron si llegar\u00e1n a poner el auto en condiciones de salir a pista.<\/p>\n\n\n\n<p>De todos modos, m\u00e1s all\u00e1 de su futuro en el equipo tras un nuevo accidente, las preguntas permanecer\u00e1n en la decisi\u00f3n que tomar\u00e1 el equipo en caso de que el australiano no pueda completar la jornada de competencia durante este fin de semana. A diferencia de lo que fue el Gran Premio de China donde se vio Colapinto en el paddock, el argentino no est\u00e1 en el Circuito de Suzuka.<\/p>\n\n\n\n<blockquote class=\"twitter-tweet\" data-media-max-width=\"560\"><p lang=\"es\" dir=\"ltr\">LA REACCI\u00d3N DEL P\u00daBLICO EN SUZUKA. As\u00ed se vivi\u00f3 el accidente de Jack Doohan desde la tribuna en la curva 1 del aut\u00f3dromo japon\u00e9s durante la FP2 del <a href=\"https:\/\/twitter.com\/hashtag\/JapaneseGP?src=hash&amp;ref_src=twsrc%5Etfw\">#JapaneseGP<\/a>.<a href=\"https:\/\/t.co\/W5BaCMk9o5\">pic.twitter.com\/W5BaCMk9o5<\/a><\/p>&mdash; SportsCenter (@SC_ESPN) <a href=\"https:\/\/twitter.com\/SC_ESPN\/status\/1908106473802006902?ref_src=twsrc%5Etfw\">April 4, 2025<\/a><\/blockquote> <script async src=\"https:\/\/platform.twitter.com\/widgets.js\" charset=\"utf-8\"><\/script>\n\n\n\n<p>En ese sentido, la escuder\u00eda hab\u00eda tomado previamente la decisi\u00f3n de poner al local Ryo Hirakawa en el coche de Doohan durante la FP1 para cumplir con el reglamento de darle actividad a corredores sin experiencia en la F1. El japon\u00e9s, uno de los cuatro pilotos de reserva de Alpine junto con Colapinto, Kush Maini y Paul Aron, hoy deber\u00eda ser el responsable de tomar las riendas del coche si el australiano no puede tener acci\u00f3n durante el resto del fin de semana.<\/p>\n\n\n\n<p>Doohan protagoniz\u00f3 este accidente en la curva 1 antes de alcanzar los 10 minutos iniciales de actividad en Suzuka. Alcanz\u00f3 a dar apenas cuatro vueltas para poner los neum\u00e1ticos en temperatura antes de empezar a buscar tiempos y pulir las configuraciones de cara a la carrera principal. &#8220;Ha sido fuerte&#8221;, dijo luego en declaraciones que difundi\u00f3 la escuder\u00eda.<\/p>\n\n\n\n<p>Jack, que debut\u00f3 en la \u00faltima carrera de la temporada pasada y finaliz\u00f3 15\u00b0 en Abu Dhabi, inici\u00f3 este 2025 con diversos problemas. Choc\u00f3 su auto en la primera vuelta del GP de Australia bajo la lluvia y protagoniz\u00f3 un pol\u00e9mico toque con el brasile\u00f1o Gabriel Bortoleto durante la Sprint de China, en la carrera siguiente. Durante la competencia principal del domingo en Shangh\u00e1i, el australiano tuvo una maniobra arriesgada en un frenaje, en la que su movimiento gener\u00f3 que Isack Hadjar (Racing Bulls) deba salirse de la pista. Otra vez el oce\u00e1nico fue penalizado con diez segundos y dos puntos.<\/p>\n\n\n<div class=\"wp-block-image\">\n<figure class=\"aligncenter size-full\"><img loading=\"lazy\" decoding=\"async\" width=\"482\" height=\"456\" src=\"https:\/\/corrientesdetarde.com\/wp-content\/uploads\/2025\/04\/image-145.png\" alt=\"\" class=\"wp-image-200372\" srcset=\"https:\/\/corrientesdetarde.com\/wp-content\/uploads\/2025\/04\/image-145.png 482w, https:\/\/corrientesdetarde.com\/wp-content\/uploads\/2025\/04\/image-145-300x284.png 300w\" sizes=\"auto, (max-width: 482px) 100vw, 482px\" \/><\/figure>\n<\/div>","protected":false},"excerpt":{"rendered":"<p>La F\u00f3rmula 1 llev\u00f3 a cabo la jornada inicial en el Aut\u00f3dromo de Suzuka, sede del Gran Premio de Jap\u00f3n, que constituye la tercera fecha de la temporada. Tras una&hellip; <\/p>\n","protected":false},"author":1,"featured_media":200371,"comment_status":"closed","ping_status":"open","sticky":false,"template":"","format":"standard","meta":{"footnotes":""},"categories":[4],"tags":[],"class_list":["post-200370","post","type-post","status-publish","format-standard","has-post-thumbnail","hentry","category-deportes"],"_links":{"self":[{"href":"https:\/\/corrientesdetarde.com\/index.php\/wp-json\/wp\/v2\/posts\/200370","targetHints":{"allow":["GET"]}}],"collection":[{"href":"https:\/\/corrientesdetarde.com\/index.php\/wp-json\/wp\/v2\/posts"}],"about":[{"href":"https:\/\/corrientesdetarde.com\/index.php\/wp-json\/wp\/v2\/types\/post"}],"author":[{"embeddable":true,"href":"https:\/\/corrientesdetarde.com\/index.php\/wp-json\/wp\/v2\/users\/1"}],"replies":[{"embeddable":true,"href":"https:\/\/corrientesdetarde.com\/index.php\/wp-json\/wp\/v2\/comments?post=200370"}],"version-history":[{"count":1,"href":"https:\/\/corrientesdetarde.com\/index.php\/wp-json\/wp\/v2\/posts\/200370\/revisions"}],"predecessor-version":[{"id":200373,"href":"https:\/\/corrientesdetarde.com\/index.php\/wp-json\/wp\/v2\/posts\/200370\/revisions\/200373"}],"wp:featuredmedia":[{"embeddable":true,"href":"https:\/\/corrientesdetarde.com\/index.php\/wp-json\/wp\/v2\/media\/200371"}],"wp:attachment":[{"href":"https:\/\/corrientesdetarde.com\/index.php\/wp-json\/wp\/v2\/media?parent=200370"}],"wp:term":[{"taxonomy":"category","embeddable":true,"href":"https:\/\/corrientesdetarde.com\/index.php\/wp-json\/wp\/v2\/categories?post=200370"},{"taxonomy":"post_tag","embeddable":true,"href":"https:\/\/corrientesdetarde.com\/index.php\/wp-json\/wp\/v2\/tags?post=200370"}],"curies":[{"name":"wp","href":"https:\/\/api.w.org\/{rel}","templated":true}]}}