{"id":200405,"date":"2025-04-04T19:57:52","date_gmt":"2025-04-04T22:57:52","guid":{"rendered":"https:\/\/corrientesdetarde.com\/?p=200405"},"modified":"2025-04-04T19:57:55","modified_gmt":"2025-04-04T22:57:55","slug":"el-ministerio-de-salud-ofrece-capacitaciones-en-emergentologia-y-cuidado-del-adulto-mayor","status":"publish","type":"post","link":"https:\/\/corrientesdetarde.com\/index.php\/bienestar-y-salud\/el-ministerio-de-salud-ofrece-capacitaciones-en-emergentologia-y-cuidado-del-adulto-mayor\/","title":{"rendered":"El Ministerio de Salud ofrece capacitaciones en Emergentolog\u00eda y Cuidado del Adulto Mayor"},"content":{"rendered":"\n<p><em>Habr\u00e1 talleres sobre el cuidado y manejo del paciente neurol\u00f3gico secuelado y, c\u00f3mo promover la autonom\u00eda, la calidad y el bienestar integral de las personas mayores. Est\u00e1 destinado a personal de salud.<\/em><\/p>\n\n\n\n<p>El Ministerio de Salud P\u00fablica a trav\u00e9s de la Direcci\u00f3n de Docencia e Investigaci\u00f3n iniciar\u00e1 el Ciclo 2025 de Formaci\u00f3n, Capacitaci\u00f3n y Actualizaci\u00f3n con un programa renovado de actividades educativas que se desarrollar\u00e1n de manera presencial y virtual. Cabe indicar que \u00e9sta \u00e1rea, est\u00e1 bajo la \u00f3rbita de la Direcci\u00f3n General de Capital Humano a cargo de Teresita Dom\u00ednguez.<br>El presente ciclo lectivo continuar\u00e1 abordando las distintas \u00e1reas de la Emergentolog\u00eda y se sum\u00f3 una propuesta que contribuir\u00e1 a paliar una demanda puntual de diferentes nosocomios del interior. Se trata del Workshop \u201cCuidado y manejo del paciente neurol\u00f3gico secuelado\u201d, que recorrer\u00e1 diferentes centros de salud del interior y comenzar\u00e1 de manera presencial el viernes 25 de abril.&nbsp;<br>El mismo, ser\u00e1 coordinado por el Dr. Marcelo Wirz, m\u00e9dico neurocirujano y docente de la c\u00e1tedra Emergentolog\u00eda de la carrera de Medicina de la Universidad Nacional del Nordeste (UNNE). Habr\u00e1 un programa novedoso y necesario, que incluye actualizaciones fundamentales en tiempos de inteligencia artificial, rob\u00f3tica y aplicaciones telef\u00f3nicas, donde el buen uso de la tecnolog\u00eda puede ayudarnos a salvar vidas.&nbsp;<br>La propuesta, se desarrollar\u00e1 mediante el sistema de aula-taller por los resultados pedag\u00f3gicos que brinda en las formaciones presenciales actuales. Est\u00e1 dirigido a m\u00e9dicos, kinesi\u00f3logos, enfermeros, param\u00e9dicos, t\u00e9cnicos diversos y personal de apoyo hospitalario.&nbsp;<br>Cabe se\u00f1alar que el paciente neurol\u00f3gico secuelado representa un reto cl\u00ednico y social debido a las limitaciones funcionales que pueden afectar su autonom\u00eda y calidad de vida. Secuelas derivadas de eventos cerebrovasculares, traumatismos craneoencef\u00e1licos, enfermedades neurodegenerativas y otras patolog\u00edas neurol\u00f3gicas requieren un enfoque multidisciplinario que abarque aspectos m\u00e9dicos, rehabilitaci\u00f3n integral y apoyo psicosocial.&nbsp;<br>Este taller busca exponer estrategias eficaces para el abordaje y manejo de este tipo de casos, promoviendo la optimizaci\u00f3n de su funcionalidad y bienestar.&nbsp;<\/p>\n\n\n\n<p><strong>Adultos mayores<\/strong><br>Durante el presente ciclo lectivo reeditar\u00e1n una propuesta lanzada en el a\u00f1o 2023, a la que han realizado actualizaciones e incluyeron nuevos m\u00f3dulos para presentar los \u00faltimos avances cient\u00edficos y un abordaje psicosocial y legal que resulta fundamental tener en cuenta.&nbsp;<br>Se trata de la segunda cohorte del \u201cCurso Virtual de Capacitaci\u00f3n de Cuidadores Domiciliarios para Adultos Mayores\u201d que junto a la Direcci\u00f3n de la Tercera Edad y la Direcci\u00f3n de Sistemas se llevar\u00e1 adelante a partir del lunes 28 de abril a las 15 desde la plataforma educativa de nuestro ministerio (<a href=\"https:\/\/4ue34.r.sp1-brevo.net\/mk\/cl\/f\/sh\/6rqJfgq8dINmNvd2HB7mP7OK8Ju\/9Jw60JCEIy6c\" target=\"_blank\" rel=\"noreferrer noopener\">https:\/\/mspvirtual.saludcorrientes.gob.ar\/<\/a>).&nbsp;<br>El sistema de instrucci\u00f3n e-learning, es adoptado por las mejores universidades del mundo y de probada eficacia en tiempos de pospandemia para favorecer el acceso simult\u00e1neo a una mayor cantidad de participantes de toda la provincia y limitar los inconvenientes financieros o personales que pudieran generar el traslado durante las diez semanas que demandar\u00e1 el cursado.<br>Estar\u00e1 coordinado por el Lic. Juan Melgarejo Galarza, kinesi\u00f3logo y titular de la Direcci\u00f3n de la Tercera Edad.&nbsp;<br>Tiene como objetivo principal promover la autonom\u00eda, la calidad en el cuidado y el bienestar integral de los adultos mayores con alg\u00fan grado de dependencia, a trav\u00e9s de la formaci\u00f3n de recursos humanos calificados en la tem\u00e1tica de la atenci\u00f3n domiciliaria. Esto, brindando los conocimientos necesarios para desempe\u00f1arse correctamente en la atenci\u00f3n preventiva, recreativa y asistencial, toda vez que se desempe\u00f1ar\u00e1n profesionalmente con una franja etaria vulnerable, estimulando sus capacidades, haci\u00e9ndolos part\u00edcipes activos de las actividades del grupo familiar, en pos de una mejor calidad de vida y un envejecimiento saludable.&nbsp;<br>Para contactarse con la Direcci\u00f3n de Docencia e Investigaci\u00f3n y solicitar m\u00e1s informaci\u00f3n sobre las diferentes propuestas se puede escribir a&nbsp;<a href=\"mailto:docenciaeinvestigacion@saludcorrientes.gob.ar\" target=\"_blank\" rel=\"noreferrer noopener\">docenciaeinvestigacion@saludcorrientes.gob.ar<\/a>.<\/p>\n","protected":false},"excerpt":{"rendered":"<p>Habr\u00e1 talleres sobre el cuidado y manejo del paciente neurol\u00f3gico secuelado y, c\u00f3mo promover la autonom\u00eda, la calidad y el bienestar integral de las personas mayores. Est\u00e1 destinado a personal&hellip; <\/p>\n","protected":false},"author":4,"featured_media":200411,"comment_status":"closed","ping_status":"open","sticky":false,"template":"","format":"standard","meta":{"footnotes":""},"categories":[16],"tags":[],"class_list":["post-200405","post","type-post","status-publish","format-standard","has-post-thumbnail","hentry","category-bienestar-y-salud"],"_links":{"self":[{"href":"https:\/\/corrientesdetarde.com\/index.php\/wp-json\/wp\/v2\/posts\/200405","targetHints":{"allow":["GET"]}}],"collection":[{"href":"https:\/\/corrientesdetarde.com\/index.php\/wp-json\/wp\/v2\/posts"}],"about":[{"href":"https:\/\/corrientesdetarde.com\/index.php\/wp-json\/wp\/v2\/types\/post"}],"author":[{"embeddable":true,"href":"https:\/\/corrientesdetarde.com\/index.php\/wp-json\/wp\/v2\/users\/4"}],"replies":[{"embeddable":true,"href":"https:\/\/corrientesdetarde.com\/index.php\/wp-json\/wp\/v2\/comments?post=200405"}],"version-history":[{"count":1,"href":"https:\/\/corrientesdetarde.com\/index.php\/wp-json\/wp\/v2\/posts\/200405\/revisions"}],"predecessor-version":[{"id":200412,"href":"https:\/\/corrientesdetarde.com\/index.php\/wp-json\/wp\/v2\/posts\/200405\/revisions\/200412"}],"wp:featuredmedia":[{"embeddable":true,"href":"https:\/\/corrientesdetarde.com\/index.php\/wp-json\/wp\/v2\/media\/200411"}],"wp:attachment":[{"href":"https:\/\/corrientesdetarde.com\/index.php\/wp-json\/wp\/v2\/media?parent=200405"}],"wp:term":[{"taxonomy":"category","embeddable":true,"href":"https:\/\/corrientesdetarde.com\/index.php\/wp-json\/wp\/v2\/categories?post=200405"},{"taxonomy":"post_tag","embeddable":true,"href":"https:\/\/corrientesdetarde.com\/index.php\/wp-json\/wp\/v2\/tags?post=200405"}],"curies":[{"name":"wp","href":"https:\/\/api.w.org\/{rel}","templated":true}]}}