{"id":200410,"date":"2025-04-04T20:27:54","date_gmt":"2025-04-04T23:27:54","guid":{"rendered":"https:\/\/corrientesdetarde.com\/?p=200410"},"modified":"2025-04-04T20:27:57","modified_gmt":"2025-04-04T23:27:57","slug":"los-residentes-mostraron-la-solida-oferta-educativa-de-la-provincia","status":"publish","type":"post","link":"https:\/\/corrientesdetarde.com\/index.php\/actualidad\/los-residentes-mostraron-la-solida-oferta-educativa-de-la-provincia\/","title":{"rendered":"Los residentes mostraron la s\u00f3lida oferta educativa de la provincia"},"content":{"rendered":"\n<p><em>En el Hospital Escuela, se realiz\u00f3 una jornada donde expusieron trabajos cient\u00edficos presentados en congresos nacionales e internacionales. Adem\u00e1s, de la labor diaria y la formaci\u00f3n que se lleva adelante en nosocomios tanto de capital como del interior. Encabez\u00f3 el acto de apertura, el ministro Ricardo Cardozo, quien felicit\u00f3 a todos los profesionales que forman parte de este sistema.<\/em><\/p>\n\n\n\n<p>El Ministerio de Salud P\u00fablica realiz\u00f3 a trav\u00e9s de la Direcci\u00f3n de Formaci\u00f3n de Profesionales de la Salud, el D\u00eda Abierto para las Residencias. Estuvo coordinado por qui\u00e9n est\u00e1 al frente de esta \u00e1rea, Nora Ropelato y tambi\u00e9n por la Direcci\u00f3n General de Capital Humano, cuya directora es&nbsp;Teresita&nbsp;Dom\u00ednguez. El evento, se realiz\u00f3 durante toda la ma\u00f1ana en el Hospital Escuela.<\/p>\n\n\n\n<figure class=\"wp-block-image size-large\"><img loading=\"lazy\" decoding=\"async\" width=\"1024\" height=\"679\" src=\"https:\/\/corrientesdetarde.com\/wp-content\/uploads\/2025\/04\/image-165-1024x679.png\" alt=\"\" class=\"wp-image-200427\" srcset=\"https:\/\/corrientesdetarde.com\/wp-content\/uploads\/2025\/04\/image-165-1024x679.png 1024w, https:\/\/corrientesdetarde.com\/wp-content\/uploads\/2025\/04\/image-165-300x199.png 300w, https:\/\/corrientesdetarde.com\/wp-content\/uploads\/2025\/04\/image-165-768x510.png 768w, https:\/\/corrientesdetarde.com\/wp-content\/uploads\/2025\/04\/image-165.png 1364w\" sizes=\"auto, (max-width: 1024px) 100vw, 1024px\" \/><\/figure>\n\n\n\n<p>Cabe indicar que tambi\u00e9n estuvo presente la secretaria de posgrado Viviana Navarro. As\u00ed como los directores del centro de salud donde se llev\u00f3 adelante la jornada, Jos\u00e9 Alberto Romero y Cristina Marecos.<\/p>\n\n\n\n<figure class=\"wp-block-image size-large\"><img loading=\"lazy\" decoding=\"async\" width=\"1024\" height=\"674\" src=\"https:\/\/corrientesdetarde.com\/wp-content\/uploads\/2025\/04\/image-164-1024x674.png\" alt=\"\" class=\"wp-image-200426\" srcset=\"https:\/\/corrientesdetarde.com\/wp-content\/uploads\/2025\/04\/image-164-1024x674.png 1024w, https:\/\/corrientesdetarde.com\/wp-content\/uploads\/2025\/04\/image-164-300x197.png 300w, https:\/\/corrientesdetarde.com\/wp-content\/uploads\/2025\/04\/image-164-768x505.png 768w, https:\/\/corrientesdetarde.com\/wp-content\/uploads\/2025\/04\/image-164.png 1362w\" sizes=\"auto, (max-width: 1024px) 100vw, 1024px\" \/><\/figure>\n\n\n\n<p>En el acto de apertura, el titular de la cartera sanitaria agradeci\u00f3 a los directores de nosocomios porque son ellos \u201cquienes dan el empuje, control y articulaci\u00f3n con distintos servicios\u201d. Tambi\u00e9n, \u201ca los jefes de los servicios y m\u00e9dicos de planta\u201d por la capacitaci\u00f3n constante que realizan. Adem\u00e1s, sum\u00f3 a los residentes por el rol que desempe\u00f1an. &nbsp;<\/p>\n\n\n\n<p>\u201cConocemos el sacrificio que realizan los residentes, tienen que cumplir tareas de asistencia y formaci\u00f3n. Ellos son el pulm\u00f3n, coraz\u00f3n y cerebro de los hospitales. Tenemos, por a\u00f1o, 2 millones de consultas en el sistema p\u00fablico de salud en la provincia. A quienes eligieron nuestra residencia quiero decirles que est\u00e1n optando bien. Van a ingresar a un sistema de residencia robusto. Tenemos el antecedente de ser los primeros en el NEA que llenamos los cargos, y eso habla bien de nuestro trabajo\u201d, dijo el ministro de Salud.<\/p>\n\n\n\n<p>Tambi\u00e9n, record\u00f3 el trabajo que hace m\u00e1s de 20 a\u00f1os se viene realizando en este sentido y que las residencias, \u201cson el mejor sistema de formaci\u00f3n de posgrado que tenemos\u201d.<\/p>\n\n\n\n<p>Por su parte, el vicedecano de la Facultad de Medicina de la Universidad Nacional del Nordeste (UNNE), Daniel&nbsp;Scheinkman, invit\u00f3 a formarse en la provincia ya que ofrece \u201cestar en contacto con el paciente, estar en terreno\u201d para as\u00ed adquirir la formaci\u00f3n necesaria para su profesi\u00f3n. Adem\u00e1s, agradeci\u00f3 a los residentes actuales e invit\u00f3 a formar parte de las mismas.<\/p>\n\n\n\n<p>\u201cCon esta jornada, pretendemos abrir las puertas a los alumnos y residentes graduados para mostrar la oferta educativa, dentro del sistema de residencias. Estamos todas las sedes de los hospitales desde la Regi\u00f3n 1 hasta la 4. Est\u00e1n presentes los hospitales de Monte Caseros, Saladas, Goya, Mercedes, Curuz\u00fa Cuati\u00e1, Riachuelo, Empedrado, El Sombrero y otros, de Capital como tambi\u00e9n el Instituto de Cardiolog\u00eda de Corrientes\u201d, indic\u00f3 la directora de Formaci\u00f3n,&nbsp;Nora Ropelato.<\/p>\n\n\n\n<p>En este sentido, remarc\u00f3 que \u201cmostramos la oferta formativa, para que puedan elegir dentro de la carrera que desarroll\u00f3 \u201c. A la vez, agreg\u00f3 que \u201ciniciamos el proceso de inscripci\u00f3n del llamado provincial a las residencias, se da desde el 31 de marzo al 7 de abril, y esta jornada tambi\u00e9n sirve para esto\u201d.<\/p>\n\n\n\n<p>\u201cCorrientes siempre fue y ser\u00e1 pilar de formaci\u00f3n profesional. Independientemente que ac\u00e1 tenemos la UNNE, el a\u00f1o pasado el 56% prefiri\u00f3 quedarse en la provincia. Esto se da porque se demostr\u00f3 que tenemos un sistema confiable y transparente\u201d, sostuvo y precis\u00f3 que actualmente hay m\u00e1s de 600 residentes activos, en capital e interior.<\/p>\n\n\n\n<p>Al mismo tiempo, indic\u00f3 que \u201cse ofrece un sistema s\u00f3lido de formaci\u00f3n profesional donde se da contenidos acad\u00e9micos y trabajos dentro de hospitales y otros centros de salud. Es una oportunidad de formarse en contenidos y de realizar actividades de asistencia, esto da un plus a la experiencia profesional\u201d.<\/p>\n\n\n\n<p>Otra parte de la jornada, fue la presentaci\u00f3n de trabajos cient\u00edficos que desarrollaron residentes y que presentaron en congresos nacionales e internacionales.<\/p>\n\n\n\n<p>En los stands ubicados en el Hall del hospital, estuvieron residentes, jefes de residencias, instructores y directores de nosocomios como el Juan Pablo II, Vidal, Escuela y Campa\u00f1a.<\/p>\n","protected":false},"excerpt":{"rendered":"<p>En el Hospital Escuela, se realiz\u00f3 una jornada donde expusieron trabajos cient\u00edficos presentados en congresos nacionales e internacionales. Adem\u00e1s, de la labor diaria y la formaci\u00f3n que se lleva adelante&hellip; <\/p>\n","protected":false},"author":4,"featured_media":200425,"comment_status":"closed","ping_status":"open","sticky":false,"template":"","format":"standard","meta":{"footnotes":""},"categories":[23],"tags":[],"class_list":["post-200410","post","type-post","status-publish","format-standard","has-post-thumbnail","hentry","category-actualidad"],"_links":{"self":[{"href":"https:\/\/corrientesdetarde.com\/index.php\/wp-json\/wp\/v2\/posts\/200410","targetHints":{"allow":["GET"]}}],"collection":[{"href":"https:\/\/corrientesdetarde.com\/index.php\/wp-json\/wp\/v2\/posts"}],"about":[{"href":"https:\/\/corrientesdetarde.com\/index.php\/wp-json\/wp\/v2\/types\/post"}],"author":[{"embeddable":true,"href":"https:\/\/corrientesdetarde.com\/index.php\/wp-json\/wp\/v2\/users\/4"}],"replies":[{"embeddable":true,"href":"https:\/\/corrientesdetarde.com\/index.php\/wp-json\/wp\/v2\/comments?post=200410"}],"version-history":[{"count":1,"href":"https:\/\/corrientesdetarde.com\/index.php\/wp-json\/wp\/v2\/posts\/200410\/revisions"}],"predecessor-version":[{"id":200428,"href":"https:\/\/corrientesdetarde.com\/index.php\/wp-json\/wp\/v2\/posts\/200410\/revisions\/200428"}],"wp:featuredmedia":[{"embeddable":true,"href":"https:\/\/corrientesdetarde.com\/index.php\/wp-json\/wp\/v2\/media\/200425"}],"wp:attachment":[{"href":"https:\/\/corrientesdetarde.com\/index.php\/wp-json\/wp\/v2\/media?parent=200410"}],"wp:term":[{"taxonomy":"category","embeddable":true,"href":"https:\/\/corrientesdetarde.com\/index.php\/wp-json\/wp\/v2\/categories?post=200410"},{"taxonomy":"post_tag","embeddable":true,"href":"https:\/\/corrientesdetarde.com\/index.php\/wp-json\/wp\/v2\/tags?post=200410"}],"curies":[{"name":"wp","href":"https:\/\/api.w.org\/{rel}","templated":true}]}}