{"id":200413,"date":"2025-04-04T20:04:06","date_gmt":"2025-04-04T23:04:06","guid":{"rendered":"https:\/\/corrientesdetarde.com\/?p=200413"},"modified":"2025-04-04T20:04:09","modified_gmt":"2025-04-04T23:04:09","slug":"obras-en-villa-raquel-queremos-seguir-bregando-por-la-calidad-de-vida-de-los-vecinos-remarco-tassano","status":"publish","type":"post","link":"https:\/\/corrientesdetarde.com\/index.php\/actualidad\/obras-en-villa-raquel-queremos-seguir-bregando-por-la-calidad-de-vida-de-los-vecinos-remarco-tassano\/","title":{"rendered":"Obras en Villa Raquel: \u201cQueremos seguir bregando por la calidad de vida de los vecinos\u201d, remarc\u00f3 Tassano"},"content":{"rendered":"\n<p>\u00a0El intendente inaugur\u00f3 42 cuadras de cord\u00f3n cuneta, ripio e iluminaci\u00f3n concretadas en el populoso barrio capitalino, en una labor conjunta con la Provincia. \u201cQueremos intervenir el mayor n\u00famero de cuadras posibles en beneficio de los vecinos\u201d, se\u00f1al\u00f3.<\/p>\n\n\n\n<figure class=\"wp-block-embed is-type-video is-provider-youtube wp-block-embed-youtube wp-embed-aspect-16-9 wp-has-aspect-ratio\"><div class=\"wp-block-embed__wrapper\">\n<iframe loading=\"lazy\" title=\"Obras en Villa Raquel: \u201cSeguiremos bregando por la calidad de vida de los vecinos\u201d, indic\u00f3 Tassano\" width=\"1110\" height=\"624\" src=\"https:\/\/www.youtube.com\/embed\/EgZ_1nC4rac?feature=oembed\" frameborder=\"0\" allow=\"accelerometer; autoplay; clipboard-write; encrypted-media; gyroscope; picture-in-picture; web-share\" referrerpolicy=\"strict-origin-when-cross-origin\" allowfullscreen><\/iframe>\n<\/div><\/figure>\n\n\n\n<p>En la continuaci\u00f3n de una serie de obras viales que ejecuta el Municipalidad para mejorar la transitabilidad, la salubridad y transformar la infraestructura en distintos puntos de la ciudad, este viernes por la ma\u00f1ana se habilit\u00f3 la ejecuci\u00f3n de cord\u00f3n cuneta, ripio y nueva iluminaci\u00f3n en 42 cuadras del barrio Villa Raquel.<br>La inauguraci\u00f3n estuvo encabezada por el intendente Eduardo Tassano, quien ratific\u00f3 su compromiso de continuar mejorando la calidad de vida de los vecinos con este tipo de trabajos municipales en coordinaci\u00f3n con el Gobierno provincial.<br>La labor desplegada de manera intensa en los siete a\u00f1os que va de la gesti\u00f3n de Tassano, cambia sustancialmente los barrios, ofreciendo no solo mejores condiciones para el tr\u00e1nsito vehicular y peatonal, sino que elimina las zanjas de agua servida, generando mejores condiciones de salubridad para el vecindario.<br>Cabe se\u00f1alar que a estas renovadas cuadras con cord\u00f3n cuneta, se suman las recientemente inauguradas obras en el barrio San Jos\u00e9. Se trata de una tarea que contin\u00faa con intensidad en la Capital, ya que actualmente se ejecutan un total de 16 frentes de cord\u00f3n cuneta.<\/p>\n\n\n\n<p><\/p>\n\n\n\n<figure class=\"wp-block-image size-large\"><img loading=\"lazy\" decoding=\"async\" width=\"1024\" height=\"677\" src=\"https:\/\/corrientesdetarde.com\/wp-content\/uploads\/2025\/04\/image-159-1024x677.png\" alt=\"\" class=\"wp-image-200414\" srcset=\"https:\/\/corrientesdetarde.com\/wp-content\/uploads\/2025\/04\/image-159-1024x677.png 1024w, https:\/\/corrientesdetarde.com\/wp-content\/uploads\/2025\/04\/image-159-300x198.png 300w, https:\/\/corrientesdetarde.com\/wp-content\/uploads\/2025\/04\/image-159-768x508.png 768w, https:\/\/corrientesdetarde.com\/wp-content\/uploads\/2025\/04\/image-159.png 1267w\" sizes=\"auto, (max-width: 1024px) 100vw, 1024px\" \/><\/figure>\n\n\n\n<p><br><br>PLANIFICACI\u00d3N<br>\u201cEstamos interviniendo estas cuadras en el barrio Villa Raquel que tiene que ver con el plan vial de la ciudad que nos lleva a una profunda planificaci\u00f3n, donde en cada zona que va el enripiado y el cord\u00f3n cuneta est\u00e1 la iluminaci\u00f3n\u201d, dijo el intendente al detallar el trabajo que se ejecuta en cada uno de los barrios intervenidos de la ciudad para mejorar la calidad de vida de los vecinos.<br>As\u00ed tambi\u00e9n, Tassano sostuvo que \u201cvamos a seguir trabajando\u201d y a\u00f1adi\u00f3 que \u201cqueremos intervenir el mayor n\u00famero de cuadras posibles en conjunto con el Gobierno provincial, bregando por la calidad de vida de los vecinos\u201d.<\/p>\n\n\n\n<p><br><br>COMPROMISO<br>En tanto, el viceintendente Emilio Lanari sostuvo tras la inauguraci\u00f3n que \u201cestamos completando obras para los vecinos que tanta falta hacen donde en cada una de las zonas intervenidas se le cambi\u00f3 la cara\u201d.<br>En ese sentido, expres\u00f3 que \u201cestamos mirando el futuro con mucho optimismo y traz\u00e1ndonos nuevos objetivo\u201d y ratific\u00f3 que \u201chasta el \u00faltimo d\u00eda de gesti\u00f3n vamos a seguir trabajando por los vecinos\u201d.<\/p>\n\n\n\n<p><\/p>\n\n\n\n<figure class=\"wp-block-image size-large\"><img loading=\"lazy\" decoding=\"async\" width=\"1024\" height=\"683\" src=\"https:\/\/corrientesdetarde.com\/wp-content\/uploads\/2025\/04\/image-161-1024x683.png\" alt=\"\" class=\"wp-image-200416\" srcset=\"https:\/\/corrientesdetarde.com\/wp-content\/uploads\/2025\/04\/image-161-1024x683.png 1024w, https:\/\/corrientesdetarde.com\/wp-content\/uploads\/2025\/04\/image-161-300x200.png 300w, https:\/\/corrientesdetarde.com\/wp-content\/uploads\/2025\/04\/image-161-768x512.png 768w, https:\/\/corrientesdetarde.com\/wp-content\/uploads\/2025\/04\/image-161.png 1263w\" sizes=\"auto, (max-width: 1024px) 100vw, 1024px\" \/><\/figure>\n\n\n\n<p><br><br>DETALLES DE LA OBRA<br>Por su parte, el subsecretario de Obras P\u00fablicas, L\u00f3pez Monaje brind\u00f3 detalles del trabajo realizado en el barrio Villa Raquel diciendo que \u201cse complet\u00f3 la tercera etapa del proyecto de cord\u00f3n cuneta, abarcando las 42 cuadras en cuesti\u00f3n. Adem\u00e1s, se realizaron obras de ripio y se instal\u00f3 iluminaci\u00f3n led\u201d.<br>A su vez, indic\u00f3 que se ejecutaron aproximadamente 700 metros de cloacas a trav\u00e9s del programa Cloaca Social y Mejoramiento Barrial de la Municipalidad de Corrientes, \u201cobras que llevan mejoras a la transitabilidad, la seguridad y el escurrimiento del agua, contribuyendo al progreso del barrio\u201d, subray\u00f3 Monaje.<\/p>\n\n\n\n<p><\/p>\n\n\n\n<figure class=\"wp-block-image size-large\"><img loading=\"lazy\" decoding=\"async\" width=\"1024\" height=\"681\" src=\"https:\/\/corrientesdetarde.com\/wp-content\/uploads\/2025\/04\/image-162-1024x681.png\" alt=\"\" class=\"wp-image-200417\" srcset=\"https:\/\/corrientesdetarde.com\/wp-content\/uploads\/2025\/04\/image-162-1024x681.png 1024w, https:\/\/corrientesdetarde.com\/wp-content\/uploads\/2025\/04\/image-162-300x199.png 300w, https:\/\/corrientesdetarde.com\/wp-content\/uploads\/2025\/04\/image-162-768x510.png 768w, https:\/\/corrientesdetarde.com\/wp-content\/uploads\/2025\/04\/image-162.png 1270w\" sizes=\"auto, (max-width: 1024px) 100vw, 1024px\" \/><\/figure>\n\n\n\n<p><br><br>CALIDAD DE VIDA<br>Finalmente, Bel\u00e9n Obreg\u00f3n, una vecina del barrio, destac\u00f3 que en el lugar donde se ejecutaron las obras \u201cvemos un cambio profundo\u201d, dijo y mencion\u00f3 que la colocaci\u00f3n de nueva iluminaci\u00f3n aportar\u00e1 a la seguridad en el barrio. En cuanto al ripio, remarc\u00f3 que hace que el ingreso al barrio sea m\u00e1s sencillo a la hora de transitar.<\/p>\n\n\n\n<p><\/p>\n\n\n\n<figure class=\"wp-block-image size-large\"><img loading=\"lazy\" decoding=\"async\" width=\"1024\" height=\"682\" src=\"https:\/\/corrientesdetarde.com\/wp-content\/uploads\/2025\/04\/image-163-1024x682.png\" alt=\"\" class=\"wp-image-200418\" srcset=\"https:\/\/corrientesdetarde.com\/wp-content\/uploads\/2025\/04\/image-163-1024x682.png 1024w, https:\/\/corrientesdetarde.com\/wp-content\/uploads\/2025\/04\/image-163-300x200.png 300w, https:\/\/corrientesdetarde.com\/wp-content\/uploads\/2025\/04\/image-163-768x512.png 768w, https:\/\/corrientesdetarde.com\/wp-content\/uploads\/2025\/04\/image-163.png 1268w\" sizes=\"auto, (max-width: 1024px) 100vw, 1024px\" \/><\/figure>\n\n\n\n<p><\/p>\n","protected":false},"excerpt":{"rendered":"<p>\u00a0El intendente inaugur\u00f3 42 cuadras de cord\u00f3n cuneta, ripio e iluminaci\u00f3n concretadas en el populoso barrio capitalino, en una labor conjunta con la Provincia. \u201cQueremos intervenir el mayor n\u00famero de&hellip; <\/p>\n","protected":false},"author":4,"featured_media":200419,"comment_status":"closed","ping_status":"open","sticky":false,"template":"","format":"standard","meta":{"footnotes":""},"categories":[23],"tags":[],"class_list":["post-200413","post","type-post","status-publish","format-standard","has-post-thumbnail","hentry","category-actualidad"],"_links":{"self":[{"href":"https:\/\/corrientesdetarde.com\/index.php\/wp-json\/wp\/v2\/posts\/200413","targetHints":{"allow":["GET"]}}],"collection":[{"href":"https:\/\/corrientesdetarde.com\/index.php\/wp-json\/wp\/v2\/posts"}],"about":[{"href":"https:\/\/corrientesdetarde.com\/index.php\/wp-json\/wp\/v2\/types\/post"}],"author":[{"embeddable":true,"href":"https:\/\/corrientesdetarde.com\/index.php\/wp-json\/wp\/v2\/users\/4"}],"replies":[{"embeddable":true,"href":"https:\/\/corrientesdetarde.com\/index.php\/wp-json\/wp\/v2\/comments?post=200413"}],"version-history":[{"count":1,"href":"https:\/\/corrientesdetarde.com\/index.php\/wp-json\/wp\/v2\/posts\/200413\/revisions"}],"predecessor-version":[{"id":200420,"href":"https:\/\/corrientesdetarde.com\/index.php\/wp-json\/wp\/v2\/posts\/200413\/revisions\/200420"}],"wp:featuredmedia":[{"embeddable":true,"href":"https:\/\/corrientesdetarde.com\/index.php\/wp-json\/wp\/v2\/media\/200419"}],"wp:attachment":[{"href":"https:\/\/corrientesdetarde.com\/index.php\/wp-json\/wp\/v2\/media?parent=200413"}],"wp:term":[{"taxonomy":"category","embeddable":true,"href":"https:\/\/corrientesdetarde.com\/index.php\/wp-json\/wp\/v2\/categories?post=200413"},{"taxonomy":"post_tag","embeddable":true,"href":"https:\/\/corrientesdetarde.com\/index.php\/wp-json\/wp\/v2\/tags?post=200413"}],"curies":[{"name":"wp","href":"https:\/\/api.w.org\/{rel}","templated":true}]}}