{"id":200544,"date":"2025-04-06T09:47:06","date_gmt":"2025-04-06T12:47:06","guid":{"rendered":"https:\/\/corrientesdetarde.com\/?p=200544"},"modified":"2025-04-06T09:47:11","modified_gmt":"2025-04-06T12:47:11","slug":"las-ferias-de-la-ciudad-estaran-en-ocho-barrios-en-un-nuevo-recorrido-semanal-2","status":"publish","type":"post","link":"https:\/\/corrientesdetarde.com\/index.php\/locales\/las-ferias-de-la-ciudad-estaran-en-ocho-barrios-en-un-nuevo-recorrido-semanal-2\/","title":{"rendered":"Las Ferias de la Ciudad estar\u00e1n en ocho barrios en un nuevo recorrido semanal \u00a0"},"content":{"rendered":"\n<p>Los feriantes capitalinos se acercar\u00e1n a parques, plazas y paseos con su habitual oferta de productos frescos y de calidad. Desde el martes 7 y hasta el domingo 13 de abril, los vecinos podr\u00e1n adquirir a precios convenientes: frutas y verduras, productos manufacturados, artesan\u00edas, plantas ornamentales, entre otras propuestas.<\/p>\n\n\n\n<p>La Municipalidad de Corrientes, a trav\u00e9s de la Secretar\u00eda de Desarrollo Econ\u00f3mico municipal, coordinada por la Subsecretar\u00eda de Econom\u00eda Social, contin\u00faa acercando productos de calidad mediante las Ferias de la Ciudad, con interesantes ofertas y combos, a diferentes espacios p\u00fablicos de los barrios.<\/p>\n\n\n\n<p>El martes 8 los feriantes estar\u00e1n en la plaza Torrent -San Lorenzo y Bol\u00edvar- del barrio Centro y en plaza Los Amigos del barrio Libertad, frente a la escuela N\u00ba 6 por calle Brasil.<\/p>\n\n\n\n<p>El mi\u00e9rcoles 9 se trasladar\u00e1 a la plaza Torrent. En tanto que el jueves 10, los feriantes estar\u00e1n en plaza La Cruz, por calle Salta, en el barrio del mismo nombre.<\/p>\n\n\n\n<figure class=\"wp-block-image\"><img decoding=\"async\" src=\"https:\/\/www.radiodos.com.ar\/content\/bucket\/4\/258844w790h526c.jpg.webp\" alt=\"\"\/><\/figure>\n\n\n\n<p>El viernes 11 se repetir\u00e1 la propuesta, en simult\u00e1neo, en la plaza Rep\u00fablica del Per\u00fa de las Mil Viviendas; en la plazoleta Los Inmigrantes del barrio Ber\u00f3n de Astrada; en el predio de Larrea al 3400 (frente al Colegio Illia) del barrio Laguna Seca; y en la plaza Evita (Sarmiento y Maip\u00fa) del barrio Ber\u00f3n de Astrada.<\/p>\n\n\n\n<p>&nbsp;De lunes a viernes, el horario ser\u00e1 de 8 a 13. En tanto que el recorrido continuar\u00e1 el s\u00e1bado 12, de 8 a 13, por la calle Pil\u00fa G\u00f3mez y Jos\u00e9 Rol\u00f3n, en el parque Mitre. Y por la tarde, en el Paseo Arazaty, de 10 a 22.<\/p>\n\n\n\n<p>El domingo 13 los puesteros estar\u00e1n nuevamente en el Paseo Arazaty y ofrecer\u00e1n, de 10 a 20, plantas ornamentales, ofertas gastron\u00f3micas, artesan\u00edas y manualidades.<br>&nbsp;<\/p>\n\n\n\n<figure class=\"wp-block-image\"><img decoding=\"async\" src=\"https:\/\/www.radiodos.com.ar\/content\/bucket\/5\/258845w790h526c.jpg.webp\" alt=\"\"\/><\/figure>\n\n\n\n<p>CRONOGRAMA<\/p>\n\n\n\n<p>Martes 8 de abril: plaza Torrent (Centro) y plaza Los Amigos (Libertad)<\/p>\n\n\n\n<p>Mi\u00e9rcoles 9 de abril: plaza Torrent (Centro)<\/p>\n\n\n\n<p>Jueves 10 de abril: plaza La Cruz (barrio La Cruz)<\/p>\n\n\n\n<p>Viernes 11 de abril: plaza Rep\u00fablica del Per\u00fa (Mil Viviendas), plaza Los Inmigrantes (Ber\u00f3n de Astrada), Larrea 3400 (Laguna Seca), Plaza Evita (Ber\u00f3n de Astrada)<\/p>\n\n\n\n<p>S\u00e1bado 12 de abril: parque Mitre (barrio Aldana) de 8 a 13, y Paseo Arazaty de 10 a 22<\/p>\n\n\n\n<p>Domingo 13 de abril: Paseo Arazaty, de 10 a 20<\/p>\n","protected":false},"excerpt":{"rendered":"<p>Los feriantes capitalinos se acercar\u00e1n a parques, plazas y paseos con su habitual oferta de productos frescos y de calidad. Desde el martes 7 y hasta el domingo 13 de&hellip; <\/p>\n","protected":false},"author":4,"featured_media":200545,"comment_status":"closed","ping_status":"open","sticky":false,"template":"","format":"standard","meta":{"footnotes":""},"categories":[8],"tags":[],"class_list":["post-200544","post","type-post","status-publish","format-standard","has-post-thumbnail","hentry","category-locales"],"_links":{"self":[{"href":"https:\/\/corrientesdetarde.com\/index.php\/wp-json\/wp\/v2\/posts\/200544","targetHints":{"allow":["GET"]}}],"collection":[{"href":"https:\/\/corrientesdetarde.com\/index.php\/wp-json\/wp\/v2\/posts"}],"about":[{"href":"https:\/\/corrientesdetarde.com\/index.php\/wp-json\/wp\/v2\/types\/post"}],"author":[{"embeddable":true,"href":"https:\/\/corrientesdetarde.com\/index.php\/wp-json\/wp\/v2\/users\/4"}],"replies":[{"embeddable":true,"href":"https:\/\/corrientesdetarde.com\/index.php\/wp-json\/wp\/v2\/comments?post=200544"}],"version-history":[{"count":1,"href":"https:\/\/corrientesdetarde.com\/index.php\/wp-json\/wp\/v2\/posts\/200544\/revisions"}],"predecessor-version":[{"id":200546,"href":"https:\/\/corrientesdetarde.com\/index.php\/wp-json\/wp\/v2\/posts\/200544\/revisions\/200546"}],"wp:featuredmedia":[{"embeddable":true,"href":"https:\/\/corrientesdetarde.com\/index.php\/wp-json\/wp\/v2\/media\/200545"}],"wp:attachment":[{"href":"https:\/\/corrientesdetarde.com\/index.php\/wp-json\/wp\/v2\/media?parent=200544"}],"wp:term":[{"taxonomy":"category","embeddable":true,"href":"https:\/\/corrientesdetarde.com\/index.php\/wp-json\/wp\/v2\/categories?post=200544"},{"taxonomy":"post_tag","embeddable":true,"href":"https:\/\/corrientesdetarde.com\/index.php\/wp-json\/wp\/v2\/tags?post=200544"}],"curies":[{"name":"wp","href":"https:\/\/api.w.org\/{rel}","templated":true}]}}