{"id":200549,"date":"2025-04-06T09:51:55","date_gmt":"2025-04-06T12:51:55","guid":{"rendered":"https:\/\/corrientesdetarde.com\/?p=200549"},"modified":"2025-04-06T09:51:58","modified_gmt":"2025-04-06T12:51:58","slug":"generacion-zoe-cositorto-fue-trasladado-a-la-unidad-penal-no-6-de-corrientes","status":"publish","type":"post","link":"https:\/\/corrientesdetarde.com\/index.php\/policiales\/generacion-zoe-cositorto-fue-trasladado-a-la-unidad-penal-no-6-de-corrientes\/","title":{"rendered":"Generaci\u00f3n Zoe: Cositorto fue trasladado a la Unidad Penal N\u00ba 6 de Corrientes"},"content":{"rendered":"\n<p>El empresario fue trasladado este s\u00e1bado desde el Penal de Bouwer en C\u00f3rdoba a Corrientes. El mismo fue declarado culpable por estafa y asociaci\u00f3n il\u00edcita.&nbsp;<\/p>\n\n\n\n<p>Este s\u00e1bado se puso en marcha el operativo de traslado de Leonardo Cositorto, l\u00edder de Generaci\u00f3n Zoe, desde la provincia de C\u00f3rdoba hacia la Unidad Penal N\u00b06 de Corrientes, donde ya se encuentra detenido su socio Maximiliano Batista.&nbsp;<\/p>\n\n\n\n<p>En febrero, Cositorto fue hallado culpable por el Tribunal de Goya de los delitos de asociaci\u00f3n il\u00edcita y estafa, en el marco de una causa que involucr\u00f3 a otros seis imputados. Junto a \u00e9l, tambi\u00e9n fueron encontrados culpables Maximiliano Batista, Miguel \u00c1ngel Echegaray y Lucas Dami\u00e1n Camelino, considerados miembros activos y coautores del delito de estafa en modalidad continuada. Por el contrario, Nicol\u00e1s y Javier Medina fueron absueltos por falta de pruebas.<\/p>\n\n\n\n<p><strong>Declaraci\u00f3n en Buenos Aires<\/strong><br>Leonardo Cositorto fue llamado a indagatoria en el marco de la causa de Generaci\u00f3n Zoe que se lleva adelante en Buenos Aires, donde est\u00e1 imputado como l\u00edder de una estafa piramidal junto a sus colaboradores Maximiliano Batista (44), Miguel \u00c1ngel Echegaray (59) y Lucas Camelino (38). Adem\u00e1s de ellos, tambi\u00e9n hay otros 26 acusados.<\/p>\n\n\n\n<p>La citaci\u00f3n se concret\u00f3 tras un pedido del fiscal Marcelo Munilla Lacasa. A partir de su solicitud, la jueza Alejandra Alliaud dispuso fijar la audiencia para el pr\u00f3ximo 4 de agosto, seg\u00fan indicaron fuentes judiciales.<\/p>\n\n\n\n<p>&nbsp; &nbsp;&nbsp;<br>En la causa que se investiga en Buenos Aires hay al menos unos 1.200 ahorristas estafados, quienes denunciaron el fraude en el que se vieron envueltos tras invertir grandes sumas de dinero en la empresa Generaci\u00f3n Zoe, cuyo CEO era Cositorto.<\/p>\n\n\n\n<p>El cordob\u00e9s deber\u00e1 responder a las acusaciones en el Juzgado Nacional Criminal N.\u00ba 1, donde radican las sospechas sobre los multimillonarios movimientos de dinero que hicieron todas las empresas involucradas y actores vinculados a Generaci\u00f3n Zoe.<\/p>\n\n\n\n<p>En el expediente, no solo se lo investiga a Cositorto por las presuntas estafas, que est\u00e1n registradas, sino tambi\u00e9n por el posible ingreso de dinero en negro, que podr\u00eda tener origen en otras actividades il\u00edcitas, como el narcotr\u00e1fico.<\/p>\n\n\n\n<p>El llamado a indagatoria en la causa de Buenos Aires ocurre a poco m\u00e1s de un mes de que el l\u00edder de la estafa sea condenado a 12 a\u00f1os de prisi\u00f3n en Corrientes por el mismo hecho. La decisi\u00f3n fue tomada a fines de febrero por el Tribunal de Goya, compuesto por los jueces Ricardo Carbajal, Jorge Carbone y Julio Duarte, quienes lo sentenciaron por asociaci\u00f3n il\u00edcita y por el fraude a 98 ahorristas.<\/p>\n\n\n\n<p>En di\u00e1logo con Infobae, a poco de ser sentenciado por primera vez, Cositorto consider\u00f3 que la pena que recibi\u00f3 &#8220;no es sustentable&#8221; ni est\u00e1 &#8220;bien fundamentada&#8221; por los magistrados Ricardo Carbajal, Jorge Carbone y Julio Duarte. &#8220;Vamos a apelar y denunciar a los jueces por prevaricato&#8221;, adelant\u00f3 el l\u00edder de la organizaci\u00f3n investigada como un esquema Ponzi.<\/p>\n\n\n\n<p>No obstante, el cordob\u00e9s a\u00fan tiene otras causas pendientes: est\u00e1 pr\u00f3ximo a enfrentar un juicio por sus estafas en Salta y tiene otras dos en curso en las provincias de C\u00f3rdoba y Santa Fe.<\/p>\n","protected":false},"excerpt":{"rendered":"<p>El empresario fue trasladado este s\u00e1bado desde el Penal de Bouwer en C\u00f3rdoba a Corrientes. El mismo fue declarado culpable por estafa y asociaci\u00f3n il\u00edcita.&nbsp; Este s\u00e1bado se puso en&hellip; <\/p>\n","protected":false},"author":4,"featured_media":200550,"comment_status":"closed","ping_status":"open","sticky":false,"template":"","format":"standard","meta":{"footnotes":""},"categories":[33],"tags":[],"class_list":["post-200549","post","type-post","status-publish","format-standard","has-post-thumbnail","hentry","category-policiales"],"_links":{"self":[{"href":"https:\/\/corrientesdetarde.com\/index.php\/wp-json\/wp\/v2\/posts\/200549","targetHints":{"allow":["GET"]}}],"collection":[{"href":"https:\/\/corrientesdetarde.com\/index.php\/wp-json\/wp\/v2\/posts"}],"about":[{"href":"https:\/\/corrientesdetarde.com\/index.php\/wp-json\/wp\/v2\/types\/post"}],"author":[{"embeddable":true,"href":"https:\/\/corrientesdetarde.com\/index.php\/wp-json\/wp\/v2\/users\/4"}],"replies":[{"embeddable":true,"href":"https:\/\/corrientesdetarde.com\/index.php\/wp-json\/wp\/v2\/comments?post=200549"}],"version-history":[{"count":1,"href":"https:\/\/corrientesdetarde.com\/index.php\/wp-json\/wp\/v2\/posts\/200549\/revisions"}],"predecessor-version":[{"id":200551,"href":"https:\/\/corrientesdetarde.com\/index.php\/wp-json\/wp\/v2\/posts\/200549\/revisions\/200551"}],"wp:featuredmedia":[{"embeddable":true,"href":"https:\/\/corrientesdetarde.com\/index.php\/wp-json\/wp\/v2\/media\/200550"}],"wp:attachment":[{"href":"https:\/\/corrientesdetarde.com\/index.php\/wp-json\/wp\/v2\/media?parent=200549"}],"wp:term":[{"taxonomy":"category","embeddable":true,"href":"https:\/\/corrientesdetarde.com\/index.php\/wp-json\/wp\/v2\/categories?post=200549"},{"taxonomy":"post_tag","embeddable":true,"href":"https:\/\/corrientesdetarde.com\/index.php\/wp-json\/wp\/v2\/tags?post=200549"}],"curies":[{"name":"wp","href":"https:\/\/api.w.org\/{rel}","templated":true}]}}