{"id":200552,"date":"2025-04-06T09:53:58","date_gmt":"2025-04-06T12:53:58","guid":{"rendered":"https:\/\/corrientesdetarde.com\/?p=200552"},"modified":"2025-04-06T09:54:01","modified_gmt":"2025-04-06T12:54:01","slug":"amboe-celebra-sus-30-anos-con-un-show-de-lujo-en-goya","status":"publish","type":"post","link":"https:\/\/corrientesdetarde.com\/index.php\/cultura\/amboe-celebra-sus-30-anos-con-un-show-de-lujo-en-goya\/","title":{"rendered":"Ambo\u00e9 celebra sus 30 a\u00f1os con un show de lujo en Goya"},"content":{"rendered":"\n<p>La fiesta de los 30 a\u00f1os de AMBOE tendr\u00e1 lugar\u00a0 desde las 22,30 horas en el estadio &#8220;Jos\u00e9 Eulogio Pezzelato&#8221; de Sportivo Benjam\u00edn Matienzo. La celebraci\u00f3n del grupo musical de Goya tendr\u00e1 proyecci\u00f3n nacional, ser\u00e1 transmitida en Directo por la TVP. &#8220;Es un encuentro de amigos&#8221;, le dijo Rogelio Negro Chiappe.<\/p>\n\n\n\n<p>Los integrantes del grupo musical agradecen a los &#8220;amigos&#8221; que participar\u00e1n de la celebraci\u00f3n, destacando que cada uno lo hace con el \u00fanico prop\u00f3sito de brindar lo mejor junto a AMBOE, reconociendo que los caminos transitados hicieron afianzar este v\u00ednculo que permite poder compartir esta alegr\u00eda en el escenario del coliseo de la J. J. Rol\u00f3n.<\/p>\n\n\n\n<p>Marcelo &#8220;Mate&#8221; Acosta y Rogelio &#8220;El Negro&#8221; Chiappe repasaron la carrera art\u00edstica y en declaraciones radiales mencionaron a grandes exponentes del arte y de la comunicaci\u00f3n de Goya que han contribuido para esta permanencia a lo largo del tiempo.<\/p>\n\n\n\n<p>Adem\u00e1s de recordar que el origen de su nombre corresponde a Antonio R. Espinoza; y agregaron que aquellos que no estar\u00e1n el s\u00e1bado es porque han anticipado su partida, pero est\u00e1n con sus vivencias en el coraz\u00f3n de cada integrante.<\/p>\n\n\n\n<p>Durante la entrevista radial los m\u00fasicos dieron a conocer detalles de la celebraci\u00f3n, adelantaron que junto a sus &#8220;invitados&#8221; ofrecer\u00e1n un show de 4 horas y ser\u00e1 transmitido por la &#8220;Televisi\u00f3n P\u00fablica&#8221; hacia todo el pa\u00eds en forma directa desde las 22,30 horas.<\/p>\n\n\n\n<p>CELEBRAR 30 A\u00d1OS<\/p>\n\n\n\n<p>&#8220;Son 30 a\u00f1os de andar con la m\u00fasica, sent\u00edamos la necesidad de &#8220;mostrar&#8221; este recorrido haciendo una mirada hacia atr\u00e1s, camino con muchas vivencias y an\u00e9cdotas. Queremos decir que cada invitado viene por ese valor de la &#8220;amistad&#8221;, ninguno quiso percibir honorarios. La movilizaci\u00f3n es estar en el cumplea\u00f1os de los &#8220;hijos de la m\u00fasica&#8221;, nosotros nos consideramos parte de Goya y a nuestra ciudad como parte de nuestro grupo&#8221;, le dijo Rogelio Negro Chiappe a La Dos<\/p>\n\n\n\n<p>&#8220;No debemos perder el respeto por nuestros artistas, esto suma y nos ayuda a ser mejores personas, por eso los homenajes que tributamos a ellos&#8221;, agreg\u00f3<\/p>\n\n\n\n<p>ARTISTAS INVITADOS<\/p>\n\n\n\n<p>&#8220;En el espect\u00e1culo preparado para el s\u00e1bado contaremos en el escenario con la presencia de Las Hermanas Vera, Santiago &#8220;Bocha&#8221; Sheridan, Julio y Nico C\u00e1ceres de &#8220;Los de Imaguare&#8221;, Diego Guti\u00e9rrez, Los Alonsitos, Gisela M\u00e9ndez Ribeiro, Dami\u00e1n Ayala (La Voz Argentina), Mario Prieto Linares, con una reciprocidad hacia lo que significa AMBOE, esto se ver\u00e1 reflejado en Matienzo&#8221;.<\/p>\n\n\n\n<p>&#8220;Hay gente que faltar\u00e1 a esta cita, estar\u00e1n en nuestros corazones, no podemos dejar de nombrar al &#8220;Gordo&#8221; Acosta (Osmar, padre de Marcelo), a quien debemos el nombre &#8220;Poroto&#8221; (Antonio Espinoza). De all\u00ed nuestro agradecimiento a todos, porque son los &#8220;responsables&#8221; de lo que somos, la vigencia de nuestro grupo. Quiero tambi\u00e9n agradecer a Ignacio Osella, porque es uno de los &#8220;movilizadores&#8221; para esta celebraci\u00f3n; son realmente muchas personas y estamos agradecidos por ese aporte&#8221;.<\/p>\n\n\n\n<p>4 HORAS DE SHOW<\/p>\n\n\n\n<p>Los invitados estar\u00e1n acompa\u00f1ados por AMBOE a lo largo de las 4 horas de show. &#8220;Todos suben y nosotros acompa\u00f1amos cuando interpretan sus \u00e9xitos, es como tener un seleccionado de artistas y temas chamameceros en una misma noche; un excelente cumplea\u00f1os para nosotros&#8221;.<\/p>\n\n\n\n<p>&#8220;Ser\u00e1 transmitido en vivo y en directo por la TVP desde las 22,30 horas, con esta programaci\u00f3n preparada. Sugerimos ir temprano porque los lugares son de acuerdo al orden de llegada, no tiene numeraci\u00f3n la tribuna ni el sector del campo de juego. Nos animamos a solicitar que nos acompa\u00f1en a disfrutar este repertorio preparado por nuestros &#8220;amigos&#8221;, son 70 canciones en total por parte de ellos, m\u00e1s nuestros cl\u00e1sicos&#8221;.<\/p>\n\n\n\n<p>ENTRADAS<\/p>\n\n\n\n<p>Las entradas tienen un valor &nbsp;general de 5.000 pesos, el campo de juego 8.000 pesos y las plateas 12.000 pesos. &#8220;El escenario se ubicar\u00e1 de espalda a la calle Brasil, desde todos los sectores hay una buena visi\u00f3n, invitamos a pasar por la secretar\u00eda del club de 18 a 21 horas, los menores de 12 a\u00f1os no pagan la entrada&#8221;, aclararon.<\/p>\n\n\n\n<p>EMBAJADORES CULTURALES DE LA CIUDAD<\/p>\n\n\n\n<p>&#8220;Nosotros tenemos la responsabilidad porque nos nombraron Embajadores Culturales de la Ciudad, asumimos con orgullo este desaf\u00edo para representar a nuestra ciudad, a nuestro pueblo, a nuestra cultura, ratificando este compromiso originado desde 30 a\u00f1os. Queremos que nos acompa\u00f1en, queremos celebrar junto a cada uno del p\u00fablico nuestro cumplea\u00f1os&#8221;.<\/p>\n","protected":false},"excerpt":{"rendered":"<p>La fiesta de los 30 a\u00f1os de AMBOE tendr\u00e1 lugar\u00a0 desde las 22,30 horas en el estadio &#8220;Jos\u00e9 Eulogio Pezzelato&#8221; de Sportivo Benjam\u00edn Matienzo. La celebraci\u00f3n del grupo musical de&hellip; <\/p>\n","protected":false},"author":4,"featured_media":200553,"comment_status":"closed","ping_status":"open","sticky":false,"template":"","format":"standard","meta":{"footnotes":""},"categories":[15],"tags":[],"class_list":["post-200552","post","type-post","status-publish","format-standard","has-post-thumbnail","hentry","category-cultura"],"_links":{"self":[{"href":"https:\/\/corrientesdetarde.com\/index.php\/wp-json\/wp\/v2\/posts\/200552","targetHints":{"allow":["GET"]}}],"collection":[{"href":"https:\/\/corrientesdetarde.com\/index.php\/wp-json\/wp\/v2\/posts"}],"about":[{"href":"https:\/\/corrientesdetarde.com\/index.php\/wp-json\/wp\/v2\/types\/post"}],"author":[{"embeddable":true,"href":"https:\/\/corrientesdetarde.com\/index.php\/wp-json\/wp\/v2\/users\/4"}],"replies":[{"embeddable":true,"href":"https:\/\/corrientesdetarde.com\/index.php\/wp-json\/wp\/v2\/comments?post=200552"}],"version-history":[{"count":1,"href":"https:\/\/corrientesdetarde.com\/index.php\/wp-json\/wp\/v2\/posts\/200552\/revisions"}],"predecessor-version":[{"id":200554,"href":"https:\/\/corrientesdetarde.com\/index.php\/wp-json\/wp\/v2\/posts\/200552\/revisions\/200554"}],"wp:featuredmedia":[{"embeddable":true,"href":"https:\/\/corrientesdetarde.com\/index.php\/wp-json\/wp\/v2\/media\/200553"}],"wp:attachment":[{"href":"https:\/\/corrientesdetarde.com\/index.php\/wp-json\/wp\/v2\/media?parent=200552"}],"wp:term":[{"taxonomy":"category","embeddable":true,"href":"https:\/\/corrientesdetarde.com\/index.php\/wp-json\/wp\/v2\/categories?post=200552"},{"taxonomy":"post_tag","embeddable":true,"href":"https:\/\/corrientesdetarde.com\/index.php\/wp-json\/wp\/v2\/tags?post=200552"}],"curies":[{"name":"wp","href":"https:\/\/api.w.org\/{rel}","templated":true}]}}