{"id":200555,"date":"2025-04-06T09:57:11","date_gmt":"2025-04-06T12:57:11","guid":{"rendered":"https:\/\/corrientesdetarde.com\/?p=200555"},"modified":"2025-04-06T09:57:14","modified_gmt":"2025-04-06T12:57:14","slug":"investigan-golpiza-que-dejo-en-coma-a-un-correntino","status":"publish","type":"post","link":"https:\/\/corrientesdetarde.com\/index.php\/policiales\/investigan-golpiza-que-dejo-en-coma-a-un-correntino\/","title":{"rendered":"Investigan golpiza que dej\u00f3 en coma a un correntino"},"content":{"rendered":"\n<p>Ocurri\u00f3 en Mitre y 25 de Mayo. La v\u00edctima, de San Luis del Palmar, fue atacada por varios j\u00f3venes. Investigan si intent\u00f3 robar un celular y por ello fue brutalmente golpeado.<\/p>\n\n\n\n<p>En un grave hecho de violencia ocurrido el mi\u00e9rcoles alrededor de las 19.30, un hombre oriundo de San Luis del Palmar, Corrientes, fue brutalmente golpeado por un grupo de j\u00f3venes en la intersecci\u00f3n de la avenida Mitre y calle 25 de Mayo, en pleno centro de Posadas. La v\u00edctima, identificada como N\u00e9stor Obreg\u00f3n (35), sufri\u00f3 una fractura de cr\u00e1neo y debi\u00f3 ser reanimada tras ingresar en paro cardiorrespiratorio al Hospital Ram\u00f3n Madariaga. Su estado de salud es cr\u00edtico y permanece en terapia intensiva con pron\u00f3stico reservado.<\/p>\n\n\n\n<p>Seg\u00fan fuentes policiales, dos hombres de 25 y 35 a\u00f1os fueron detenidos poco despu\u00e9s del ataque, mientras que otros dos implicados ya fueron identificados y son intensamente buscados. En el lugar del hecho tambi\u00e9n fue secuestrado un autom\u00f3vil Ford Focus, clave para la identificaci\u00f3n de la v\u00edctima.<\/p>\n\n\n\n<p>Una de las hip\u00f3tesis que manejan los investigadores es que el violento episodio se habr\u00eda desencadenado tras un supuesto intento de robo. Uno de los detenidos se\u00f1al\u00f3 que Obreg\u00f3n habr\u00eda intentado arrebatar un celular y que, al escuchar los gritos de auxilio, el grupo reaccion\u00f3 violentamente, persigui\u00e9ndolo y propin\u00e1ndole una feroz golpiza.<\/p>\n\n\n\n<p>Cuando lleg\u00f3 la Polic\u00eda, varios de los agresores escaparon del lugar. El Juzgado de Instrucci\u00f3n N.\u00ba 7, a cargo del magistrado Miguel Mattos, orden\u00f3 su detenci\u00f3n inmediata.<\/p>\n\n\n\n<p>La identidad de la v\u00edctima se confirm\u00f3 ayer a partir de la titularidad del veh\u00edculo secuestrado, y se solicit\u00f3 la intervenci\u00f3n de la Direcci\u00f3n Homicidios para ubicar a sus familiares. En horas de la noche, se esperaba el arribo de la esposa de Obreg\u00f3n a Posadas para brindar datos que permitan esclarecer el motivo de su presencia en la capital provincial y si efectivamente tuvo alguna participaci\u00f3n en el supuesto intento de arrebato.<\/p>\n\n\n\n<p>Adem\u00e1s, el sistema de videovigilancia del Centro Integral de Operaciones 911 (CIO-911) aport\u00f3 registros clave que ayudaron a identificar a los agresores y reconstruir los momentos previos y posteriores a la golpiza.<\/p>\n","protected":false},"excerpt":{"rendered":"<p>Ocurri\u00f3 en Mitre y 25 de Mayo. La v\u00edctima, de San Luis del Palmar, fue atacada por varios j\u00f3venes. Investigan si intent\u00f3 robar un celular y por ello fue brutalmente&hellip; <\/p>\n","protected":false},"author":4,"featured_media":200556,"comment_status":"closed","ping_status":"open","sticky":false,"template":"","format":"standard","meta":{"footnotes":""},"categories":[33],"tags":[],"class_list":["post-200555","post","type-post","status-publish","format-standard","has-post-thumbnail","hentry","category-policiales"],"_links":{"self":[{"href":"https:\/\/corrientesdetarde.com\/index.php\/wp-json\/wp\/v2\/posts\/200555","targetHints":{"allow":["GET"]}}],"collection":[{"href":"https:\/\/corrientesdetarde.com\/index.php\/wp-json\/wp\/v2\/posts"}],"about":[{"href":"https:\/\/corrientesdetarde.com\/index.php\/wp-json\/wp\/v2\/types\/post"}],"author":[{"embeddable":true,"href":"https:\/\/corrientesdetarde.com\/index.php\/wp-json\/wp\/v2\/users\/4"}],"replies":[{"embeddable":true,"href":"https:\/\/corrientesdetarde.com\/index.php\/wp-json\/wp\/v2\/comments?post=200555"}],"version-history":[{"count":1,"href":"https:\/\/corrientesdetarde.com\/index.php\/wp-json\/wp\/v2\/posts\/200555\/revisions"}],"predecessor-version":[{"id":200557,"href":"https:\/\/corrientesdetarde.com\/index.php\/wp-json\/wp\/v2\/posts\/200555\/revisions\/200557"}],"wp:featuredmedia":[{"embeddable":true,"href":"https:\/\/corrientesdetarde.com\/index.php\/wp-json\/wp\/v2\/media\/200556"}],"wp:attachment":[{"href":"https:\/\/corrientesdetarde.com\/index.php\/wp-json\/wp\/v2\/media?parent=200555"}],"wp:term":[{"taxonomy":"category","embeddable":true,"href":"https:\/\/corrientesdetarde.com\/index.php\/wp-json\/wp\/v2\/categories?post=200555"},{"taxonomy":"post_tag","embeddable":true,"href":"https:\/\/corrientesdetarde.com\/index.php\/wp-json\/wp\/v2\/tags?post=200555"}],"curies":[{"name":"wp","href":"https:\/\/api.w.org\/{rel}","templated":true}]}}