{"id":200573,"date":"2025-04-06T11:28:54","date_gmt":"2025-04-06T14:28:54","guid":{"rendered":"https:\/\/corrientesdetarde.com\/?p=200573"},"modified":"2025-04-06T11:28:58","modified_gmt":"2025-04-06T14:28:58","slug":"maduro-denuncio-que-trump-impulsa-una-guerra-comercial-mundial","status":"publish","type":"post","link":"https:\/\/corrientesdetarde.com\/index.php\/internacionales\/maduro-denuncio-que-trump-impulsa-una-guerra-comercial-mundial\/","title":{"rendered":"Maduro denunci\u00f3 que Trump impulsa una &#8220;guerra comercial mundial&#8221;"},"content":{"rendered":"\n<h2 class=\"wp-block-heading\">Adem\u00e1s destac\u00f3 que su pa\u00eds es &#8220;libre, soberano e independiente&#8221;<\/h2>\n\n\n\n<p><strong>El presidente venezolano, Nicol\u00e1s Maduro,<\/strong>&nbsp;<strong>denunci\u00f3 que su hom\u00f3logo estadounidense, Donald Trump, ha liderado una &#8220;guerra comercial mundial&#8221; con su agresiva nueva etapa de imposici\u00f3n de aranceles globales.<\/strong><\/p>\n\n\n\n<p>Durante una actividad en Caracas, el jefe de Estado venezolano declar\u00f3: &#8220;Trump ha dicho que hoy es el d\u00eda de la liberaci\u00f3n porque tom\u00f3 medidas arancelarias contra todos los pa\u00edses del mundo. Yo me pregunto<strong>: \u00bfEstados Unidos tiene que liberarse del mundo o es el mundo el que debe liberarse de Estados Unidos?&#8221;.<\/strong><\/p>\n\n\n\n<p>Desde la parroquia Coche, en la capital venezolana, Maduro dijo ante las c\u00e1maras de la televisora estatal que Venezuela superar\u00e1 pronto la ofensiva comercial impulsada por el presidente&nbsp;estadounidense.<\/p>\n\n\n\n<p>Asegur\u00f3 que su Gobierno se ha preparado para cualquier circunstancia:<strong>&nbsp;&#8220;Tenemos planes para cualquier acci\u00f3n, porque somos libres, soberanos e independientes&#8221;.<\/strong><\/p>\n\n\n\n<p>Destac\u00f3 que, frente a la actual coyuntura internacional, su Gobierno promueve la uni\u00f3n nacional y la perseverancia como f\u00f3rmulas para consolidar un futuro propio.<\/p>\n\n\n\n<p>&#8220;S\u00f3lo construyendo lo nuestro tendremos Patria&#8221;, afirm\u00f3, y subray\u00f3 que las agresiones externas han estimulado la creatividad y la b\u00fasqueda de nuevas v\u00edas de desarrollo.<\/p>\n\n\n\n<p>En su intervenci\u00f3n, tambi\u00e9n se\u00f1al\u00f3 que una de las prioridades de la geopol\u00edtica venezolana es asistir a los migrantes que se encuentran en Estados Unidos. En tal sentido, resalt\u00f3: &#8220;Queremos rescatar de la persecuci\u00f3n a todos los venezolanos migrantes en los Estados Unidos, que se&nbsp;reencuentren con su familia y se incorporen a la comunidad como seres productivos&#8221;.<\/p>\n","protected":false},"excerpt":{"rendered":"<p>Adem\u00e1s destac\u00f3 que su pa\u00eds es &#8220;libre, soberano e independiente&#8221; El presidente venezolano, Nicol\u00e1s Maduro,&nbsp;denunci\u00f3 que su hom\u00f3logo estadounidense, Donald Trump, ha liderado una &#8220;guerra comercial mundial&#8221; con su agresiva&hellip; <\/p>\n","protected":false},"author":4,"featured_media":200574,"comment_status":"closed","ping_status":"open","sticky":false,"template":"","format":"standard","meta":{"footnotes":""},"categories":[11],"tags":[],"class_list":["post-200573","post","type-post","status-publish","format-standard","has-post-thumbnail","hentry","category-internacionales"],"_links":{"self":[{"href":"https:\/\/corrientesdetarde.com\/index.php\/wp-json\/wp\/v2\/posts\/200573","targetHints":{"allow":["GET"]}}],"collection":[{"href":"https:\/\/corrientesdetarde.com\/index.php\/wp-json\/wp\/v2\/posts"}],"about":[{"href":"https:\/\/corrientesdetarde.com\/index.php\/wp-json\/wp\/v2\/types\/post"}],"author":[{"embeddable":true,"href":"https:\/\/corrientesdetarde.com\/index.php\/wp-json\/wp\/v2\/users\/4"}],"replies":[{"embeddable":true,"href":"https:\/\/corrientesdetarde.com\/index.php\/wp-json\/wp\/v2\/comments?post=200573"}],"version-history":[{"count":1,"href":"https:\/\/corrientesdetarde.com\/index.php\/wp-json\/wp\/v2\/posts\/200573\/revisions"}],"predecessor-version":[{"id":200575,"href":"https:\/\/corrientesdetarde.com\/index.php\/wp-json\/wp\/v2\/posts\/200573\/revisions\/200575"}],"wp:featuredmedia":[{"embeddable":true,"href":"https:\/\/corrientesdetarde.com\/index.php\/wp-json\/wp\/v2\/media\/200574"}],"wp:attachment":[{"href":"https:\/\/corrientesdetarde.com\/index.php\/wp-json\/wp\/v2\/media?parent=200573"}],"wp:term":[{"taxonomy":"category","embeddable":true,"href":"https:\/\/corrientesdetarde.com\/index.php\/wp-json\/wp\/v2\/categories?post=200573"},{"taxonomy":"post_tag","embeddable":true,"href":"https:\/\/corrientesdetarde.com\/index.php\/wp-json\/wp\/v2\/tags?post=200573"}],"curies":[{"name":"wp","href":"https:\/\/api.w.org\/{rel}","templated":true}]}}