{"id":200650,"date":"2025-04-06T21:30:00","date_gmt":"2025-04-07T00:30:00","guid":{"rendered":"https:\/\/corrientesdetarde.com\/?p=200650"},"modified":"2025-04-06T20:40:44","modified_gmt":"2025-04-06T23:40:44","slug":"quilmes-rock-vivi-el-dia-dos-del-festival","status":"publish","type":"post","link":"https:\/\/corrientesdetarde.com\/index.php\/informacion-general\/quilmes-rock-vivi-el-dia-dos-del-festival\/","title":{"rendered":"Quilmes Rock: viv\u00ed el d\u00eda dos del festival."},"content":{"rendered":"\n<h2 class=\"wp-block-heading\">La segunda de las cuatro fechas del evento est\u00e1 haciendo vibrar el predio de Tecn\u00f3polis. Conociendo Rusia y El Mat\u00f3 a un Polic\u00eda Motorizado, entre otros, levantaron la temperatura. La noche sigue con los homenajes a Ser\u00fa Gir\u00e1n y Rosario Bl\u00e9fari, adem\u00e1s de los shows \u00e9picos de Las Pastillas del Abuelo, Ratones Paranoicos y Los Fabulosos C\u00e1dillacs.<\/h2>\n\n\n\n<p>El\u00a0<strong>Quilmes Rock 2025<\/strong>\u00a0dio inicio a la segunda de las cuatro fechas del festival. Este domingo 6 de abril se esperan los shows de\u00a0<strong>Las pastillas del abuelo<\/strong>,\u00a0<strong>Ratones Paranoicos<\/strong>\u00a0y el homenaje a\u00a0<strong>Ser\u00fa Gir\u00e1n<\/strong>.<\/p>\n\n\n\n<p>Luego de una primera jornada cargada de energ\u00eda rockera y pop, hoy tambi\u00e9n se destacan las presentaciones en vivo de El Mat\u00f3 a un Polic\u00eda Motorizado,\u00a0<strong>Los Fabulosos Cadillacs<\/strong>\u00a0y un show dedicado a\u00a0<strong>Rosario Bl\u00e9fari<\/strong>.<\/p>\n\n\n\n<p>Record\u00e1 que el&nbsp;<strong>acceso general&nbsp;<\/strong>al festival es por Colectora de Av. General Paz (Juan Bautista de la Salle al 4600) y el&nbsp;<strong>lounge&nbsp;<\/strong>por Av. Presidente Arturo Illia. Las puertas de este segundo d\u00eda abrieron a las 13 y las primeras bandas encargadas de ponerle m\u00fasica son Florian, Delfina Campos, Pels y Alter Vu.<\/p>\n\n\n\n<figure class=\"wp-block-image\"><img decoding=\"async\" src=\"https:\/\/tn.com.ar\/resizer\/v2\/mira-los-horarios-del-segundo-dia-del-quilmes-rock-2025-foto-instagrampopartmusicarg-LRFX64GUINHYXGBFQSSYDR3LIY.jpg?auth=348ddf1b80b0cf44e2668c758e45ce0e3fb001a4f9daf73a420ba8bea0f58811&amp;width=767\" alt=\"Mir\u00e1 los horarios del segundo d\u00eda del Quilmes Rock 2025. (Foto: Instagram\/popartmusicarg)\"\/><figcaption class=\"wp-element-caption\">Mir\u00e1 los horarios del segundo d\u00eda del Quilmes Rock 2025. (Foto: Instagram\/popartmusicarg)<\/figcaption><\/figure>\n\n\n\n<p>Adem\u00e1s, hay elementos con los que<strong>&nbsp;no est\u00e1 permitido<\/strong>&nbsp;ingresar a Tecn\u00f3polis: paraguas, elementos punzantes, armas de fuego, l\u00edquidos y gases inflamables, heladeras, aerosoles, alimentos o bebidas y equipo de mate. Pod\u00e9s entrar con medicamentos bajo receta m\u00e9dica, c\u00e1maras digitales -no profesionales-, cargador port\u00e1til, y carteras o bolsos.<\/p>\n\n\n\n<p>El predio est\u00e1 dividido en cinco escenarios y este domingo tocan m\u00e1s de 30 bandas. El&nbsp;<strong>Quilmes&nbsp;<\/strong>y&nbsp;<strong>Rock<\/strong>&nbsp;son los principales y hoy cada uno ver\u00e1 pasar a seis proyectos musicales.&nbsp;<strong>Popart<\/strong>,&nbsp;<strong>Geiser&nbsp;<\/strong>y&nbsp;<strong>Enigma&nbsp;<\/strong>reunir\u00e1n a m\u00e1s artistas entre los que se destacan Isla de Caras, Las Ligas Menores, Doppel Gangs, Paula Maffia, Roc\u00edo Igarzabal y Mi Amigo Invencible.<\/p>\n\n\n\n<h2 class=\"wp-block-heading\">As\u00ed se vive el segundo d\u00eda del Quilmes Rock 2025<\/h2>\n\n\n\n<p>En medio de una tarde calurosa, el festival abri\u00f3 sus puertas a las 13 y comenz\u00f3 a recibir a su p\u00fablico que llega con entusiasmo al predio de Tecn\u00f3polis. Entre varios de los presentes se pueden ver las&nbsp;<strong>cl\u00e1sicas remeras<\/strong>&nbsp;de las bandas principales que cerrar\u00e1n el Quilmes Rock, adem\u00e1s de las que tocan por la tarde como 107 Faunos o Las Ligas Menores.<\/p>\n\n\n\n<p><strong>Conociendo Rusia<\/strong><\/p>\n\n\n\n<p>Alrededor de las 18:30,&nbsp;<strong>Mateo Sujatovich<\/strong>&nbsp;apareci\u00f3 en el escenario Rock y salud\u00f3 al p\u00fablico presente que lo esperaba con ansias. Esta edici\u00f3n del festival est\u00e1 marcada por la presencia de diferentes generaciones. Por eso, el Ruso hizo algunas de sus canciones como \u201cCabildo y Juramento\u201d, \u201cLoco en el desierto\u201d, \u201c30 a\u00f1os\u201d y \u201cA la vez\u201d; pero adem\u00e1s interpret\u00f3&nbsp;<strong>\u201cRezo por vos\u201d<\/strong>, el himno de Luis Alberto Spinetta y Charly Garc\u00eda.<\/p>\n\n\n\n<p>\u201cMano arriba que nos vamos, Buenos Aires.<strong>&nbsp;Gracias por todo el amor<\/strong>, ahora s\u00ed, con todo\u201d, lanz\u00f3 Mateo para alentar a los presentes antes de cerrar su show con \u201cQuiero que me llames\u201d.<\/p>\n\n\n\n<p><strong>107 Faunos<\/strong><\/p>\n\n\n\n<p>Tambi\u00e9n desde La Plata, los 107 Faunos hicieron varios temas de su repertorio en el escenario Geiser desde las 18. Con su p\u00fablico fiel seguidor del sello Laptra, la banda interpret\u00f3 \u201cLlorando en la mansi\u00f3n prestada\u201d, \u201cPeque\u00f1a honduras\u201d, \u201cPico tres\u201d, \u201cEl jefe de los malos\u201d y \u201cMovimiento de las monta\u00f1as\u201d. \u201cSomos un mont\u00f3n, gracias por esta gran oportunidad, cada vez somos m\u00e1s.&nbsp;<strong>Siempre te amar\u00e9, Quilmes Rock<\/strong>\u201d, dijo Javier \u201cGato\u201d Sisti Ripoll.<\/p>\n\n\n\n<figure class=\"wp-block-image\"><img decoding=\"async\" src=\"https:\/\/tn.com.ar\/resizer\/v2\/dante-spinetta-y-su-hijo-brando-se-encontraron-con-david-lebon-en-el-backstage-del-quilmes-rock-foto-gentileza-prensa-YTOQLQD6IZEYXB2AZMBCCSZJR4.jpeg?auth=057310a68e0e058844d86e0c3d949df908db41509c2b229720833f682069c2e3&amp;width=767\" alt=\"Dante Spinetta y su hijo Brando se encontraron con David Leb\u00f3n en el backstage del Quilmes Rock. (Foto: gentileza prensa)\"\/><figcaption class=\"wp-element-caption\">Dante Spinetta y su hijo Brando se encontraron con David Leb\u00f3n en el backstage del Quilmes Rock. (Foto: gentileza prensa)<\/figcaption><\/figure>\n\n\n\n<p><strong>El Mat\u00f3 a un Polic\u00eda Motorizado<\/strong><\/p>\n\n\n\n<p>La banda de La Plata lleg\u00f3 con su indie rock al festival y se vivieron uno de los momentos m\u00e1s en\u00e9rgicos de la jornada. Minutos antes de que empezara el show en el escenario Quilmes a las 17:30, el p\u00fablico ya coreaba el nombre del grupo y anticipaba el fervor con el que iban a cantar las canciones. La primera del setlist fue<strong>&nbsp;\u201cS\u00e1bado\u201d<\/strong>, de su \u00e1lbum hom\u00f3nimo debut que sali\u00f3 en el 2004.<\/p>\n\n\n\n<p>Despu\u00e9s de ese viaje a sus inicios, El Mat\u00f3 sigui\u00f3 su repertorio con \u201cSegundo plan\u201d y \u201cUn diamante roto\u201d de su reciente disco<em>&nbsp;Super Terror<\/em>. \u201cEsta va dedicada a todos ustedes\u201d, dijo Santiago antes de hacer El Tesoro. El mayor fervor -con pogos y cantos euf\u00f3ricos- fue con la seguidilla de \u201cYoni B\u201d, \u201cChica de oro\u201d y la \u00faltima, \u201cMi pr\u00f3ximo movimiento\u201d.<\/p>\n\n\n\n<p><strong>Los Cafres<\/strong><\/p>\n\n\n\n<p>La ic\u00f3nica banda llen\u00f3 de reggae la tarde del Quilmes Rock. Bajo el liderazgo de Guillermo Bonetto, el grupo celebr\u00f3 sus 37 a\u00f1os en la escena musical y agradeci\u00f3 constantemente el recibimiento de su p\u00fablico. \u201cDe mi mente\u201d, \u201cSi el amor se cae\u201d y \u201cNo puedo sacarte de mi mente\u201d, fueron los temas m\u00e1s coreados de su setlist.<\/p>\n\n\n\n<p><strong>Isla de Caras<\/strong><\/p>\n\n\n\n<p>En el escenario Popart, el proyecto liderado por<strong>&nbsp;Lautaro Cura<\/strong>&nbsp;repas\u00f3 algunas de las canciones de sus inicios y otras de las nuevas que lanzaron en este \u00faltimo tiempo. La banda sorprendi\u00f3 al p\u00fablico del Quilmes con una impronta m\u00e1s en\u00e9rgica e innovadora que se acerca cada vez m\u00e1s a los sonidos rockeros.&nbsp;<strong>\u201cMirar pel\u00edculas\u201d<\/strong>&nbsp;y&nbsp;<strong>\u201cAmigos\u201d&nbsp;<\/strong>son dos de los temas que anticipan esta nueva b\u00fasqueda que los acerc\u00f3 a<em><strong>&nbsp;L\u00edneas Generales<\/strong><\/em>, el \u00e1lbum que lanzar\u00e1n el 29 de abril.<\/p>\n\n\n\n<p><strong>Las primeras horas del Quilmes Rock<\/strong><\/p>\n\n\n\n<p>En los escenarios principales se pudo disfrutar desde temprano a<strong>&nbsp;Dante Spinetta<\/strong>&nbsp;y<strong>&nbsp;Koino Yokan<\/strong>. Potra y Clara Cava llenaron con sus melod\u00edas al stage de Popart mientras que en el Geiser y Enigma pasaron Bruno Albano, Fonso y las paritarias, Mora Fisz y Jacinta Fischer.<\/p>\n","protected":false},"excerpt":{"rendered":"<p>La segunda de las cuatro fechas del evento est\u00e1 haciendo vibrar el predio de Tecn\u00f3polis. Conociendo Rusia y El Mat\u00f3 a un Polic\u00eda Motorizado, entre otros, levantaron la temperatura. La&hellip; <\/p>\n","protected":false},"author":6,"featured_media":200657,"comment_status":"closed","ping_status":"open","sticky":false,"template":"","format":"standard","meta":{"footnotes":""},"categories":[1],"tags":[],"class_list":["post-200650","post","type-post","status-publish","format-standard","has-post-thumbnail","hentry","category-informacion-general"],"_links":{"self":[{"href":"https:\/\/corrientesdetarde.com\/index.php\/wp-json\/wp\/v2\/posts\/200650","targetHints":{"allow":["GET"]}}],"collection":[{"href":"https:\/\/corrientesdetarde.com\/index.php\/wp-json\/wp\/v2\/posts"}],"about":[{"href":"https:\/\/corrientesdetarde.com\/index.php\/wp-json\/wp\/v2\/types\/post"}],"author":[{"embeddable":true,"href":"https:\/\/corrientesdetarde.com\/index.php\/wp-json\/wp\/v2\/users\/6"}],"replies":[{"embeddable":true,"href":"https:\/\/corrientesdetarde.com\/index.php\/wp-json\/wp\/v2\/comments?post=200650"}],"version-history":[{"count":1,"href":"https:\/\/corrientesdetarde.com\/index.php\/wp-json\/wp\/v2\/posts\/200650\/revisions"}],"predecessor-version":[{"id":200660,"href":"https:\/\/corrientesdetarde.com\/index.php\/wp-json\/wp\/v2\/posts\/200650\/revisions\/200660"}],"wp:featuredmedia":[{"embeddable":true,"href":"https:\/\/corrientesdetarde.com\/index.php\/wp-json\/wp\/v2\/media\/200657"}],"wp:attachment":[{"href":"https:\/\/corrientesdetarde.com\/index.php\/wp-json\/wp\/v2\/media?parent=200650"}],"wp:term":[{"taxonomy":"category","embeddable":true,"href":"https:\/\/corrientesdetarde.com\/index.php\/wp-json\/wp\/v2\/categories?post=200650"},{"taxonomy":"post_tag","embeddable":true,"href":"https:\/\/corrientesdetarde.com\/index.php\/wp-json\/wp\/v2\/tags?post=200650"}],"curies":[{"name":"wp","href":"https:\/\/api.w.org\/{rel}","templated":true}]}}