{"id":200670,"date":"2025-04-07T07:47:47","date_gmt":"2025-04-07T10:47:47","guid":{"rendered":"https:\/\/corrientesdetarde.com\/?p=200670"},"modified":"2025-04-07T07:47:52","modified_gmt":"2025-04-07T10:47:52","slug":"cazadores-furtivos-atrapados-con-cuatro-animales-silvestres-faenados","status":"publish","type":"post","link":"https:\/\/corrientesdetarde.com\/index.php\/policiales\/cazadores-furtivos-atrapados-con-cuatro-animales-silvestres-faenados\/","title":{"rendered":"Cazadores furtivos atrapados con cuatro animales silvestres faenados"},"content":{"rendered":"\n<p>El procedimiento, del que formaron parte de forma conjunta funcionarios de la Direcci\u00f3n de Recursos Naturales de la provincia, tuvo lugar el s\u00e1bado por la tarde, cuando un control de ruta demor\u00f3 el paso de una camioneta con dos hombres en su interior.<\/p>\n\n\n\n<p>De inmediato, el marcado nerviosismo de estos, alert\u00f3 a los uniformados, quienes al inspeccionar la caja trasera del veh\u00edculo, notaron que cargaba varias bolsas pl\u00e1sticas y, dentro de ellas, decenas de kilos de carne desvicerada de dos ciervos axis y de dos carpinchos, cazados recientemente y de forma clandestina en alg\u00fan campo cercano.<\/p>\n\n\n<div class=\"wp-block-image\">\n<figure class=\"aligncenter\"><img decoding=\"async\" src=\"https:\/\/www.diarioepoca.com\/content\/bucket\/0\/1423110w380h438c.jpg.webp\" alt=\"\"\/><\/figure>\n<\/div>\n\n\n<p>Los dos hombres no quedaron detenidos y seg\u00fan fuentes oficiales, ser\u00edan oriundos de la zona y a los que se le labraron las actas de infracci\u00f3n correspondientes. Se les incaut\u00f3 adem\u00e1s de la carne, un rifle de alto poder de tiro y una linterna tipo reflector.<\/p>\n","protected":false},"excerpt":{"rendered":"<p>El procedimiento, del que formaron parte de forma conjunta funcionarios de la Direcci\u00f3n de Recursos Naturales de la provincia, tuvo lugar el s\u00e1bado por la tarde, cuando un control de&hellip; <\/p>\n","protected":false},"author":1,"featured_media":200692,"comment_status":"closed","ping_status":"open","sticky":false,"template":"","format":"standard","meta":{"footnotes":""},"categories":[33],"tags":[],"class_list":["post-200670","post","type-post","status-publish","format-standard","has-post-thumbnail","hentry","category-policiales"],"_links":{"self":[{"href":"https:\/\/corrientesdetarde.com\/index.php\/wp-json\/wp\/v2\/posts\/200670","targetHints":{"allow":["GET"]}}],"collection":[{"href":"https:\/\/corrientesdetarde.com\/index.php\/wp-json\/wp\/v2\/posts"}],"about":[{"href":"https:\/\/corrientesdetarde.com\/index.php\/wp-json\/wp\/v2\/types\/post"}],"author":[{"embeddable":true,"href":"https:\/\/corrientesdetarde.com\/index.php\/wp-json\/wp\/v2\/users\/1"}],"replies":[{"embeddable":true,"href":"https:\/\/corrientesdetarde.com\/index.php\/wp-json\/wp\/v2\/comments?post=200670"}],"version-history":[{"count":1,"href":"https:\/\/corrientesdetarde.com\/index.php\/wp-json\/wp\/v2\/posts\/200670\/revisions"}],"predecessor-version":[{"id":200693,"href":"https:\/\/corrientesdetarde.com\/index.php\/wp-json\/wp\/v2\/posts\/200670\/revisions\/200693"}],"wp:featuredmedia":[{"embeddable":true,"href":"https:\/\/corrientesdetarde.com\/index.php\/wp-json\/wp\/v2\/media\/200692"}],"wp:attachment":[{"href":"https:\/\/corrientesdetarde.com\/index.php\/wp-json\/wp\/v2\/media?parent=200670"}],"wp:term":[{"taxonomy":"category","embeddable":true,"href":"https:\/\/corrientesdetarde.com\/index.php\/wp-json\/wp\/v2\/categories?post=200670"},{"taxonomy":"post_tag","embeddable":true,"href":"https:\/\/corrientesdetarde.com\/index.php\/wp-json\/wp\/v2\/tags?post=200670"}],"curies":[{"name":"wp","href":"https:\/\/api.w.org\/{rel}","templated":true}]}}