{"id":200672,"date":"2025-04-07T07:38:34","date_gmt":"2025-04-07T10:38:34","guid":{"rendered":"https:\/\/corrientesdetarde.com\/?p=200672"},"modified":"2025-04-07T07:38:38","modified_gmt":"2025-04-07T10:38:38","slug":"las-ventas-minoristas-pyme-subieron-105-interanual-en-marzo","status":"publish","type":"post","link":"https:\/\/corrientesdetarde.com\/index.php\/economia\/las-ventas-minoristas-pyme-subieron-105-interanual-en-marzo\/","title":{"rendered":"Las ventas minoristas pyme subieron 10,5% interanual en marzo"},"content":{"rendered":"\n<figure class=\"wp-block-table aligncenter\"><table class=\"has-fixed-layout\"><tbody><tr><td>Las ventas minoristas pyme aumentaron un 10,5% interanual -a precios constantes. Sin embargo, esta mejora a\u00fan no logra compensar las fuertes ca\u00eddas del a\u00f1o pasado, cuando las ventas retrocedieron -12,6% en marzo, acumulando un descenso del -22,1%. La demanda mostr\u00f3 limitaciones, especialmente en rubros no esenciales, mientras que algunos sectores estacionales lograron cierta recuperaci\u00f3n gracias a eventos como el inicio del ciclo lectivo.En la comparaci\u00f3n mensual desestacionalizada se produjo un aumento del +0,1%, acumulando +19,4 en el primer trimestre del a\u00f1o.<br><br><br><img loading=\"lazy\" decoding=\"async\" width=\"567\" height=\"118\" src=\"https:\/\/ci3.googleusercontent.com\/meips\/ADKq_NY6n1eGfmY8J1rTJi3n2JulOcW94vlfSifLq-vXWZ5nGud1Mm3CA3pUnkE2Ghl7bGhT1cTnfX27m_vhn_a5bQgDgHwGJkugZsPyPzh8X1yI9XRqv4AJ3My7-ee70ImcLyn884A26P8npKdO45KhkUroFLlOM3edYUgAflne-9OTaWq-7Tzu08pN6MJFda7M0rLWvzenxVfj=s0-d-e1-ft#https:\/\/mailprensa.came.org.ar\/data\/1899c60d3e88c767f20949a98d5003460b14bf85\/media_files\/1318\/original\/image-20250406010715-1.png\"><br><br>En marzo, las ventas estuvieron impulsadas por el cierre de la temporada de verano, el inicio de clases y acciones comerciales como promociones, cuotas sin inter\u00e9s y descuentos. Muchos comercios se\u00f1alaron un leve repunte, aunque no completamente al nivel esperado para esta \u00e9poca. Persisten factores que limitan el consumo, como la falta de liquidez, aumento de costos operativos y la competencia informal o desde el exterior. Aun as\u00ed, quienes ofrecieron variedad, precios accesibles o estrategias de venta lograron sostener su actividad.<br><br><img loading=\"lazy\" decoding=\"async\" width=\"567\" height=\"236\" src=\"https:\/\/ci3.googleusercontent.com\/meips\/ADKq_NYiEzFU2mrIHJkhJ3Nn-YguDi8Ooy0PaDN9nQCgYOMFKXErAbwQXXq5tiNKtIMTFubNyzugwmXDKgUbEtNDmvH5SYk7Df6VT5qKIoecXWZoklawxiKR1OdpkJV9PWhPMD0W6DcBa1OgNorIHKRTW9NfoWJm705lSiv3pfwLuLlvbRxDHAjiotiPVSTIqmlnAQJSYFZLUkZM=s0-d-e1-ft#https:\/\/mailprensa.came.org.ar\/data\/1899c60d3e88c767f20949a98d5003460b14bf85\/media_files\/1319\/original\/image-20250406010715-2.png\"><br>En marzo, los siete rubros relevados registraron subas interanuales en sus ventas. El mayor incremento se detect\u00f3 en Perfumer\u00eda (+23,6%), seguido por Farmacia (+16,8%) y Alimentos y Bebidas (+13,7%). En el acumulado del trimestre, lidera Alimentos y Bebidas con un aumento de +25,3%.<br><br><img loading=\"lazy\" decoding=\"async\" width=\"567\" height=\"290\" src=\"https:\/\/ci3.googleusercontent.com\/meips\/ADKq_NZNHexr4-MPqFP4jVuzkHMyL42wZRjq1Ctmt3dCzvHRgjBrFm91XwwR5ZKgZxVZLhqJ6GtJK_IOSzwsvYz5THCJopexennDKlQ3bEmrPbYQ3xV9sH2mIPQ2LPT5dAvUHWJuGy18qOI_hJszpev4QYAsJUUVMtNHx4NlkeFOSHUbrxGDrvkZQt5RARzdLH9mNg40M2mcVGVl=s0-d-e1-ft#https:\/\/mailprensa.came.org.ar\/data\/1899c60d3e88c767f20949a98d5003460b14bf85\/media_files\/1320\/original\/image-20250406010715-3.png\"><br>En marzo, los comercios atravesaron un escenario complejo marcado por el aumento de costos operativos, impositivos y de alquileres, baja afluencia de clientes, y dificultades para cubrir gastos fijos y reponer stock. La competencia de productos importados e informales, junto con una demanda contenida a pesar de las promociones, presion\u00f3 los m\u00e1rgenes de rentabilidad, especialmente en sectores como el textil. De este modo, la adaptaci\u00f3n, el uso de medios de pago financiados y las promociones se consolidaron como herramientas clave para sostener la actividad.Las expectativas de los comercios para los pr\u00f3ximos meses muestran un optimismo moderado. Si bien la mayor\u00eda espera una mejora en la situaci\u00f3n econ\u00f3mica de su empresa, persiste la cautela ante un entorno incierto y con se\u00f1ales mixtas. La estabilidad de precios, las acciones promocionales y una eventual recuperaci\u00f3n del consumo son vistas como factores que podr\u00edan impulsar la actividad. Aun as\u00ed, muchos se\u00f1alan que el repunte ser\u00e1 gradual y condicionado por el contexto general. La percepci\u00f3n sobre el futuro econ\u00f3mico del pa\u00eds y del sector pyme tambi\u00e9n mejora, aunque con reservas.Para acceder al informe completo, haga clic\u00a0<a href=\"https:\/\/mailprensa.came.org.ar\/c\/pemeo3\/p-gzsteu\/-2lfng2h_vi\" target=\"_blank\" rel=\"noreferrer noopener\">aqu\u00ed<\/a>.<\/td><\/tr><\/tbody><\/table><\/figure>\n","protected":false},"excerpt":{"rendered":"<p>Las ventas minoristas pyme aumentaron un 10,5% interanual -a precios constantes. Sin embargo, esta mejora a\u00fan no logra compensar las fuertes ca\u00eddas del a\u00f1o pasado, cuando las ventas retrocedieron -12,6%&hellip; <\/p>\n","protected":false},"author":1,"featured_media":154098,"comment_status":"closed","ping_status":"open","sticky":false,"template":"","format":"standard","meta":{"footnotes":""},"categories":[26,20],"tags":[],"class_list":["post-200672","post","type-post","status-publish","format-standard","has-post-thumbnail","hentry","category-destacados","category-economia"],"_links":{"self":[{"href":"https:\/\/corrientesdetarde.com\/index.php\/wp-json\/wp\/v2\/posts\/200672","targetHints":{"allow":["GET"]}}],"collection":[{"href":"https:\/\/corrientesdetarde.com\/index.php\/wp-json\/wp\/v2\/posts"}],"about":[{"href":"https:\/\/corrientesdetarde.com\/index.php\/wp-json\/wp\/v2\/types\/post"}],"author":[{"embeddable":true,"href":"https:\/\/corrientesdetarde.com\/index.php\/wp-json\/wp\/v2\/users\/1"}],"replies":[{"embeddable":true,"href":"https:\/\/corrientesdetarde.com\/index.php\/wp-json\/wp\/v2\/comments?post=200672"}],"version-history":[{"count":1,"href":"https:\/\/corrientesdetarde.com\/index.php\/wp-json\/wp\/v2\/posts\/200672\/revisions"}],"predecessor-version":[{"id":200678,"href":"https:\/\/corrientesdetarde.com\/index.php\/wp-json\/wp\/v2\/posts\/200672\/revisions\/200678"}],"wp:featuredmedia":[{"embeddable":true,"href":"https:\/\/corrientesdetarde.com\/index.php\/wp-json\/wp\/v2\/media\/154098"}],"wp:attachment":[{"href":"https:\/\/corrientesdetarde.com\/index.php\/wp-json\/wp\/v2\/media?parent=200672"}],"wp:term":[{"taxonomy":"category","embeddable":true,"href":"https:\/\/corrientesdetarde.com\/index.php\/wp-json\/wp\/v2\/categories?post=200672"},{"taxonomy":"post_tag","embeddable":true,"href":"https:\/\/corrientesdetarde.com\/index.php\/wp-json\/wp\/v2\/tags?post=200672"}],"curies":[{"name":"wp","href":"https:\/\/api.w.org\/{rel}","templated":true}]}}