{"id":200689,"date":"2025-04-07T10:02:37","date_gmt":"2025-04-07T13:02:37","guid":{"rendered":"https:\/\/corrientesdetarde.com\/?p=200689"},"modified":"2025-04-07T10:02:44","modified_gmt":"2025-04-07T13:02:44","slug":"dos-muertos-tras-choque-entre-tres-vehiculos-en-el-interior-de-corrientes","status":"publish","type":"post","link":"https:\/\/corrientesdetarde.com\/index.php\/informacion-general\/dos-muertos-tras-choque-entre-tres-vehiculos-en-el-interior-de-corrientes\/","title":{"rendered":"Dos muertos tras choque entre tres veh\u00edculos en el interior de Corrientes"},"content":{"rendered":"\n<p>Alrededor de las 23 del domingo en ruta nacional 119 a la altura del km 40 apr\u00f3ximadamente al norte del acceso a la localidad de Curuz\u00fa Cuati\u00e1, se produjo un grave accidente de tr\u00e1nsito. Al llegar la emergencia al lugar, se determin\u00f3 que hab\u00eda un ciclista y un motociclista gravemente heridos. Sobre la ruta permanec\u00edan tirada una bicicleta y una motocicleta de gran cilindrada, en tanto que un autom\u00f3vil estaba m\u00e1s alejado de la escena pero que tambi\u00e9n hab\u00eda tenido participaci\u00f3n.\u00a0<\/p>\n\n\n\n<p><\/p>\n\n\n\n<p>Los primeros intervinientes alertaron que el hombre mayor a unos sesenta a\u00f1os ya no ten\u00eda signos vitales y el conductor de la motocicleta presentaba serias lesiones y fue llevado de urgencia al Hospital Civil.&nbsp;<\/p>\n\n\n\n<p>Se hicieron presentes personal de la Polic\u00eda de Corrientes, &nbsp;Bomberos Voluntarios y ambulancias del Hospital Civil. Por cuestiones de jurisdicci\u00f3n intervino Comisar\u00eda Segunda donde se procedieron a las diligencias correspondientes. &nbsp;<\/p>\n\n\n\n<p>Horas m\u00e1s tarde se supo que el veh\u00edculo marca Peugeot ven\u00eda de Corrientes hacia nuestra ciudad y era ocupado por Aspirantes a Cabos de la Polic\u00eda de Corrientes. Si bien el auto estaba da\u00f1ado, estaban fuera de peligro sus ocupantes. &nbsp;Por otra parte, el conductor de la motocicleta tambi\u00e9n era Aspirante a Cabo de la Polic\u00eda de Corrientes, todos llegaban para iniciar sus actividades en la sede de la Escuela de Suboficiales de la Polic\u00eda de Corrientes que est\u00e1 en nuestra ciudad. &nbsp;<\/p>\n\n\n\n<p>La Polic\u00eda manifest\u00f3 que el ciclista falleci\u00f3 en el acto, y por ahora se desconoce su identidad. El cuerpo fue llevado a la morgue del Hospital hasta que se localice a su familia. &nbsp;Tambi\u00e9n se inform\u00f3 que debido a la gravedad de las heridas, en el Hospital Civil, &nbsp;perdi\u00f3 la vida un joven de apellido Castillo, oriundo de Mercedes y que era aspirante a Cabo en la Polic\u00eda de Corrientes.&nbsp;<\/p>\n\n\n\n<p>Debido a la gravedad del siniestro, la Polic\u00eda de Corrientes llev\u00f3 adelante las diligencias de rigor para continuar con la investigaci\u00f3n del caso.<\/p>\n","protected":false},"excerpt":{"rendered":"<p>Alrededor de las 23 del domingo en ruta nacional 119 a la altura del km 40 apr\u00f3ximadamente al norte del acceso a la localidad de Curuz\u00fa Cuati\u00e1, se produjo un&hellip; <\/p>\n","protected":false},"author":1,"featured_media":200703,"comment_status":"closed","ping_status":"open","sticky":false,"template":"","format":"standard","meta":{"footnotes":""},"categories":[1,33],"tags":[],"class_list":["post-200689","post","type-post","status-publish","format-standard","has-post-thumbnail","hentry","category-informacion-general","category-policiales"],"_links":{"self":[{"href":"https:\/\/corrientesdetarde.com\/index.php\/wp-json\/wp\/v2\/posts\/200689","targetHints":{"allow":["GET"]}}],"collection":[{"href":"https:\/\/corrientesdetarde.com\/index.php\/wp-json\/wp\/v2\/posts"}],"about":[{"href":"https:\/\/corrientesdetarde.com\/index.php\/wp-json\/wp\/v2\/types\/post"}],"author":[{"embeddable":true,"href":"https:\/\/corrientesdetarde.com\/index.php\/wp-json\/wp\/v2\/users\/1"}],"replies":[{"embeddable":true,"href":"https:\/\/corrientesdetarde.com\/index.php\/wp-json\/wp\/v2\/comments?post=200689"}],"version-history":[{"count":1,"href":"https:\/\/corrientesdetarde.com\/index.php\/wp-json\/wp\/v2\/posts\/200689\/revisions"}],"predecessor-version":[{"id":200704,"href":"https:\/\/corrientesdetarde.com\/index.php\/wp-json\/wp\/v2\/posts\/200689\/revisions\/200704"}],"wp:featuredmedia":[{"embeddable":true,"href":"https:\/\/corrientesdetarde.com\/index.php\/wp-json\/wp\/v2\/media\/200703"}],"wp:attachment":[{"href":"https:\/\/corrientesdetarde.com\/index.php\/wp-json\/wp\/v2\/media?parent=200689"}],"wp:term":[{"taxonomy":"category","embeddable":true,"href":"https:\/\/corrientesdetarde.com\/index.php\/wp-json\/wp\/v2\/categories?post=200689"},{"taxonomy":"post_tag","embeddable":true,"href":"https:\/\/corrientesdetarde.com\/index.php\/wp-json\/wp\/v2\/tags?post=200689"}],"curies":[{"name":"wp","href":"https:\/\/api.w.org\/{rel}","templated":true}]}}