{"id":200702,"date":"2025-04-07T10:04:36","date_gmt":"2025-04-07T13:04:36","guid":{"rendered":"https:\/\/corrientesdetarde.com\/?p=200702"},"modified":"2025-04-07T10:04:40","modified_gmt":"2025-04-07T13:04:40","slug":"fuertes-revelaciones-de-la-fiscal-sobre-el-caso-del-bebe-hallado-en-una-bolsa","status":"publish","type":"post","link":"https:\/\/corrientesdetarde.com\/index.php\/crimen-y-justicia\/fuertes-revelaciones-de-la-fiscal-sobre-el-caso-del-bebe-hallado-en-una-bolsa\/","title":{"rendered":"Fuertes revelaciones de la fiscal sobre el caso del beb\u00e9 hallado en una bolsa"},"content":{"rendered":"\n<p>El caso del beb\u00e9 hallado en una bolsa de residuos el pasado viernes en pleno centro de la ciudad de Corrientes es investigado por la fiscal Sonia Meza, quien confirm\u00f3 que el neonato presentaba hematomas y un cuadro de hipotermia.<\/p>\n\n\n\n<p>Cabe recordar que efectivos policiales fueron alertados de que por calle Jujuy al 800 se hall\u00f3 un beb\u00e9 reci\u00e9n nacido en una bolsa de consorcio y pese a ser ingresado al hospital, muri\u00f3 a causa de la gravedad de su estado.<\/p>\n\n\n\n<p><strong>&#8220;Esa ma\u00f1ana era muy fr\u00eda y el beb\u00e9 presentaba hipotermia al ser encontrado&#8221;<\/strong>, dijo la fiscal encargada del caso.<\/p>\n\n\n\n<p>Meza sostuvo que &#8220;estamos investigando si fue tirado o si fue depositado en el estacionamiento de un edificio en Jujuy al 800&#8221;.&nbsp;<\/p>\n\n\n\n<p>Sobre el hallazgo,&nbsp;mencion\u00f3&nbsp;que &#8220;el ciudadano que estaba por salir a trabajar en su veh\u00edculo, se percata de una bolsa de residuos.&#8221;&nbsp;<strong>Luego que el testigo baj\u00f3 y &#8220;ve parte de la piernita del beb\u00e9&#8221;.<\/strong><\/p>\n\n\n\n<p>Meza agreg\u00f3 que se realiza la investigaci\u00f3n &#8220;en el edificio lindero,&nbsp;<strong>estamos viendo si el beb\u00e9 fue tirado desde all\u00ed, porque el beb\u00e9 presentaba hematomas<\/strong>&#8220;.<\/p>\n\n\n\n<p>&#8220;Voy a hablar con el Dr. Galvez -encargado de la autopsia- a ver que pudieron encontrar y si esos hematomas pudieron haber provocado el da\u00f1o neurol\u00f3gico&#8221;, precis\u00f3.<\/p>\n\n\n\n<p>Sobre la pesquisa a los inquilinos de los edificios, Meza mencion\u00f3 que &#8220;se est\u00e1 haciendo el relevamiento por parte de la Comisar\u00eda Cuarta, como as\u00ed tambi\u00e9n las im\u00e1genes de las c\u00e1maras de seguridad&#8221;.<\/p>\n\n\n\n<p>Consultada sobre el lugar donde fue encontrado el beb\u00e9, la fiscal respondi\u00f3: &#8220;Es un bald\u00edo que funciona como estacionamiento de ese edificio&#8221; y a\u00f1adi\u00f3&nbsp;que &#8220;a ese lugar se puede acceder con llave&#8221;, pero &#8220;hay un muro de dos metros que linda con otro edificio, cuyo balconeo da a este edificio&#8221;.<\/p>\n\n\n\n<p>Sobre la situaci\u00f3n del beb\u00e9 la fiscal mencion\u00f3 que &#8220;<strong>presentaba problemas neurol\u00f3gicos y adem\u00e1s algo relacionado al pulm\u00f3n y al coraz\u00f3n, por lo que estaba con respirador&#8221;<\/strong>&nbsp;en el momento que estaba a\u00fan con vida.<\/p>\n\n\n\n<p>A su vez, confirm\u00f3 que &#8220;el beb\u00e9 ten\u00eda parte de la placenta&#8221;, confirmando que &#8220;recientemente pudo haber sido dado a luz momentos antes de ser depositado en ese lugar&#8221;.<\/p>\n\n\n\n<p>Con respecto a la b\u00fasqueda de la madre, la fiscal dijo que &#8220;pedimos informes a todos los centros de salud, sobre todo hospitales, a ver si ingres\u00f3 alguna persona con signos de parto domiciliario con complicaciones&#8221;, concluyendo que &#8220;aquella mujer debi\u00f3 haber concurrido a un centro de salud para ser asistida&#8221;.<\/p>\n","protected":false},"excerpt":{"rendered":"<p>El caso del beb\u00e9 hallado en una bolsa de residuos el pasado viernes en pleno centro de la ciudad de Corrientes es investigado por la fiscal Sonia Meza, quien confirm\u00f3&hellip; <\/p>\n","protected":false},"author":1,"featured_media":200476,"comment_status":"closed","ping_status":"open","sticky":false,"template":"","format":"standard","meta":{"footnotes":""},"categories":[5],"tags":[],"class_list":["post-200702","post","type-post","status-publish","format-standard","has-post-thumbnail","hentry","category-crimen-y-justicia"],"_links":{"self":[{"href":"https:\/\/corrientesdetarde.com\/index.php\/wp-json\/wp\/v2\/posts\/200702","targetHints":{"allow":["GET"]}}],"collection":[{"href":"https:\/\/corrientesdetarde.com\/index.php\/wp-json\/wp\/v2\/posts"}],"about":[{"href":"https:\/\/corrientesdetarde.com\/index.php\/wp-json\/wp\/v2\/types\/post"}],"author":[{"embeddable":true,"href":"https:\/\/corrientesdetarde.com\/index.php\/wp-json\/wp\/v2\/users\/1"}],"replies":[{"embeddable":true,"href":"https:\/\/corrientesdetarde.com\/index.php\/wp-json\/wp\/v2\/comments?post=200702"}],"version-history":[{"count":1,"href":"https:\/\/corrientesdetarde.com\/index.php\/wp-json\/wp\/v2\/posts\/200702\/revisions"}],"predecessor-version":[{"id":200705,"href":"https:\/\/corrientesdetarde.com\/index.php\/wp-json\/wp\/v2\/posts\/200702\/revisions\/200705"}],"wp:featuredmedia":[{"embeddable":true,"href":"https:\/\/corrientesdetarde.com\/index.php\/wp-json\/wp\/v2\/media\/200476"}],"wp:attachment":[{"href":"https:\/\/corrientesdetarde.com\/index.php\/wp-json\/wp\/v2\/media?parent=200702"}],"wp:term":[{"taxonomy":"category","embeddable":true,"href":"https:\/\/corrientesdetarde.com\/index.php\/wp-json\/wp\/v2\/categories?post=200702"},{"taxonomy":"post_tag","embeddable":true,"href":"https:\/\/corrientesdetarde.com\/index.php\/wp-json\/wp\/v2\/tags?post=200702"}],"curies":[{"name":"wp","href":"https:\/\/api.w.org\/{rel}","templated":true}]}}