{"id":200766,"date":"2025-04-07T14:19:28","date_gmt":"2025-04-07T17:19:28","guid":{"rendered":"https:\/\/corrientesdetarde.com\/?p=200766"},"modified":"2025-04-07T14:19:32","modified_gmt":"2025-04-07T17:19:32","slug":"efecto-trump-la-union-europea-busca-agilizar-la-entrada-en-vigencia-del-acuerdo-comercial-con-el-mercosur","status":"publish","type":"post","link":"https:\/\/corrientesdetarde.com\/index.php\/internacionales\/efecto-trump-la-union-europea-busca-agilizar-la-entrada-en-vigencia-del-acuerdo-comercial-con-el-mercosur\/","title":{"rendered":"Efecto Trump: la Uni\u00f3n Europea busca agilizar la entrada en vigencia del acuerdo comercial con el Mercosur"},"content":{"rendered":"\n<p>Bruselas apunta a dividir las partes del tratado para acelerar su aprobaci\u00f3n provisoria. El paso a paso del proceso, las negociaciones y el impacto en las econom\u00edas de ambos bloques.<a href=\"https:\/\/tn.com.ar\/autor\/gbanez\/\"><\/a><\/p>\n\n\n\n<p>Frente a las\u00a0medidas proteccionistas de Donald Trump, las amenazas de un enfriamiento de la econom\u00eda global y el fuerte impacto que generaron los aranceles a las importaciones impuestos por el presidente norteamericano,\u00a0<strong>el mundo entero empieza a redefinir sus estrategias comerciales\u00a0<\/strong>con aliados y con nuevos socios.<\/p>\n\n\n\n<p>Tal es el caso de la Uni\u00f3n Europea (UE), uno de los bloque econ\u00f3micos m\u00e1s importantes del mundo, que desde el inicio de la segunda gesti\u00f3n de Trump viene chocando con el republicano por cuestiones econ\u00f3micas, pol\u00edticas y en materia de defensa.&nbsp;<strong>Los 27 pa\u00edses miembros del bloque tendr\u00e1n un arancel del 20% base<\/strong>&nbsp;para la exportaci\u00f3n de sus productos a Estados Unidos.<\/p>\n\n\n\n<p>En este contexto,\u00a0el tratado de libre comercio con el Mercosur\u00a0<strong>vuelve a tomar un valor fundamental en el futuro de Europa<\/strong>. Las pol\u00edticas comerciales de Bruselas van, desde hace a\u00f1os, en una direcci\u00f3n opuesta a la que ahora tom\u00f3 la Casa Blanca: el bloque impulsa la baja de aranceles y la apertura comercial para ampliar sus vinculaciones con los principales socios.\u00a0<strong>Trump por un lado, la UE por el otro.<\/strong><\/p>\n\n\n\n<p>El fin de las negociaciones del acuerdo de libre comercio se anunci\u00f3 con bombos y platillos en la \u00faltima cumbre del Mercosur que tuvo lugar en Montevideo en diciembre del a\u00f1o pasado. Pero, tal como adelant\u00f3\u00a0\u00a0en aquel momento, del fin de las conversaciones a la entrada en vigencia\u00a0<strong>hay un largo trecho con trabas pol\u00edticas y burocr\u00e1ticas.<\/strong><\/p>\n\n\n\n<figure class=\"wp-block-image\"><img decoding=\"async\" src=\"https:\/\/tn.com.ar\/resizer\/v2\/donald-trump-cargo-fuerte-contra-los-paises-de-la-union-europea-foto-ap-V22QLEDLCVGJLJCGBS67PPO4E4.jpg?auth=2f8dd4e90aed826eb8f025f05e232f13c4289ece7c3fa64b4cd948f9b9d778bb&amp;width=767\" alt=\"Donald Trump carg\u00f3 fuerte contra los pa\u00edses de la Uni\u00f3n Europea. (Foto: AP)\"\/><\/figure>\n\n\n\n<p>Pero, ahora, con los nuevos aires proteccionistas de Estados Unidos y el consiguiente impacto en el v\u00ednculo comercial global, muchos son los que empiezan a ver con mayor inter\u00e9s&nbsp;<strong>que la aprobaci\u00f3n final del acuerdo se logre en el menor tiempo posible.<\/strong><\/p>\n\n\n\n<h2 class=\"wp-block-heading\">En qu\u00e9 instancia est\u00e1 el acuerdo y cu\u00e1nto falta para su ratificaci\u00f3n<\/h2>\n\n\n\n<p>El tratado representa un hito en las relaciones econ\u00f3micas globales al&nbsp;<strong>crear la mayor zona de libre comercio del mundo con m\u00e1s de 700 millones de consumidores<\/strong>&nbsp;y, pese a la resistencia de algunos sectores de pa\u00edses como Francia, Pa\u00edses Bajos o Austria, despierta un fuerte inter\u00e9s entre los privados de ambos bloques.<\/p>\n\n\n\n<p>Para su ratificaci\u00f3n final, cada bloque tiene un camino distinto. Del lado del Mercosur, s\u00f3lo necesita la aprobaci\u00f3n del parlamento de cada uno de los pa\u00edses. Mientras que&nbsp;<strong>la parte europea es m\u00e1s larga y compleja:&nbsp;<\/strong>primero tiene que ser aprobado por el Consejo Europeo y el Parlamento Europeo para luego ser girado y validado por los parlamentos de cada uno de los 27 pa\u00edses miembros.<\/p>\n\n\n\n<p>Pero, tal como pudo saber\u00a0, empieza a tomar cada vez m\u00e1s fuerza\u00a0<strong>la idea de hacer una especie de divisi\u00f3n de las distintas \u00e1reas del tratado para lograr una aprobaci\u00f3n m\u00e1s r\u00e1pida\u00a0<\/strong>en Europa. En la actualidad el acuerdo se encuentra en etapa de traducci\u00f3n a cada uno de los idiomas oficiales del bloque.<\/p>\n\n\n\n<p><strong>\u00bfC\u00f3mo ser\u00eda la divisi\u00f3n?<\/strong>&nbsp;El acuerdo consta de una parte pol\u00edtica, otra de cooperaci\u00f3n y una \u00faltima comercial. Como las pol\u00edticas comerciales son potestad de Bruselas como bloque y no de cada uno de los pa\u00edses, los negociadores internos&nbsp;<strong>est\u00e1n preparando el terreno para que la pata comercial se separe<\/strong>&nbsp;y entre en vigencia antes que el resto. Es, adem\u00e1s, el pilar fundamental del tratado.<\/p>\n\n\n\n<p>Para ello, la Comisi\u00f3n Europea, a cargo de \u00darsula von der Leyen, deber\u00e1 preparar un informe junto con una propuesta formal para que sea sometida a debate en el Consejo Europeo -compuesto por los l\u00edderes de los 27 pa\u00edses miembros- y, paralelamente, en el Parlamento Europeo.<\/p>\n\n\n\n<p>Como&nbsp;<strong>todo lo referido a lo comercial es una competencia exclusiva de Bruselas<\/strong>, la votaci\u00f3n en el parlamento no necesita de una mayor\u00eda especial, por lo que hoy no habr\u00eda problemas para su aprobaci\u00f3n.<\/p>\n\n\n\n<p>Lo mismo sucede en el Consejo. Si se tratase de una votaci\u00f3n excepcional -como es, por ejemplo, un paquete de sanciones-, los 27 pa\u00edses deber\u00edan estar de acuerdo de forma un\u00e1nime. Pero, en lo referido a la aplicaci\u00f3n de las pol\u00edticas comerciales con el Mercosur,&nbsp;<strong>se necesita una mayor\u00eda calificada.<\/strong><\/p>\n\n\n\n<figure class=\"wp-block-image\"><img decoding=\"async\" src=\"https:\/\/tn.com.ar\/resizer\/v2\/francia-fue-uno-de-los-paises-que-mas-trabas-puso-para-el-avance-de-las-negociaciones-con-el-mercosur-el-efecto-trump-puede-flexibilizar-sus-posturas-foto-mohammed-badrapool-via-reuters-Y3NCNHURPLOXLOL23WMC2WDO6M.jpg?auth=51b8a561890761c3b5ad89509649d8b783f9cf7940d7e19469329040a8642fc1&amp;width=767\" alt=\"Francia fue uno de los pa\u00edses que m\u00e1s trabas puso para el avance de las negociaciones con el Mercosur, el efecto Trump puede flexibilizar sus posturas. (Foto: MOHAMMED BADRA\/Pool via  REUTERS)\"\/><\/figure>\n\n\n\n<p>Quienes siguen el d\u00eda a d\u00eda del proceso entienden que los pa\u00edses europeos que alguna vez se mostraron reacios en avanzar con la r\u00fabrica final del acuerdo&nbsp;<strong>no llegar\u00edan a formar una minor\u00eda necesaria que bloquee la votaci\u00f3n en el seno de la Uni\u00f3n Europea<\/strong>. De esta manera, se lograr\u00eda la entrada en vigor provisoria de la parte comercial.<\/p>\n\n\n\n<p>Luego, los parlamentos locales de cada uno de los 27 pa\u00edses de la UE tambi\u00e9n tienen que aprobar el tratado completo -que incluye lo pol\u00edtico y de cooperaci\u00f3n-. En caso que alguno no lo apruebe,&nbsp;<strong>se espera que el tratado pueda seguir adelante con la pata comercial y la vigencia provisoria&nbsp;<\/strong>que habr\u00eda alcanzado por el voto en el Consejo Europeo.<\/p>\n\n\n\n<p>En el complejo entramado burocr\u00e1tico del bloque europeo, esta representa una ingenier\u00eda \u00fatil para acelerar la puesta en marcha de un acuerdo que llev\u00f3 25 a\u00f1os de negociaci\u00f3n. Durante esas conversaciones,&nbsp;<strong>ya se hab\u00eda evaluado la posibilidad de dividir las distintas ramas del acuerdo<\/strong>, pero en su momento desde Bruselas se prioriz\u00f3 la cohesi\u00f3n del bloque sin declararle la guerra pol\u00edtica a presidentes como Emmanuel Macron, pilares en otros frentes abiertos que tiene la UE.<\/p>\n\n\n\n<p>Con todo, en caso de avanzar con este proceso,&nbsp;<strong>los m\u00e1s optimistas esperan que en la cumbre del Mercosur en Brasil a fin de a\u00f1o<\/strong>&nbsp;pueda firmarse la ratificaci\u00f3n provisoria para que el tratado ya pueda entrar en proceso. De no ser en territorio brasile\u00f1o, posiblemente haya que esperar hasta mediados de 2026 para hacerlo.<\/p>\n\n\n\n<p>La aprobaci\u00f3n en los parlamentos locales de los pa\u00edses sudamericanos tampoco ser\u00e1 un tr\u00e1mite veloz teniendo en cuenta los contextos pol\u00edticos, sobre todo, en la Argentina y Brasil. De todos modos, y por ahora, el Mercosur se muestra abierto a avanzar en esta direcci\u00f3n.&nbsp;<strong>La pr\u00f3xima cumbre en Buenos Aires ser\u00e1 clave.<\/strong><\/p>\n","protected":false},"excerpt":{"rendered":"<p>Bruselas apunta a dividir las partes del tratado para acelerar su aprobaci\u00f3n provisoria. El paso a paso del proceso, las negociaciones y el impacto en las econom\u00edas de ambos bloques.&hellip; <\/p>\n","protected":false},"author":8,"featured_media":200767,"comment_status":"closed","ping_status":"open","sticky":false,"template":"","format":"standard","meta":{"footnotes":""},"categories":[11],"tags":[],"class_list":["post-200766","post","type-post","status-publish","format-standard","has-post-thumbnail","hentry","category-internacionales"],"_links":{"self":[{"href":"https:\/\/corrientesdetarde.com\/index.php\/wp-json\/wp\/v2\/posts\/200766","targetHints":{"allow":["GET"]}}],"collection":[{"href":"https:\/\/corrientesdetarde.com\/index.php\/wp-json\/wp\/v2\/posts"}],"about":[{"href":"https:\/\/corrientesdetarde.com\/index.php\/wp-json\/wp\/v2\/types\/post"}],"author":[{"embeddable":true,"href":"https:\/\/corrientesdetarde.com\/index.php\/wp-json\/wp\/v2\/users\/8"}],"replies":[{"embeddable":true,"href":"https:\/\/corrientesdetarde.com\/index.php\/wp-json\/wp\/v2\/comments?post=200766"}],"version-history":[{"count":1,"href":"https:\/\/corrientesdetarde.com\/index.php\/wp-json\/wp\/v2\/posts\/200766\/revisions"}],"predecessor-version":[{"id":200768,"href":"https:\/\/corrientesdetarde.com\/index.php\/wp-json\/wp\/v2\/posts\/200766\/revisions\/200768"}],"wp:featuredmedia":[{"embeddable":true,"href":"https:\/\/corrientesdetarde.com\/index.php\/wp-json\/wp\/v2\/media\/200767"}],"wp:attachment":[{"href":"https:\/\/corrientesdetarde.com\/index.php\/wp-json\/wp\/v2\/media?parent=200766"}],"wp:term":[{"taxonomy":"category","embeddable":true,"href":"https:\/\/corrientesdetarde.com\/index.php\/wp-json\/wp\/v2\/categories?post=200766"},{"taxonomy":"post_tag","embeddable":true,"href":"https:\/\/corrientesdetarde.com\/index.php\/wp-json\/wp\/v2\/tags?post=200766"}],"curies":[{"name":"wp","href":"https:\/\/api.w.org\/{rel}","templated":true}]}}