{"id":200769,"date":"2025-04-07T14:23:05","date_gmt":"2025-04-07T17:23:05","guid":{"rendered":"https:\/\/corrientesdetarde.com\/?p=200769"},"modified":"2025-04-07T14:31:42","modified_gmt":"2025-04-07T17:31:42","slug":"tassano-corrientes-tiene-un-bagaje-cultural-muy-amplio-y-se-lo-queremos-mostrar-a-los-alumnos-en-el-recorrido-guiado","status":"publish","type":"post","link":"https:\/\/corrientesdetarde.com\/index.php\/sociales\/tassano-corrientes-tiene-un-bagaje-cultural-muy-amplio-y-se-lo-queremos-mostrar-a-los-alumnos-en-el-recorrido-guiado\/","title":{"rendered":"Tassano: \u201cCorrientes tiene un bagaje cultural muy amplio y se lo queremos mostrar a los alumnos en el recorrido guiado\u201d"},"content":{"rendered":"\n<p><em>El intendente particip\u00f3 del lanzamiento del programa \u201cReencontrate con tu Ciudad\u201d, que se realiza de manera conjunta entre el Municipio y el Ministerio de Educaci\u00f3n. Presenta una experiencia educativa y recreativa a los alumnos de primaria, secundaria, terciaria e IFD. El a\u00f1o pasado participaron m\u00e1s de 3.300 personas. Desde el 2018 suman casi 13.500 participantes.<\/em><\/p>\n\n\n\n<p>El intendente Eduardo Tassano particip\u00f3 este lunes, junto con la ministra de Ecuaci\u00f3n de la Provincia, Pr\u00e1xedes L\u00f3pez, del lanzamiento del programa \u201cReencontrate con tu Ciudad\u201d en su edici\u00f3n de este a\u00f1o. Esta iniciativa conjunta consiste en un recorrido tur\u00edstico con alumnos de nivel primaria, secundaria, terciaria e Instituto de Formaci\u00f3n Docente (IFD)\u00a0 donde se transmite el valor y riqueza del patrimonio cultural y natural de la regi\u00f3n. Estos se realizan por el paseo Costero y casco hist\u00f3rico de la mano de gu\u00edas de sitio. Se trata de paseos que son totalmente gratuitos para estudiantes.<br>La actividad es organizada por la Secretar\u00eda de Turismo y Deportes desde el \u00e1rea de la Subsecretaria de Turismo de la Municipalidad de Corrientes, en conjunto con el Ministerio de Educaci\u00f3n.<br>\u00a0<br>TRABAJO ARTICULADO<br>Al respecto, el intendente Tassano destac\u00f3 el trabajo articulado que vienen ejecutando las \u00e1reas de Gobierno provincial y Municipio para contribuir con el arte y la educaci\u00f3n y en ese sentido se\u00f1al\u00f3 que \u201cCorrientes tiene un bagaje cultural muy amplio y eso le da mayor valor a la ciudad y es lo que intentamos mostrar a los alumnos en este recorrido guiado\u201d.<br>Aderm\u00e1s, resalt\u00f3 el compromiso de los alumnos de las diferentes escuelas de la Capital que participaron de este programa. Y finalmente, dej\u00f3 un mensaje a los j\u00f3venes inst\u00e1ndolos a \u201cque aprendan constantemente\u201d, ya que \u201cCorrientes es una ciudad con mucha historia, orgullo y trayectoria\u201d.<br>\u00a0<br>AMPLIA PARTICIPACI\u00d3N<br>De acuerdo a datos del Observatorio Tur\u00edstico, desde el a\u00f1o 2018 y hasta el 2024 participaron 291 instituciones educativas de la ciudad de Corrientes, el interior provincial, como as\u00ed tambi\u00e9n de otras provincias. Y totalizaron 13.496 personas participantes, entre alumnos y docentes.<br>El a\u00f1o pasado, en tanto, desde el 18 de abril al 21 de noviembre (lapso en que se desarroll\u00f3 la edici\u00f3n anual de este programa) la cantidad de instituciones escolares participantes fueron 64. En tanto que la cantidad de alumnos sumaron 3.016 y el n\u00famero de profesores\/docentes fue de 296.<br>As\u00ed, el total general fue de 3.312 personas participantes.<br>En este 2025, el programa tambi\u00e9n se desarrollar\u00e1 de abril a noviembre y el recorrido abarca el casco hist\u00f3rico y el paseo Costero en colectivo, con una duraci\u00f3n aproximada de una hora y media, los martes y jueves.<br>Para inscripciones: presentar notas en la Secretar\u00eda de Turismo (25 de Mayo 730), de lunes a viernes de 8 a 12.<br>\u00a0<\/p>\n\n\n\n<figure class=\"wp-block-embed is-type-video is-provider-youtube wp-block-embed-youtube wp-embed-aspect-16-9 wp-has-aspect-ratio\"><div class=\"wp-block-embed__wrapper\">\n<iframe loading=\"lazy\" title=\"\u201cCorrientes tiene un bagaje cultural amplio y lo mostramos a los alumnos en el recorrido guiado\u201d\" width=\"1110\" height=\"624\" src=\"https:\/\/www.youtube.com\/embed\/YhIOvuXtTHU?feature=oembed\" frameborder=\"0\" allow=\"accelerometer; autoplay; clipboard-write; encrypted-media; gyroscope; picture-in-picture; web-share\" referrerpolicy=\"strict-origin-when-cross-origin\" allowfullscreen><\/iframe>\n<\/div><\/figure>\n\n\n\n<figure class=\"wp-block-image size-large\"><img loading=\"lazy\" decoding=\"async\" width=\"1024\" height=\"682\" src=\"https:\/\/corrientesdetarde.com\/wp-content\/uploads\/2025\/04\/image-222-1024x682.png\" alt=\"\" class=\"wp-image-200770\" srcset=\"https:\/\/corrientesdetarde.com\/wp-content\/uploads\/2025\/04\/image-222-1024x682.png 1024w, https:\/\/corrientesdetarde.com\/wp-content\/uploads\/2025\/04\/image-222-300x200.png 300w, https:\/\/corrientesdetarde.com\/wp-content\/uploads\/2025\/04\/image-222-768x512.png 768w, https:\/\/corrientesdetarde.com\/wp-content\/uploads\/2025\/04\/image-222.png 1280w\" sizes=\"auto, (max-width: 1024px) 100vw, 1024px\" \/><\/figure>\n\n\n\n<figure class=\"wp-block-image size-large\"><img loading=\"lazy\" decoding=\"async\" width=\"1024\" height=\"682\" src=\"https:\/\/corrientesdetarde.com\/wp-content\/uploads\/2025\/04\/image-223-1024x682.png\" alt=\"\" class=\"wp-image-200771\" srcset=\"https:\/\/corrientesdetarde.com\/wp-content\/uploads\/2025\/04\/image-223-1024x682.png 1024w, https:\/\/corrientesdetarde.com\/wp-content\/uploads\/2025\/04\/image-223-300x200.png 300w, https:\/\/corrientesdetarde.com\/wp-content\/uploads\/2025\/04\/image-223-768x512.png 768w, https:\/\/corrientesdetarde.com\/wp-content\/uploads\/2025\/04\/image-223.png 1280w\" sizes=\"auto, (max-width: 1024px) 100vw, 1024px\" \/><\/figure>\n\n\n\n<figure class=\"wp-block-image size-large\"><img loading=\"lazy\" decoding=\"async\" width=\"1024\" height=\"682\" src=\"https:\/\/corrientesdetarde.com\/wp-content\/uploads\/2025\/04\/image-224-1024x682.png\" alt=\"\" class=\"wp-image-200772\" srcset=\"https:\/\/corrientesdetarde.com\/wp-content\/uploads\/2025\/04\/image-224-1024x682.png 1024w, https:\/\/corrientesdetarde.com\/wp-content\/uploads\/2025\/04\/image-224-300x200.png 300w, https:\/\/corrientesdetarde.com\/wp-content\/uploads\/2025\/04\/image-224-768x512.png 768w, https:\/\/corrientesdetarde.com\/wp-content\/uploads\/2025\/04\/image-224.png 1280w\" sizes=\"auto, (max-width: 1024px) 100vw, 1024px\" \/><\/figure>\n","protected":false},"excerpt":{"rendered":"<p>El intendente particip\u00f3 del lanzamiento del programa \u201cReencontrate con tu Ciudad\u201d, que se realiza de manera conjunta entre el Municipio y el Ministerio de Educaci\u00f3n. Presenta una experiencia educativa y&hellip; <\/p>\n","protected":false},"author":8,"featured_media":200773,"comment_status":"closed","ping_status":"open","sticky":false,"template":"","format":"standard","meta":{"footnotes":""},"categories":[17],"tags":[],"class_list":["post-200769","post","type-post","status-publish","format-standard","has-post-thumbnail","hentry","category-sociales"],"_links":{"self":[{"href":"https:\/\/corrientesdetarde.com\/index.php\/wp-json\/wp\/v2\/posts\/200769","targetHints":{"allow":["GET"]}}],"collection":[{"href":"https:\/\/corrientesdetarde.com\/index.php\/wp-json\/wp\/v2\/posts"}],"about":[{"href":"https:\/\/corrientesdetarde.com\/index.php\/wp-json\/wp\/v2\/types\/post"}],"author":[{"embeddable":true,"href":"https:\/\/corrientesdetarde.com\/index.php\/wp-json\/wp\/v2\/users\/8"}],"replies":[{"embeddable":true,"href":"https:\/\/corrientesdetarde.com\/index.php\/wp-json\/wp\/v2\/comments?post=200769"}],"version-history":[{"count":1,"href":"https:\/\/corrientesdetarde.com\/index.php\/wp-json\/wp\/v2\/posts\/200769\/revisions"}],"predecessor-version":[{"id":200774,"href":"https:\/\/corrientesdetarde.com\/index.php\/wp-json\/wp\/v2\/posts\/200769\/revisions\/200774"}],"wp:featuredmedia":[{"embeddable":true,"href":"https:\/\/corrientesdetarde.com\/index.php\/wp-json\/wp\/v2\/media\/200773"}],"wp:attachment":[{"href":"https:\/\/corrientesdetarde.com\/index.php\/wp-json\/wp\/v2\/media?parent=200769"}],"wp:term":[{"taxonomy":"category","embeddable":true,"href":"https:\/\/corrientesdetarde.com\/index.php\/wp-json\/wp\/v2\/categories?post=200769"},{"taxonomy":"post_tag","embeddable":true,"href":"https:\/\/corrientesdetarde.com\/index.php\/wp-json\/wp\/v2\/tags?post=200769"}],"curies":[{"name":"wp","href":"https:\/\/api.w.org\/{rel}","templated":true}]}}