{"id":20077,"date":"2022-11-16T08:16:11","date_gmt":"2022-11-16T11:16:11","guid":{"rendered":"https:\/\/corrientesdetarde.com\/?p=20077"},"modified":"2022-11-16T08:16:13","modified_gmt":"2022-11-16T11:16:13","slug":"seguidores-de-jair-bolsonaro-pidieron-a-las-fuerzas-armadas-una-intervencion-militar-para-impedir-la-investidura-de-lula-da-silva","status":"publish","type":"post","link":"https:\/\/corrientesdetarde.com\/index.php\/internacionales\/seguidores-de-jair-bolsonaro-pidieron-a-las-fuerzas-armadas-una-intervencion-militar-para-impedir-la-investidura-de-lula-da-silva\/","title":{"rendered":"<strong>Seguidores de Jair Bolsonaro pidieron a las Fuerzas Armadas una intervenci\u00f3n militar para impedir la investidura de Lula da Silva<\/strong>"},"content":{"rendered":"\n<p>Las concentraciones m\u00e1s numerosas se produjeron ante el cuartel general del Ej\u00e9rcito, en Brasilia, y ante el Comando del Sureste, en Sao Paulo, donde los manifestantes pidieron insistentemente que las fuerzas castrenses \u201csalven Brasil\u201d<\/p>\n\n\n\n<p>Miles de&nbsp;<strong>bolsonaristas&nbsp;<\/strong>se concentraron este martes,&nbsp;<strong>d\u00eda de la Rep\u00fablica<\/strong>, ante los cuarteles de varias ciudades brasile\u00f1as para pedir una<strong>&nbsp;intervenci\u00f3n militar<\/strong>&nbsp;con el prop\u00f3sito de&nbsp;<strong>impedir la investidura<\/strong>&nbsp;del presidente electo,&nbsp;<strong>Luiz In\u00e1cio Lula da Silva<\/strong>.<\/p>\n\n\n\n<p>Las concentraciones m\u00e1s numerosas se produjeron ante el&nbsp;<strong>cuartel general del Ej\u00e9rcito<\/strong>, en Brasilia, y ante el&nbsp;<strong>Comando Militar del Sureste,<\/strong>&nbsp;en Sao Paulo, donde los manifestantes pidieron insistentemente que las&nbsp;<strong>Fuerzas Armadas<\/strong>&nbsp;\u201csalven Brasil\u201d.<\/p>\n\n\n\n<p>Los manifestantes iban vestidos en su gran mayor\u00eda con la camiseta de la&nbsp;<strong>selecci\u00f3n brasile\u00f1a<\/strong>, portaban banderas y muchos de ellos llevaban letreros en portugu\u00e9s o ingl\u00e9s en los que se asegura que&nbsp;<strong>Brasil \u201cfue robado\u201d<\/strong>&nbsp;en las elecciones del pasado 30 de octubre.<\/p>\n\n\n\n<p>Las protestas de este martes se produjeron a pesar de que las&nbsp;<strong>Fuerzas Armadas<\/strong>&nbsp;han manifestado su&nbsp;<strong>apoyo expreso a la democracia<\/strong>&nbsp;y han reconocido su plena \u201c<strong>conformidad<\/strong>\u201d con el&nbsp;<strong>resultado de las elecciones<\/strong>, en las que Lula derrot\u00f3 al presidente&nbsp;<strong>Jair Bolsonaro<\/strong>&nbsp;por un estrecho margen de&nbsp;<strong>1,8 puntos porcentuales<\/strong>.<\/p>\n\n\n\n<p>Los militares hicieron una auditor\u00eda al sistema de votaci\u00f3n y&nbsp;<strong>no hallaron indicios de fraude en las elecciones<\/strong>, pero tampoco han descartado la posibilidad de que pudo haber sido cometido.<\/p>\n\n\n\n<p>El propio Bolsonaro ha permitido el inicio del&nbsp;<strong>proceso de transici\u00f3n<\/strong>, aunque no ha llegado a&nbsp;<strong>reconocer p\u00fablicamente su derrota<\/strong>&nbsp;en las urnas.<\/p>\n\n\n\n<p>Desde el d\u00eda posterior a las elecciones, los grupos de ultraderecha comenzaron las protestas, que en los primeros d\u00edas llevaron a cientos de camioneros a&nbsp;<strong>bloquear decenas de carreteras<\/strong>&nbsp;en todo el pa\u00eds.<\/p>\n\n\n\n<p>Estos bloqueos se levantaron pasados cuatro d\u00edas de los comicios, despu\u00e9s de que&nbsp;<strong>Bolsonaro pidi\u00f3 a sus seguidores que se abstuvieran de obstaculizar las carreteras<\/strong>, aunque en ese momento el capit\u00e1n retirado del Ej\u00e9rcito justific\u00f3 las manifestaciones y las calific\u00f3 de \u201cleg\u00edtimas\u201d.<\/p>\n\n\n\n<p>Desde entonces, peque\u00f1os grupos permanecen acampados frente a algunos cuarteles, pero los manifestantes solo han vuelto a las calles en n\u00fameros importantes en d\u00edas festivos, como en el&nbsp;<strong>d\u00eda de los Muertos<\/strong>&nbsp;y este martes,&nbsp;<strong>d\u00eda de la Rep\u00fablica.<\/strong><\/p>\n\n\n\n<p>En un comunicado divulgado en la v\u00edspera de esta festividad, el&nbsp;<strong>Ej\u00e9rcito reiter\u00f3 que est\u00e1 al servicio de la \u201clibertad, independencia y desarrollo\u201d de Brasil<\/strong>&nbsp;y que tiene \u201cla noble misi\u00f3n de defensa de la patria y de la garant\u00eda de los poderes constitucionales y de la ley y el orden\u201d.<\/p>\n\n\n\n<p>El mensaje de los militares concluye diciendo que el Ej\u00e9rcito \u201csupo interpretar los anhelos del pueblo al que sirve\u201d, una frase ambigua que en grupos bolsonaristas, donde proliferan las noticias falsas, se ha interpreto como una invitaci\u00f3n a manifestarse.<\/p>\n","protected":false},"excerpt":{"rendered":"<p>Las concentraciones m\u00e1s numerosas se produjeron ante el cuartel general del Ej\u00e9rcito, en Brasilia, y ante el Comando del Sureste, en Sao Paulo, donde los manifestantes pidieron insistentemente que las&hellip; <\/p>\n","protected":false},"author":7,"featured_media":20078,"comment_status":"closed","ping_status":"open","sticky":false,"template":"","format":"standard","meta":{"footnotes":""},"categories":[11],"tags":[],"class_list":["post-20077","post","type-post","status-publish","format-standard","has-post-thumbnail","hentry","category-internacionales"],"_links":{"self":[{"href":"https:\/\/corrientesdetarde.com\/index.php\/wp-json\/wp\/v2\/posts\/20077","targetHints":{"allow":["GET"]}}],"collection":[{"href":"https:\/\/corrientesdetarde.com\/index.php\/wp-json\/wp\/v2\/posts"}],"about":[{"href":"https:\/\/corrientesdetarde.com\/index.php\/wp-json\/wp\/v2\/types\/post"}],"author":[{"embeddable":true,"href":"https:\/\/corrientesdetarde.com\/index.php\/wp-json\/wp\/v2\/users\/7"}],"replies":[{"embeddable":true,"href":"https:\/\/corrientesdetarde.com\/index.php\/wp-json\/wp\/v2\/comments?post=20077"}],"version-history":[{"count":1,"href":"https:\/\/corrientesdetarde.com\/index.php\/wp-json\/wp\/v2\/posts\/20077\/revisions"}],"predecessor-version":[{"id":20079,"href":"https:\/\/corrientesdetarde.com\/index.php\/wp-json\/wp\/v2\/posts\/20077\/revisions\/20079"}],"wp:featuredmedia":[{"embeddable":true,"href":"https:\/\/corrientesdetarde.com\/index.php\/wp-json\/wp\/v2\/media\/20078"}],"wp:attachment":[{"href":"https:\/\/corrientesdetarde.com\/index.php\/wp-json\/wp\/v2\/media?parent=20077"}],"wp:term":[{"taxonomy":"category","embeddable":true,"href":"https:\/\/corrientesdetarde.com\/index.php\/wp-json\/wp\/v2\/categories?post=20077"},{"taxonomy":"post_tag","embeddable":true,"href":"https:\/\/corrientesdetarde.com\/index.php\/wp-json\/wp\/v2\/tags?post=20077"}],"curies":[{"name":"wp","href":"https:\/\/api.w.org\/{rel}","templated":true}]}}