{"id":200777,"date":"2025-04-07T15:06:31","date_gmt":"2025-04-07T18:06:31","guid":{"rendered":"https:\/\/corrientesdetarde.com\/?p=200777"},"modified":"2025-04-07T15:06:34","modified_gmt":"2025-04-07T18:06:34","slug":"jose-rafael-cordero-sanchez-lanza-su-nuevo-sencillo-me-ire-de-aqui-y-reafirma-su-evolucion-artistica","status":"publish","type":"post","link":"https:\/\/corrientesdetarde.com\/index.php\/cultura\/jose-rafael-cordero-sanchez-lanza-su-nuevo-sencillo-me-ire-de-aqui-y-reafirma-su-evolucion-artistica\/","title":{"rendered":"Jos\u00e9 Rafael Cordero S\u00e1nchez lanza su nuevo sencillo \u201cMe Ir\u00e9 de Aqu\u00ed\u201d y reafirma su evoluci\u00f3n art\u00edstica"},"content":{"rendered":"\n<p>Jos\u00e9 Rafael Cordero S\u00e1nchez, reconocido compositor, cantante e influencer, presenta su tercer sencillo titulado \u201cMe Ir\u00e9 de Aqu\u00ed\u201d, una pieza musical que fusiona elementos de la m\u00fasica popular con una l\u00edrica introspectiva y emocionalmente poderosa. Disponible ya en todas las plataformas digitales, el tema est\u00e1 captando r\u00e1pidamente la atenci\u00f3n de sus seguidores por su autenticidad y mensaje directo.<\/p>\n\n\n\n<p>Una canci\u00f3n que invita al cambio y la introspecci\u00f3n<\/p>\n\n\n\n<p>\u201cMe Ir\u00e9 de Aqu\u00ed\u201d se presenta como una declaraci\u00f3n de liberaci\u00f3n personal. A trav\u00e9s de una letra profunda y una melod\u00eda envolvente, Cordero S\u00e1nchez explora la necesidad de alejarse de entornos que ya no impulsan el crecimiento ni emocional ni espiritual. La canci\u00f3n conecta con quienes se han sentido atrapados en relaciones o circunstancias que impiden avanzar, enviando un mensaje claro: es momento de tomar las riendas del propio destino.<\/p>\n\n\n\n<p>Este nuevo lanzamiento refuerza la capacidad del artista para abordar temas universales con sensibilidad y estilo propio, caracter\u00edsticas que lo han distinguido desde sus inicios en la escena musical.<\/p>\n\n\n\n<p>Versatilidad y autenticidad: se\u00f1as de identidad de Jos\u00e9 Rafael Cordero S\u00e1nchez<\/p>\n\n\n\n<p>A lo largo de su carrera, Jos\u00e9 Rafael Cordero S\u00e1nchez ha demostrado ser un artista vers\u00e1til, capaz de moverse entre distintos g\u00e9neros sin perder la esencia de su propuesta. Su autenticidad y compromiso con letras que hablan de experiencias reales lo han convertido en una voz influyente dentro y fuera del \u00e1mbito musical.<\/p>\n\n\n\n<p>Con \u201cMe Ir\u00e9 de Aqu\u00ed\u201d, el cantante no solo suma un nuevo \u00e9xito a su repertorio, sino que tambi\u00e9n consolida una evoluci\u00f3n sonora que refleja su madurez art\u00edstica. Su habilidad para conectar con el p\u00fablico se hace evidente en cada estrofa, construyendo un puente emocional entre su historia y la de quienes lo escuchan.<\/p>\n\n\n\n<p>Disponible en plataformas digitales y con videoclip oficial<\/p>\n\n\n\n<p>El sencillo ya puede disfrutarse en servicios de streaming y cuenta con un <em>videoclip oficial disponible en YouTube<\/em>, que complementa visualmente el mensaje de transformaci\u00f3n y determinaci\u00f3n de la canci\u00f3n.<\/p>\n\n\n\n<figure class=\"wp-block-embed is-type-video is-provider-youtube wp-block-embed-youtube wp-embed-aspect-16-9 wp-has-aspect-ratio\"><div class=\"wp-block-embed__wrapper\">\n<iframe loading=\"lazy\" title=\"Jos\u00e9 Rafael Cordero S\u00e1nchez - Me ir\u00e9 de aqu\u00ed (Official video)\" width=\"1110\" height=\"624\" src=\"https:\/\/www.youtube.com\/embed\/_WpVbdLLfAY?feature=oembed\" frameborder=\"0\" allow=\"accelerometer; autoplay; clipboard-write; encrypted-media; gyroscope; picture-in-picture; web-share\" referrerpolicy=\"strict-origin-when-cross-origin\" allowfullscreen><\/iframe>\n<\/div><\/figure>\n\n\n\n<p>Lo que viene: nuevos proyectos en camino<\/p>\n\n\n\n<p>Este estreno llega en un momento clave para Cordero S\u00e1nchez, quien ha adelantado que se encuentra trabajando en nuevos proyectos musicales que prometen seguir sorprendiendo. Su compromiso con la innovaci\u00f3n y la conexi\u00f3n emocional con su audiencia lo posicionan como uno de los artistas emergentes m\u00e1s relevantes del panorama actual.<\/p>\n\n\n\n<p><em>\u201cMe Ir\u00e9 de Aqu\u00ed\u201d<\/em> no es solo un sencillo, sino una muestra clara del camino que Jos\u00e9 Rafael Cordero S\u00e1nchez ha elegido: el de una m\u00fasica honesta, reflexiva y profundamente humana.<\/p>\n","protected":false},"excerpt":{"rendered":"<p>Jos\u00e9 Rafael Cordero S\u00e1nchez, reconocido compositor, cantante e influencer, presenta su tercer sencillo titulado \u201cMe Ir\u00e9 de Aqu\u00ed\u201d, una pieza musical que fusiona elementos de la m\u00fasica popular con una&hellip; <\/p>\n","protected":false},"author":11,"featured_media":200778,"comment_status":"closed","ping_status":"open","sticky":false,"template":"","format":"standard","meta":{"footnotes":""},"categories":[15],"tags":[],"class_list":["post-200777","post","type-post","status-publish","format-standard","has-post-thumbnail","hentry","category-cultura"],"_links":{"self":[{"href":"https:\/\/corrientesdetarde.com\/index.php\/wp-json\/wp\/v2\/posts\/200777","targetHints":{"allow":["GET"]}}],"collection":[{"href":"https:\/\/corrientesdetarde.com\/index.php\/wp-json\/wp\/v2\/posts"}],"about":[{"href":"https:\/\/corrientesdetarde.com\/index.php\/wp-json\/wp\/v2\/types\/post"}],"author":[{"embeddable":true,"href":"https:\/\/corrientesdetarde.com\/index.php\/wp-json\/wp\/v2\/users\/11"}],"replies":[{"embeddable":true,"href":"https:\/\/corrientesdetarde.com\/index.php\/wp-json\/wp\/v2\/comments?post=200777"}],"version-history":[{"count":1,"href":"https:\/\/corrientesdetarde.com\/index.php\/wp-json\/wp\/v2\/posts\/200777\/revisions"}],"predecessor-version":[{"id":200779,"href":"https:\/\/corrientesdetarde.com\/index.php\/wp-json\/wp\/v2\/posts\/200777\/revisions\/200779"}],"wp:featuredmedia":[{"embeddable":true,"href":"https:\/\/corrientesdetarde.com\/index.php\/wp-json\/wp\/v2\/media\/200778"}],"wp:attachment":[{"href":"https:\/\/corrientesdetarde.com\/index.php\/wp-json\/wp\/v2\/media?parent=200777"}],"wp:term":[{"taxonomy":"category","embeddable":true,"href":"https:\/\/corrientesdetarde.com\/index.php\/wp-json\/wp\/v2\/categories?post=200777"},{"taxonomy":"post_tag","embeddable":true,"href":"https:\/\/corrientesdetarde.com\/index.php\/wp-json\/wp\/v2\/tags?post=200777"}],"curies":[{"name":"wp","href":"https:\/\/api.w.org\/{rel}","templated":true}]}}