{"id":200780,"date":"2025-04-07T15:12:43","date_gmt":"2025-04-07T18:12:43","guid":{"rendered":"https:\/\/corrientesdetarde.com\/?p=200780"},"modified":"2025-04-07T15:13:14","modified_gmt":"2025-04-07T18:13:14","slug":"educacion-y-municipio-presentaron-el-programa-reencontrate-con-tu-ciudad","status":"publish","type":"post","link":"https:\/\/corrientesdetarde.com\/index.php\/educacion\/educacion-y-municipio-presentaron-el-programa-reencontrate-con-tu-ciudad\/","title":{"rendered":"Educaci\u00f3n y Municipio presentaron el Programa &#8220;Reencontrate con tu ciudad&#8221;"},"content":{"rendered":"\n<p>La ministra de Educaci\u00f3n de la Provncia, Pr\u00e1xedes L\u00f3pez;&nbsp;y el intendente de Corrientes, Eduardo Tassano, encabezaron el lanzamiento de la edici\u00f3n 2025 del Programa &#8220;Reencontrate con tu ciudad&#8221;. Este proyecto, impulsado conjuntamente por la mencionada cartera y la Secretar\u00eda de Turismo y Deportes de la Municipalidad, busca promover el conocimiento y la valoraci\u00f3n de la Capital entre los estudiantes.<\/p>\n\n\n\n<p>Desde su inicio en 2019, el Programa ya alcanz\u00f3 a m\u00e1s de 8.000 estudiantes de todos los niveles y modalidades. En 2024, se incorporaron estudiantes de la Modalidad de Educaci\u00f3n para J\u00f3venes y Adultos, fortaleciendo el espacio y resignificando los objetivos del proyecto.<\/p>\n\n\n\n<p>Al hacer uso de la palabra, la ministra L\u00f3pez subray\u00f3 la importancia de &#8220;una educaci\u00f3n integral que trasciende las aulas y promueve la exploraci\u00f3n cultural e hist\u00f3rica para fortalecer la identidad correntina&#8221;. As\u00ed como tambi\u00e9n destac\u00f3 la colaboraci\u00f3n institucional y &#8220;las actividades art\u00edsticas como herramientas valiosas para el aprendizaje&#8221;.<\/p>\n\n\n\n<p>Por su parte, el intendente Tassano hizo hincapi\u00e9 en el trabajo articulado entre la cartera educativa y el Municipio para implementar programas de capacitaci\u00f3n, educaci\u00f3n ambiental, vial&nbsp;y actividad f\u00edsica: &#8220;Esto enriquece&nbsp;a la comunidad y fue fundamental para modernizar la ciudad y fomentar el turismo&#8221;. Finalizando, agradeci\u00f3 a la ministra de Educaci\u00f3n por llevar adelante este trabajo articulado y remarc\u00f3 la importancia del programa para el desarrollo de la ciudad y el beneficio de sus habitantes.<\/p>\n\n\n\n<p>Cabe se\u00f1alar que el programa mencionado contribuye a acercar a los estudiantes a los puntos de inter\u00e9s tur\u00edstico, hist\u00f3rico y cultural de la ciudad Capital, con el fin de &#8220;sembrar en ellos el inter\u00e9s por cumplir un rol activo como promotores naturales de nuestro patrimonio, protegiendo, resguardando y conservando para el futuro, el legado hist\u00f3rico y natural de todos los correntinos&#8221;. El lanzamiento oficial de &#8220;Reencontrarte con tu ciudad&#8221; se llev\u00f3 a cabo en el Centro Administrativo ministerial, y cont\u00f3 con la presencia de los subsecretarios de Gesti\u00f3n Educativa, Julio Nav\u00edas; de Gesti\u00f3n Administrativa, Mauro Rinaldi; de Infraestructura Escolar, Emilio Breard; de Contenidos Audiovisuales, Mar\u00eda Paula Buontempo; la secretaria general, Pabla Muzzachiodi; los directores generales de Nivel Secundario, Sergio Guti\u00e9rrez; de Ense\u00f1anza Privada, Adriana Godoy; los directores de Planeamiento e Investigaci\u00f3n Educativa, Julio Simonit; y de Educaci\u00f3n para J\u00f3venes y Adultos, Sonia Gracia; la coordinadora de Educaci\u00f3n Intercultural Biling\u00fce, Mirta Clarisa Godoy; por la Municipalidad de Corrientes, acompa\u00f1aron el viceintendente Emilio Lanari; los secretarios de Cultura y Educaci\u00f3n, Jos\u00e9 Sand; de Turismo y Deporte, Juan Enrique Braillard; el subsecretario de Turismo, H\u00e9ctor Oscar D\u00e1vila.<\/p>\n\n\n\n<figure class=\"wp-block-image size-large\"><img loading=\"lazy\" decoding=\"async\" width=\"1024\" height=\"682\" src=\"https:\/\/corrientesdetarde.com\/wp-content\/uploads\/2025\/04\/image-227-1024x682.png\" alt=\"\" class=\"wp-image-200781\" srcset=\"https:\/\/corrientesdetarde.com\/wp-content\/uploads\/2025\/04\/image-227-1024x682.png 1024w, https:\/\/corrientesdetarde.com\/wp-content\/uploads\/2025\/04\/image-227-300x200.png 300w, https:\/\/corrientesdetarde.com\/wp-content\/uploads\/2025\/04\/image-227-768x512.png 768w, https:\/\/corrientesdetarde.com\/wp-content\/uploads\/2025\/04\/image-227.png 1280w\" sizes=\"auto, (max-width: 1024px) 100vw, 1024px\" \/><\/figure>\n\n\n\n<figure class=\"wp-block-image size-large\"><img loading=\"lazy\" decoding=\"async\" width=\"1024\" height=\"682\" src=\"https:\/\/corrientesdetarde.com\/wp-content\/uploads\/2025\/04\/image-229-1024x682.png\" alt=\"\" class=\"wp-image-200783\" srcset=\"https:\/\/corrientesdetarde.com\/wp-content\/uploads\/2025\/04\/image-229-1024x682.png 1024w, https:\/\/corrientesdetarde.com\/wp-content\/uploads\/2025\/04\/image-229-300x200.png 300w, https:\/\/corrientesdetarde.com\/wp-content\/uploads\/2025\/04\/image-229-768x512.png 768w, https:\/\/corrientesdetarde.com\/wp-content\/uploads\/2025\/04\/image-229.png 1280w\" sizes=\"auto, (max-width: 1024px) 100vw, 1024px\" \/><\/figure>\n","protected":false},"excerpt":{"rendered":"<p>La ministra de Educaci\u00f3n de la Provncia, Pr\u00e1xedes L\u00f3pez;&nbsp;y el intendente de Corrientes, Eduardo Tassano, encabezaron el lanzamiento de la edici\u00f3n 2025 del Programa &#8220;Reencontrate con tu ciudad&#8221;. Este proyecto,&hellip; <\/p>\n","protected":false},"author":8,"featured_media":200782,"comment_status":"closed","ping_status":"open","sticky":false,"template":"","format":"standard","meta":{"footnotes":""},"categories":[32],"tags":[],"class_list":["post-200780","post","type-post","status-publish","format-standard","has-post-thumbnail","hentry","category-educacion"],"_links":{"self":[{"href":"https:\/\/corrientesdetarde.com\/index.php\/wp-json\/wp\/v2\/posts\/200780","targetHints":{"allow":["GET"]}}],"collection":[{"href":"https:\/\/corrientesdetarde.com\/index.php\/wp-json\/wp\/v2\/posts"}],"about":[{"href":"https:\/\/corrientesdetarde.com\/index.php\/wp-json\/wp\/v2\/types\/post"}],"author":[{"embeddable":true,"href":"https:\/\/corrientesdetarde.com\/index.php\/wp-json\/wp\/v2\/users\/8"}],"replies":[{"embeddable":true,"href":"https:\/\/corrientesdetarde.com\/index.php\/wp-json\/wp\/v2\/comments?post=200780"}],"version-history":[{"count":1,"href":"https:\/\/corrientesdetarde.com\/index.php\/wp-json\/wp\/v2\/posts\/200780\/revisions"}],"predecessor-version":[{"id":200784,"href":"https:\/\/corrientesdetarde.com\/index.php\/wp-json\/wp\/v2\/posts\/200780\/revisions\/200784"}],"wp:featuredmedia":[{"embeddable":true,"href":"https:\/\/corrientesdetarde.com\/index.php\/wp-json\/wp\/v2\/media\/200782"}],"wp:attachment":[{"href":"https:\/\/corrientesdetarde.com\/index.php\/wp-json\/wp\/v2\/media?parent=200780"}],"wp:term":[{"taxonomy":"category","embeddable":true,"href":"https:\/\/corrientesdetarde.com\/index.php\/wp-json\/wp\/v2\/categories?post=200780"},{"taxonomy":"post_tag","embeddable":true,"href":"https:\/\/corrientesdetarde.com\/index.php\/wp-json\/wp\/v2\/tags?post=200780"}],"curies":[{"name":"wp","href":"https:\/\/api.w.org\/{rel}","templated":true}]}}