{"id":20080,"date":"2022-11-16T08:17:40","date_gmt":"2022-11-16T11:17:40","guid":{"rendered":"https:\/\/corrientesdetarde.com\/?p=20080"},"modified":"2022-11-16T08:17:42","modified_gmt":"2022-11-16T11:17:42","slug":"la-justicia-de-eeuu-ordeno-suspender-la-norma-que-bloquea-la-entrada-de-migrantes-que-solicitan-asilo","status":"publish","type":"post","link":"https:\/\/corrientesdetarde.com\/index.php\/internacionales\/la-justicia-de-eeuu-ordeno-suspender-la-norma-que-bloquea-la-entrada-de-migrantes-que-solicitan-asilo\/","title":{"rendered":"<strong>La Justicia de EEUU orden\u00f3 suspender la norma que bloquea la entrada de migrantes que solicitan asilo<\/strong>"},"content":{"rendered":"\n<p>Emmet Sullivan estima que el llamado T\u00edtulo 42, que se ha utilizado para expulsar a cientos de miles de personas que cruzan la frontera desde M\u00e9xico, es una medida arbitraria que viola las normas federales<\/p>\n\n\n\n<p>Un&nbsp;<strong>juez federal<\/strong>&nbsp;dictamin\u00f3 este martes que el&nbsp;<strong>gobierno estadounidens<\/strong>e no puede recurrir a la norma sanitaria que usa para&nbsp;<strong>bloquear la entrada de migrantes<\/strong>&nbsp;que solicitan&nbsp;<strong>asilo&nbsp;<\/strong>en las fronteras terrestres.<\/p>\n\n\n\n<p>Emmet Sullivan estima que el llamado&nbsp;<strong>T\u00edtulo 42<\/strong>, que se ha utilizado para expulsar a&nbsp;<strong>cientos de miles de personas que cruzan la frontera desde M\u00e9xico<\/strong>, es una medida \u201c<strong>arbitraria<\/strong>\u201d que viola las&nbsp;<strong>normas federales<\/strong>.<\/p>\n\n\n\n<p>Instaurado al inicio de la pandemia bajo el gobierno de&nbsp;<strong>Donald Trump,<\/strong>&nbsp;el T\u00edtulo 42 habilita la&nbsp;<strong>expulsi\u00f3n de adultos solteros y familias<\/strong>&nbsp;que crucen sin autorizaci\u00f3n las&nbsp;<strong>fronteras terrestres de Estados Unidos<\/strong>&nbsp;para frenar el avance del virus.<\/p>\n\n\n\n<p>El fallo deja al gobierno con pocas herramientas para&nbsp;<strong>impedir la entrada de migrantes en la frontera sur con M\u00e9xico<\/strong>, la mayor\u00eda de los cuales piden asilo.<\/p>\n\n\n\n<p>En respuesta a la decisi\u00f3n, el&nbsp;<strong>Departamento de Seguridad Nacional<\/strong>&nbsp;present\u00f3 una moci\u00f3n solicitando que la decisi\u00f3n del martes se suspenda por cinco semanas, hasta la medianoche del 21 de diciembre, enfatizando que se tratar\u00eda de una&nbsp;<strong>medida transicional<\/strong>.<\/p>\n\n\n\n<p>\u201cEl retraso en la implementaci\u00f3n de la orden de la corte le permitir\u00e1 al gobierno prepararse para una transici\u00f3n ordenada hacia nuevas pol\u00edticas en la frontera\u201d, explic\u00f3 el departamento en un comunicado.<\/p>\n\n\n\n<p>La&nbsp;<strong>Oficina de Aduanas y Protecci\u00f3n Fronteriza<\/strong>&nbsp;(CBP, por sus siglas en ingl\u00e9s) de Estados Unidos dio cuenta de&nbsp;<strong>185.527 migrantes interceptados<\/strong>&nbsp;a lo largo de la frontera con M\u00e9xico en octubre, un aumento del 1,5% en un mes. Muchos, si no la mayor\u00eda, fueron rechazados por el T\u00edtulo 42.<\/p>\n\n\n\n<p>El n\u00famero de migrantes de&nbsp;<strong>Venezuela, Cuba o Nicaragua<\/strong>&nbsp;que intentan cruzar la frontera terrestre ha aumentado un&nbsp;<strong>149%<\/strong>&nbsp;con respecto a octubre de 2021, mientras que el de los procedentes de&nbsp;<strong>M\u00e9xico y el norte de Centroam\u00e9rica<\/strong>&nbsp;ha bajado 12% desde esa fecha, seg\u00fan datos oficiales.<\/p>\n\n\n\n<p>Sullivan tambi\u00e9n orden\u00f3 que el gobierno&nbsp;<strong>no pueda solicitar que se suspenda el fallo<\/strong>&nbsp;para bloquear su aplicaci\u00f3n, lo que significa que las autoridades tendr\u00e1n que apelarlo ante un&nbsp;<strong>tribunal superior&nbsp;<\/strong>si quieren que siga vigente.<\/p>\n\n\n\n<p>El fallo se bas\u00f3 en una demanda presentada en enero por la&nbsp;<strong>Uni\u00f3n Estadounidense de Libertades Civiles<\/strong>&nbsp;(ACLU), que acusa al&nbsp;<strong>Departamento de Seguridad Nacional<\/strong>&nbsp;(DHS) y a la Patrulla Fronteriza de \u201cexpulsi\u00f3n sumaria\u201d de familias vulnerables que buscan asilo y que no muestran signos de infecci\u00f3n por covid.<\/p>\n\n\n\n<p>\u201cEsta es una gran victoria y una en la que est\u00e1 literalmente en juego la vida o la muerte\u201d, dijo el abogado de ACLU, Lee Gelernt, al frente de la demanda.<\/p>\n\n\n\n<p>\u201cLlevamos diciendo todo el tiempo que usar el T\u00edtulo 42 contra los solicitantes de asilo era inhumano y estaba impulsado puramente por la pol\u00edtica. Esperemos que este fallo termine con esta pol\u00edtica horrible de una vez por todas\u201d, a\u00f1adi\u00f3 en un comunicado.<\/p>\n\n\n\n<p>El fallo llega seis meses despu\u00e9s de que un juez de Louisiana dictaminara en respuesta a otra demanda que el gobierno del presidente Joe Biden no pod\u00eda abandonar la pol\u00edtica.<\/p>\n\n\n\n<p>El gobierno aplic\u00f3 el Titulo 42 heredado de Donald Trump antes de intentar eliminarlo.<\/p>\n\n\n\n<p>Los gobernadores republicanos de una veintena de estados intentaron impedirlo con&nbsp;<strong>acciones legales<\/strong>&nbsp;por considerar que el levantamiento de esta medida provocar\u00eda un repunte de los cruces fronterizos, cuando ya se bati\u00f3 el r\u00e9cord de&nbsp;<strong>2,3 millones de interceptaciones de migrantes<\/strong>&nbsp;este a\u00f1o hasta el 22 de septiembre.<\/p>\n\n\n\n<p>La crisis migratoria es un tema que enardece los \u00e1nimos, como se ha visto durante las elecciones de medio mandato celebradas la semana pasada.<\/p>\n\n\n\n<p>El T\u00edtulo 42 permite la&nbsp;<strong>expulsi\u00f3n inmediata de cualquier extranjero<\/strong>&nbsp;o no residente que intente ingresar al pa\u00eds sin visa.<\/p>\n\n\n\n<p>No existe un proceso legal ni una expulsi\u00f3n formal al pa\u00eds de origen. Y los agentes fronterizos pueden invocarlo para expulsar a una persona sin el largo proceso de entrevistas que generalmente se requiere.<\/p>\n\n\n\n<p>Pero, a diferencia de una expulsi\u00f3n regular, no proh\u00edbe volver a intentar entrar a Estados Unidos.<\/p>\n\n\n\n<p>Aaron Reichlin-Melnick, director de pol\u00edticas del Consejo Estadounidense de Inmigraci\u00f3n, estima que el T\u00edtulo 42 ha sido \u201cuna pol\u00edtica de gesti\u00f3n fronteriza fallida que caus\u00f3 caos a lo largo de la frontera\u201d.<\/p>\n","protected":false},"excerpt":{"rendered":"<p>Emmet Sullivan estima que el llamado T\u00edtulo 42, que se ha utilizado para expulsar a cientos de miles de personas que cruzan la frontera desde M\u00e9xico, es una medida arbitraria&hellip; <\/p>\n","protected":false},"author":7,"featured_media":20081,"comment_status":"closed","ping_status":"open","sticky":false,"template":"","format":"standard","meta":{"footnotes":""},"categories":[11],"tags":[],"class_list":["post-20080","post","type-post","status-publish","format-standard","has-post-thumbnail","hentry","category-internacionales"],"_links":{"self":[{"href":"https:\/\/corrientesdetarde.com\/index.php\/wp-json\/wp\/v2\/posts\/20080","targetHints":{"allow":["GET"]}}],"collection":[{"href":"https:\/\/corrientesdetarde.com\/index.php\/wp-json\/wp\/v2\/posts"}],"about":[{"href":"https:\/\/corrientesdetarde.com\/index.php\/wp-json\/wp\/v2\/types\/post"}],"author":[{"embeddable":true,"href":"https:\/\/corrientesdetarde.com\/index.php\/wp-json\/wp\/v2\/users\/7"}],"replies":[{"embeddable":true,"href":"https:\/\/corrientesdetarde.com\/index.php\/wp-json\/wp\/v2\/comments?post=20080"}],"version-history":[{"count":1,"href":"https:\/\/corrientesdetarde.com\/index.php\/wp-json\/wp\/v2\/posts\/20080\/revisions"}],"predecessor-version":[{"id":20082,"href":"https:\/\/corrientesdetarde.com\/index.php\/wp-json\/wp\/v2\/posts\/20080\/revisions\/20082"}],"wp:featuredmedia":[{"embeddable":true,"href":"https:\/\/corrientesdetarde.com\/index.php\/wp-json\/wp\/v2\/media\/20081"}],"wp:attachment":[{"href":"https:\/\/corrientesdetarde.com\/index.php\/wp-json\/wp\/v2\/media?parent=20080"}],"wp:term":[{"taxonomy":"category","embeddable":true,"href":"https:\/\/corrientesdetarde.com\/index.php\/wp-json\/wp\/v2\/categories?post=20080"},{"taxonomy":"post_tag","embeddable":true,"href":"https:\/\/corrientesdetarde.com\/index.php\/wp-json\/wp\/v2\/tags?post=20080"}],"curies":[{"name":"wp","href":"https:\/\/api.w.org\/{rel}","templated":true}]}}