{"id":20083,"date":"2022-11-16T08:21:44","date_gmt":"2022-11-16T11:21:44","guid":{"rendered":"https:\/\/corrientesdetarde.com\/?p=20083"},"modified":"2022-11-16T08:21:47","modified_gmt":"2022-11-16T11:21:47","slug":"china-aliada-de-rusia-pidio-calma-y-contencion-tras-el-impacto-del-misil-en-polonia","status":"publish","type":"post","link":"https:\/\/corrientesdetarde.com\/index.php\/internacionales\/china-aliada-de-rusia-pidio-calma-y-contencion-tras-el-impacto-del-misil-en-polonia\/","title":{"rendered":"<strong>China, aliada de Rusia, pidi\u00f3 \u201ccalma\u201d y \u201ccontenci\u00f3n\u201d tras el impacto del misil en Polonia<\/strong>"},"content":{"rendered":"\n<p>Los pa\u00edses de la OTAN est\u00e1n investigando este incidente, que ha agravado la tensi\u00f3n entre los pa\u00edses occidentales y Mosc\u00fa , a quien el presidente ucraniano, Volod\u00edmir Zelensky, ha se\u00f1alado como culpable<\/p>\n\n\n\n<p>El<strong>&nbsp;r\u00e9gimen de China,&nbsp;<\/strong>que ha sido un aliado de&nbsp;<strong>Rusia,&nbsp;<\/strong>pidi\u00f3 \u201cmantener la calma\u201d a todas \u201clas partes involucradas\u201d despu\u00e9s de que unos&nbsp;<strong>misiles&nbsp;<\/strong>impactaran este martes en la localidad polaca de&nbsp;<strong>Przewod\u00f3w<\/strong>, cerca de la frontera ucraniana, y mataran a dos agricultores.<\/p>\n\n\n\n<p>\u201cEn la coyuntura actual, se debe actuar con moderaci\u00f3n para evitar una escalada de la situaci\u00f3n\u201d, declar\u00f3 la portavoz de la<strong>&nbsp;Canciller\u00eda china Mao Ning<\/strong>, citada en medios locales.<\/p>\n\n\n\n<p>\u201cHemos visto las informaciones. En la situaci\u00f3n actual, todas las partes relevantes deben mantener la calma y la contenci\u00f3n para evitar un empeoramiento de la situaci\u00f3n\u201d, agreg\u00f3 Mao.<\/p>\n\n\n\n<p>Asimismo, ha subrayado que \u201cla posici\u00f3n de China sobre el asunto en Ucrania es clara y consistente\u201d y ha abogado por \u201cun di\u00e1logo y una negociaci\u00f3n para resolver la crisis de forma pac\u00edfica\u201d, seg\u00fan ha recogido el portal de noticias<em>&nbsp;China News.<\/em><\/p>\n\n\n\n<p>Dado que se produjo en territorio de uno de los pa\u00edses de la Alianza, la&nbsp;<strong>OTAN&nbsp;<\/strong>est\u00e1 investigando este incidente, que ha agravado la tensi\u00f3n entre los pa\u00edses occidentales y Rusia, a quien el presidente ucraniano,&nbsp;<strong>Volod\u00edmir Zelensky<\/strong>, ha se\u00f1alado como culpable en las \u00faltimas horas.<\/p>\n\n\n\n<p>Con respecto al conflicto en Ucrania, la postura de China \u201ces consistente y clara\u201d, explic\u00f3 Mao, que reiter\u00f3 que su pa\u00eds pide \u201cdi\u00e1logo y negociaciones\u201d para resolverlo \u201cpac\u00edficamente\u201d.<\/p>\n\n\n\n<p>Antes de que se produjese el incidente en Ucrania, el ministro de Asuntos Exteriores de China,&nbsp;<strong>Wang Yi,<\/strong>&nbsp;se reuni\u00f3 este martes con su hom\u00f3logo ruso,<strong>&nbsp;Sergei Lavrov<\/strong>, en los m\u00e1rgenes de la cumbre del&nbsp;<strong>G20<\/strong>&nbsp;en<strong>&nbsp;Bali, Indonesia.<\/strong><\/p>\n\n\n\n<p>Wang expres\u00f3 la voluntad de China de \u201cprofundizar la cooperaci\u00f3n pragm\u00e1tica con Rusia\u201d y promover \u201cun mundo multipolar\u201d y la \u201cdemocratizaci\u00f3n de las relaciones internacionales\u201d.<\/p>\n\n\n\n<p>Por su parte, el diplom\u00e1tico ruso reiter\u00f3 el deseo de Mosc\u00fa de mantener \u201cla asociaci\u00f3n estrat\u00e9gica integral de coordinaci\u00f3n entre Rusia y China\u201d y de \u201cconsolidar a\u00fan m\u00e1s el buen momento de los intercambios entre ambos pa\u00edses\u201d.<\/p>\n\n\n\n<p>Desde el comienzo de la&nbsp;<strong>invasi\u00f3n rusa de Ucrania<\/strong>&nbsp;el pasado febrero, China ha mantenido una postura ambigua desde la cual ha pedido di\u00e1logo y el cese de las hostilidades, al tiempo que ha demandado respeto \u201ca la soberan\u00eda territorial de todos los pa\u00edses, incluido Ucrania\u201d y a las \u201cleg\u00edtimas preocupaciones de seguridad de todas las partes\u201d, en referencia a Rusia.<\/p>\n\n\n\n<p>Por su parte, el presidente de&nbsp;<strong>Estados Unidos, Joe Biden<\/strong>, ha se\u00f1alado que es \u201cimprobable\u201d que el proyectil fuera disparado por Rusia, al tiempo que ha abogado por completar la investigaci\u00f3n sobre el suceso. \u201cHay informaci\u00f3n preliminar que pone eso en duda\u201d, ha dicho, en referencia a la posibilidad de que Rusia lanzara el proyectil.<\/p>\n","protected":false},"excerpt":{"rendered":"<p>Los pa\u00edses de la OTAN est\u00e1n investigando este incidente, que ha agravado la tensi\u00f3n entre los pa\u00edses occidentales y Mosc\u00fa , a quien el presidente ucraniano, Volod\u00edmir Zelensky, ha se\u00f1alado&hellip; <\/p>\n","protected":false},"author":7,"featured_media":20084,"comment_status":"closed","ping_status":"open","sticky":false,"template":"","format":"standard","meta":{"footnotes":""},"categories":[11],"tags":[],"class_list":["post-20083","post","type-post","status-publish","format-standard","has-post-thumbnail","hentry","category-internacionales"],"_links":{"self":[{"href":"https:\/\/corrientesdetarde.com\/index.php\/wp-json\/wp\/v2\/posts\/20083","targetHints":{"allow":["GET"]}}],"collection":[{"href":"https:\/\/corrientesdetarde.com\/index.php\/wp-json\/wp\/v2\/posts"}],"about":[{"href":"https:\/\/corrientesdetarde.com\/index.php\/wp-json\/wp\/v2\/types\/post"}],"author":[{"embeddable":true,"href":"https:\/\/corrientesdetarde.com\/index.php\/wp-json\/wp\/v2\/users\/7"}],"replies":[{"embeddable":true,"href":"https:\/\/corrientesdetarde.com\/index.php\/wp-json\/wp\/v2\/comments?post=20083"}],"version-history":[{"count":1,"href":"https:\/\/corrientesdetarde.com\/index.php\/wp-json\/wp\/v2\/posts\/20083\/revisions"}],"predecessor-version":[{"id":20088,"href":"https:\/\/corrientesdetarde.com\/index.php\/wp-json\/wp\/v2\/posts\/20083\/revisions\/20088"}],"wp:featuredmedia":[{"embeddable":true,"href":"https:\/\/corrientesdetarde.com\/index.php\/wp-json\/wp\/v2\/media\/20084"}],"wp:attachment":[{"href":"https:\/\/corrientesdetarde.com\/index.php\/wp-json\/wp\/v2\/media?parent=20083"}],"wp:term":[{"taxonomy":"category","embeddable":true,"href":"https:\/\/corrientesdetarde.com\/index.php\/wp-json\/wp\/v2\/categories?post=20083"},{"taxonomy":"post_tag","embeddable":true,"href":"https:\/\/corrientesdetarde.com\/index.php\/wp-json\/wp\/v2\/tags?post=20083"}],"curies":[{"name":"wp","href":"https:\/\/api.w.org\/{rel}","templated":true}]}}