{"id":201589,"date":"2025-04-10T15:52:46","date_gmt":"2025-04-10T18:52:46","guid":{"rendered":"https:\/\/corrientesdetarde.com\/?p=201589"},"modified":"2025-04-10T15:52:50","modified_gmt":"2025-04-10T18:52:50","slug":"exposicion-de-libros-correntinos-y-regionales-recorre-las-escuelas","status":"publish","type":"post","link":"https:\/\/corrientesdetarde.com\/index.php\/cultura\/exposicion-de-libros-correntinos-y-regionales-recorre-las-escuelas\/","title":{"rendered":"Exposici\u00f3n de libros correntinos y regionales recorre las escuelas"},"content":{"rendered":"\n<p>Una exposici\u00f3n de libros de autores correntinos y regionales, que recorrer\u00e1 los colegios y las localidades correntinas, comenz\u00f3 en el Colegio Nacional de la capital provincial. Esta iniciativa articulada entre el Gobierno de Corrientes a trav\u00e9s del Instituto de Cultura y Moglia Ediciones, busca acercar la producci\u00f3n literaria local a la comunidad educativa.<\/p>\n\n\n\n<p>Jos\u00e9 \u201cToto\u201d Insaurralde es un periodista de vasta experiencia en medios locales, que ahora se dedica de lleno a otra actividad, igualmente relacionada con la palabra: divulgar el trabajo de los escritores correntinos. Casi siempre puede v\u00e9rselo con su mesa de libros en la plaza Cabral, ofreciendo t\u00edtulos imprescindibles de las letras correntinas, en reediciones y rescates de la reconocida editorial.<\/p>\n\n\n\n<p>\u201cEsta exposici\u00f3n comenz\u00f3 el martes 8 en el Colegio Nacional. La idea es ir rotando en todos los colegios, llevando los libros de Moglia ediciones y otros pertenecientes al fondo del Instituto de Cultura de Corrientes\u201d, explic\u00f3, y agreg\u00f3: \u201cEs un servicio cultural para dar a conocer las novedades editoriales, y ponerlas al alcance de todos\u201d.<\/p>\n\n\n\n<p>Adelant\u00f3 que la pr\u00f3xima escala ser\u00e1 el Liceo \u201cBrigadier Pedro Ferr\u00e9\u201d, donde permanecer\u00e1 desde el pr\u00f3ximo lunes 14 hasta el mi\u00e9rcoles 16, y que en los primeros d\u00edas de mayo visitar\u00e1 el Colegio \u201cManuel Vicente Figuerero\u201d.<\/p>\n\n\n\n<p><strong>En la Feria del Libro de Concepci\u00f3n<\/strong><\/p>\n\n\n\n<p>Pero el itinerario de la exposici\u00f3n de libros no se limita a los colegios, ya que es una presencia constante en las ferias del libro de nuestro interior. El 24, 25 y 26 de abril estar\u00e1 presente en la VI Feria del Libro \u201cDe la educaci\u00f3n y cultura popular\u201d, de Concepci\u00f3n del Yaguaret\u00e9 Cor\u00e1.<\/p>\n\n\n\n<p>Esta Feria, vale destacar, es un ejemplo del acompa\u00f1amiento y gesti\u00f3n constante que el Gobierno provincial con su herramienta ejecutiva, el Instituto de Cultura, desarrolla en los eventos culturales en los municipios, en una gesti\u00f3n federal.<\/p>\n\n\n\n<figure class=\"wp-block-image size-large\"><img loading=\"lazy\" decoding=\"async\" width=\"768\" height=\"1024\" src=\"https:\/\/corrientesdetarde.com\/wp-content\/uploads\/2025\/04\/image-408-768x1024.png\" alt=\"\" class=\"wp-image-201590\" srcset=\"https:\/\/corrientesdetarde.com\/wp-content\/uploads\/2025\/04\/image-408-768x1024.png 768w, https:\/\/corrientesdetarde.com\/wp-content\/uploads\/2025\/04\/image-408-225x300.png 225w, https:\/\/corrientesdetarde.com\/wp-content\/uploads\/2025\/04\/image-408-1152x1536.png 1152w, https:\/\/corrientesdetarde.com\/wp-content\/uploads\/2025\/04\/image-408-1536x2048.png 1536w\" sizes=\"auto, (max-width: 768px) 100vw, 768px\" \/><\/figure>\n\n\n\n<figure class=\"wp-block-image size-large\"><img loading=\"lazy\" decoding=\"async\" width=\"768\" height=\"1024\" src=\"https:\/\/corrientesdetarde.com\/wp-content\/uploads\/2025\/04\/image-410-768x1024.png\" alt=\"\" class=\"wp-image-201592\" srcset=\"https:\/\/corrientesdetarde.com\/wp-content\/uploads\/2025\/04\/image-410-768x1024.png 768w, https:\/\/corrientesdetarde.com\/wp-content\/uploads\/2025\/04\/image-410-225x300.png 225w, https:\/\/corrientesdetarde.com\/wp-content\/uploads\/2025\/04\/image-410-1152x1536.png 1152w, https:\/\/corrientesdetarde.com\/wp-content\/uploads\/2025\/04\/image-410.png 1200w\" sizes=\"auto, (max-width: 768px) 100vw, 768px\" \/><\/figure>\n\n\n\n<figure class=\"wp-block-image size-large\"><img loading=\"lazy\" decoding=\"async\" width=\"768\" height=\"1024\" src=\"https:\/\/corrientesdetarde.com\/wp-content\/uploads\/2025\/04\/image-411-768x1024.png\" alt=\"\" class=\"wp-image-201593\" srcset=\"https:\/\/corrientesdetarde.com\/wp-content\/uploads\/2025\/04\/image-411-768x1024.png 768w, https:\/\/corrientesdetarde.com\/wp-content\/uploads\/2025\/04\/image-411-225x300.png 225w, https:\/\/corrientesdetarde.com\/wp-content\/uploads\/2025\/04\/image-411-1152x1536.png 1152w, https:\/\/corrientesdetarde.com\/wp-content\/uploads\/2025\/04\/image-411.png 1200w\" sizes=\"auto, (max-width: 768px) 100vw, 768px\" \/><\/figure>\n\n\n\n<figure class=\"wp-block-image size-large\"><img loading=\"lazy\" decoding=\"async\" width=\"768\" height=\"1024\" src=\"https:\/\/corrientesdetarde.com\/wp-content\/uploads\/2025\/04\/image-412-768x1024.png\" alt=\"\" class=\"wp-image-201594\" srcset=\"https:\/\/corrientesdetarde.com\/wp-content\/uploads\/2025\/04\/image-412-768x1024.png 768w, https:\/\/corrientesdetarde.com\/wp-content\/uploads\/2025\/04\/image-412-225x300.png 225w, https:\/\/corrientesdetarde.com\/wp-content\/uploads\/2025\/04\/image-412-1152x1536.png 1152w, https:\/\/corrientesdetarde.com\/wp-content\/uploads\/2025\/04\/image-412.png 1200w\" sizes=\"auto, (max-width: 768px) 100vw, 768px\" \/><\/figure>\n","protected":false},"excerpt":{"rendered":"<p>Una exposici\u00f3n de libros de autores correntinos y regionales, que recorrer\u00e1 los colegios y las localidades correntinas, comenz\u00f3 en el Colegio Nacional de la capital provincial. Esta iniciativa articulada entre&hellip; <\/p>\n","protected":false},"author":8,"featured_media":201591,"comment_status":"closed","ping_status":"open","sticky":false,"template":"","format":"standard","meta":{"footnotes":""},"categories":[15,32],"tags":[],"class_list":["post-201589","post","type-post","status-publish","format-standard","has-post-thumbnail","hentry","category-cultura","category-educacion"],"_links":{"self":[{"href":"https:\/\/corrientesdetarde.com\/index.php\/wp-json\/wp\/v2\/posts\/201589","targetHints":{"allow":["GET"]}}],"collection":[{"href":"https:\/\/corrientesdetarde.com\/index.php\/wp-json\/wp\/v2\/posts"}],"about":[{"href":"https:\/\/corrientesdetarde.com\/index.php\/wp-json\/wp\/v2\/types\/post"}],"author":[{"embeddable":true,"href":"https:\/\/corrientesdetarde.com\/index.php\/wp-json\/wp\/v2\/users\/8"}],"replies":[{"embeddable":true,"href":"https:\/\/corrientesdetarde.com\/index.php\/wp-json\/wp\/v2\/comments?post=201589"}],"version-history":[{"count":1,"href":"https:\/\/corrientesdetarde.com\/index.php\/wp-json\/wp\/v2\/posts\/201589\/revisions"}],"predecessor-version":[{"id":201595,"href":"https:\/\/corrientesdetarde.com\/index.php\/wp-json\/wp\/v2\/posts\/201589\/revisions\/201595"}],"wp:featuredmedia":[{"embeddable":true,"href":"https:\/\/corrientesdetarde.com\/index.php\/wp-json\/wp\/v2\/media\/201591"}],"wp:attachment":[{"href":"https:\/\/corrientesdetarde.com\/index.php\/wp-json\/wp\/v2\/media?parent=201589"}],"wp:term":[{"taxonomy":"category","embeddable":true,"href":"https:\/\/corrientesdetarde.com\/index.php\/wp-json\/wp\/v2\/categories?post=201589"},{"taxonomy":"post_tag","embeddable":true,"href":"https:\/\/corrientesdetarde.com\/index.php\/wp-json\/wp\/v2\/tags?post=201589"}],"curies":[{"name":"wp","href":"https:\/\/api.w.org\/{rel}","templated":true}]}}