{"id":20168,"date":"2022-11-16T10:54:47","date_gmt":"2022-11-16T13:54:47","guid":{"rendered":"https:\/\/corrientesdetarde.com\/?p=20168"},"modified":"2022-11-16T10:54:50","modified_gmt":"2022-11-16T13:54:50","slug":"taller-para-salvaguarda-y-difusion-de-colecciones-en-deposito","status":"publish","type":"post","link":"https:\/\/corrientesdetarde.com\/index.php\/cultura\/taller-para-salvaguarda-y-difusion-de-colecciones-en-deposito\/","title":{"rendered":"Taller para salvaguarda y difusi\u00f3n de colecciones en dep\u00f3sito"},"content":{"rendered":"\n<p>Icom Argentina y el Museo de Bellas Artes de Corrientes anunciaron que se encuentra abierta la convocatoria: Re Org -Cono Sur \u201cTaller para salvaguarda y difusi\u00f3n de colecciones en dep\u00f3sito\u201d.&nbsp;<\/p>\n\n\n\n<p>El taller tiene como objetivo poner en pr\u00e1ctica la metodolog\u00eda Re-Oorg (Iccrom, Unesco, CCI) para mejorar los dep\u00f3sitos de colecciones de los museos, de manera que los participantes puedan aplicarla en sus propias instituciones, con el fin de establecer nuevos di\u00e1logos y modos de relaci\u00f3n entre las colecciones no expuestas y la comunidad.&nbsp;<\/p>\n\n\n\n<p>Se desarrollar\u00e1 en tres etapas: dos virtuales (al inicio y al final) y una presencial. La Etapa presencial es en un taller intensivo de dos semanas de duraci\u00f3n, en el Museo Provincial de Bellas Artes \u201cJuan Ram\u00f3n Vidal\u201d de Corrientes, a cargo de G\u00e4el de Guichen (asesor Especial del Directorio General de Iccrom \u2013 Roma, Italia) y Benoit de Tapol (Museu Nacional d\u2019Art de Catalunya -Barcelona, Espa\u00f1a), quienes junto a tutores de la regi\u00f3n guiar\u00e1n el proceso.&nbsp;<\/p>\n\n\n\n<p>En esta etapa los participantes recibir\u00e1n instrucci\u00f3n y pondr\u00e1n en pr\u00e1ctica la metodolog\u00eda, reorganizando un sector del dep\u00f3sito.&nbsp;<\/p>\n\n\n\n<p>Para conocer procedimientos y requisitos para participar ingresar a https:\/\/icom-argentina.mini.icom.museum\/wp-content\/uploads\/sites\/27\/2022\/10\/FINAL_REORG-Corrientes-22-10-2022.pdf&nbsp;<\/p>\n","protected":false},"excerpt":{"rendered":"<p>Icom Argentina y el Museo de Bellas Artes de Corrientes anunciaron que se encuentra abierta la convocatoria: Re Org -Cono Sur \u201cTaller para salvaguarda y difusi\u00f3n de colecciones en dep\u00f3sito\u201d.&nbsp;&hellip; <\/p>\n","protected":false},"author":4,"featured_media":20171,"comment_status":"closed","ping_status":"open","sticky":false,"template":"","format":"standard","meta":{"footnotes":""},"categories":[15],"tags":[],"class_list":["post-20168","post","type-post","status-publish","format-standard","has-post-thumbnail","hentry","category-cultura"],"_links":{"self":[{"href":"https:\/\/corrientesdetarde.com\/index.php\/wp-json\/wp\/v2\/posts\/20168","targetHints":{"allow":["GET"]}}],"collection":[{"href":"https:\/\/corrientesdetarde.com\/index.php\/wp-json\/wp\/v2\/posts"}],"about":[{"href":"https:\/\/corrientesdetarde.com\/index.php\/wp-json\/wp\/v2\/types\/post"}],"author":[{"embeddable":true,"href":"https:\/\/corrientesdetarde.com\/index.php\/wp-json\/wp\/v2\/users\/4"}],"replies":[{"embeddable":true,"href":"https:\/\/corrientesdetarde.com\/index.php\/wp-json\/wp\/v2\/comments?post=20168"}],"version-history":[{"count":1,"href":"https:\/\/corrientesdetarde.com\/index.php\/wp-json\/wp\/v2\/posts\/20168\/revisions"}],"predecessor-version":[{"id":20172,"href":"https:\/\/corrientesdetarde.com\/index.php\/wp-json\/wp\/v2\/posts\/20168\/revisions\/20172"}],"wp:featuredmedia":[{"embeddable":true,"href":"https:\/\/corrientesdetarde.com\/index.php\/wp-json\/wp\/v2\/media\/20171"}],"wp:attachment":[{"href":"https:\/\/corrientesdetarde.com\/index.php\/wp-json\/wp\/v2\/media?parent=20168"}],"wp:term":[{"taxonomy":"category","embeddable":true,"href":"https:\/\/corrientesdetarde.com\/index.php\/wp-json\/wp\/v2\/categories?post=20168"},{"taxonomy":"post_tag","embeddable":true,"href":"https:\/\/corrientesdetarde.com\/index.php\/wp-json\/wp\/v2\/tags?post=20168"}],"curies":[{"name":"wp","href":"https:\/\/api.w.org\/{rel}","templated":true}]}}