{"id":201734,"date":"2025-04-11T10:00:17","date_gmt":"2025-04-11T13:00:17","guid":{"rendered":"https:\/\/corrientesdetarde.com\/?p=201734"},"modified":"2025-04-11T10:00:18","modified_gmt":"2025-04-11T13:00:18","slug":"exposicion-de-libros-correntinos-y-regionales-recorre-las-escuelas-2","status":"publish","type":"post","link":"https:\/\/corrientesdetarde.com\/index.php\/cultura\/exposicion-de-libros-correntinos-y-regionales-recorre-las-escuelas-2\/","title":{"rendered":"Exposici\u00f3n de libros correntinos y regionales recorre las escuelas"},"content":{"rendered":"\n<p>Esta iniciativa busca acercar la producci\u00f3n literaria local a la comunidad educativa.<\/p>\n\n\n\n<p>Una exposici\u00f3n de libros de autores correntinos y regionales, que recorrer\u00e1 los colegios y las localidades correntinas, comenz\u00f3 en el Colegio Nacional de la capital provincial. Esta iniciativa articulada entre el Gobierno de Corrientes a trav\u00e9s del Instituto de Cultura y Moglia Ediciones, busca acercar la producci\u00f3n literaria local a la comunidad educativa.<\/p>\n\n\n\n<p>Jos\u00e9 &#8220;Toto&#8221; Insaurralde es un periodista de vasta experiencia en medios locales, que ahora se dedica de lleno a otra actividad, igualmente relacionada con la palabra: divulgar el trabajo de los escritores correntinos.<\/p>\n\n\n\n<p>Casi siempre puede v\u00e9rselo con su mesa de libros en la plaza Cabral, ofreciendo t\u00edtulos imprescindibles de las letras correntinas, en reediciones y rescates de la reconocida editorial.<\/p>\n\n\n\n<p>&#8220;Esta exposici\u00f3n comenz\u00f3 el martes 8 en el Colegio Nacional. La idea es ir rotando en todos los colegios, llevando los libros de Moglia ediciones y otros pertenecientes al fondo del Instituto de Cultura de Corrientes&#8221;, explic\u00f3, y agreg\u00f3: &#8220;Es un servicio cultural para dar a conocer las novedades editoriales, y ponerlas al alcance de todos&#8221;.<\/p>\n\n\n\n<p>Adelant\u00f3 que la pr\u00f3xima escala ser\u00e1 el Liceo &#8220;Brigadier Pedro Ferr\u00e9&#8221;, donde permanecer\u00e1 desde el pr\u00f3ximo lunes 14 hasta el mi\u00e9rcoles 16, y que en los primeros d\u00edas de mayo visitar\u00e1 el Colegio &#8220;Manuel Vicente Figuerero&#8221;.<\/p>\n\n\n\n<figure class=\"wp-block-image\"><img decoding=\"async\" src=\"https:\/\/www.diarioepoca.com\/content\/bucket\/8\/1423718w790h1053c.jpg.webp\" alt=\"\"\/><\/figure>\n\n\n\n<p><em><strong>En la Feria del Libro de Concepci\u00f3n<\/strong>&nbsp;<\/em><\/p>\n\n\n\n<p>Pero el itinerario de la exposici\u00f3n de libros no se limita a los colegios, ya que es una presencia constante en las ferias del libro de nuestro interior. El 24, 25 y 26 de abril estar\u00e1 presente en la VI Feria del Libro &#8220;De la educaci\u00f3n y cultura popular&#8221;, de Concepci\u00f3n del Yaguaret\u00e9 Cor\u00e1.<\/p>\n\n\n\n<p>Esta Feria, vale destacar, es un ejemplo del acompa\u00f1amiento y gesti\u00f3n constante que el Gobierno provincial con su herramienta ejecutiva, el Instituto de Cultura, desarrolla en los eventos culturales en los municipios, en una gesti\u00f3n federal.<\/p>\n","protected":false},"excerpt":{"rendered":"<p>Esta iniciativa busca acercar la producci\u00f3n literaria local a la comunidad educativa. Una exposici\u00f3n de libros de autores correntinos y regionales, que recorrer\u00e1 los colegios y las localidades correntinas, comenz\u00f3&hellip; <\/p>\n","protected":false},"author":3,"featured_media":201739,"comment_status":"closed","ping_status":"open","sticky":false,"template":"","format":"standard","meta":{"footnotes":""},"categories":[15],"tags":[],"class_list":["post-201734","post","type-post","status-publish","format-standard","has-post-thumbnail","hentry","category-cultura"],"_links":{"self":[{"href":"https:\/\/corrientesdetarde.com\/index.php\/wp-json\/wp\/v2\/posts\/201734","targetHints":{"allow":["GET"]}}],"collection":[{"href":"https:\/\/corrientesdetarde.com\/index.php\/wp-json\/wp\/v2\/posts"}],"about":[{"href":"https:\/\/corrientesdetarde.com\/index.php\/wp-json\/wp\/v2\/types\/post"}],"author":[{"embeddable":true,"href":"https:\/\/corrientesdetarde.com\/index.php\/wp-json\/wp\/v2\/users\/3"}],"replies":[{"embeddable":true,"href":"https:\/\/corrientesdetarde.com\/index.php\/wp-json\/wp\/v2\/comments?post=201734"}],"version-history":[{"count":1,"href":"https:\/\/corrientesdetarde.com\/index.php\/wp-json\/wp\/v2\/posts\/201734\/revisions"}],"predecessor-version":[{"id":201765,"href":"https:\/\/corrientesdetarde.com\/index.php\/wp-json\/wp\/v2\/posts\/201734\/revisions\/201765"}],"wp:featuredmedia":[{"embeddable":true,"href":"https:\/\/corrientesdetarde.com\/index.php\/wp-json\/wp\/v2\/media\/201739"}],"wp:attachment":[{"href":"https:\/\/corrientesdetarde.com\/index.php\/wp-json\/wp\/v2\/media?parent=201734"}],"wp:term":[{"taxonomy":"category","embeddable":true,"href":"https:\/\/corrientesdetarde.com\/index.php\/wp-json\/wp\/v2\/categories?post=201734"},{"taxonomy":"post_tag","embeddable":true,"href":"https:\/\/corrientesdetarde.com\/index.php\/wp-json\/wp\/v2\/tags?post=201734"}],"curies":[{"name":"wp","href":"https:\/\/api.w.org\/{rel}","templated":true}]}}