{"id":201904,"date":"2025-04-12T20:59:02","date_gmt":"2025-04-12T23:59:02","guid":{"rendered":"https:\/\/corrientesdetarde.com\/?p=201904"},"modified":"2025-04-12T20:59:03","modified_gmt":"2025-04-12T23:59:03","slug":"ejercito-israeli-anuncio-que-ya-cerro-el-cerco-sobre-rafah","status":"publish","type":"post","link":"https:\/\/corrientesdetarde.com\/index.php\/internacionales\/ejercito-israeli-anuncio-que-ya-cerro-el-cerco-sobre-rafah\/","title":{"rendered":"Ej\u00e9rcito israel\u00ed anunci\u00f3 que ya cerr\u00f3 el cerco sobre Rafah"},"content":{"rendered":"\n<h2 class=\"wp-block-heading\">De esta manera, cre\u00f3 un corredor estrat\u00e9gico para lograr su objetivo: aniquilar a Ham\u00e1s.<\/h2>\n\n\n\n<p><strong>Las Fuerzas de Defensa de Israel (FDI) anunciaron este s\u00e1bado en un comunicado que hab\u00edan completado el cerco a la ciudad de Rafah, en el sur de la Franja de Gaza.<\/strong><\/p>\n\n\n\n<p>Una divisi\u00f3n blindada de las FDI realiz\u00f3 el cerco completando el establecimiento del&nbsp;<strong>&#8220;Corredor Morag&#8221;,&nbsp;<\/strong>una ruta en el sur de Gaza destinada a separar Rafah de Jan Yunis, seg\u00fan el comunicado.<\/p>\n\n\n\n<p>Durante las operaciones de la \u00faltima semana y media, las tropas de las FDI&nbsp;<strong>abatieron a decenas de milicianos y desmantelaron la infraestructura militar de Ham\u00e1s,<\/strong>&nbsp;incluidas las rutas de t\u00faneles subterr\u00e1neos, agreg\u00f3.<\/p>\n\n\n\n<p>Las FDI se\u00f1alaron que ampliar\u00e1n el control operativo sobre el &#8220;Corredor Morag&#8221; y llevar\u00e1n a cabo operaciones &#8220;antiterroristas&#8221; en la zona.<\/p>\n\n\n\n<p>Horas m\u00e1s tarde de este s\u00e1bado, las FDI dijeron que su fuerza a\u00e9rea intercept\u00f3 tres cohetes disparados desde Gaza hacia el sur de Israel.<\/p>\n","protected":false},"excerpt":{"rendered":"<p>De esta manera, cre\u00f3 un corredor estrat\u00e9gico para lograr su objetivo: aniquilar a Ham\u00e1s. Las Fuerzas de Defensa de Israel (FDI) anunciaron este s\u00e1bado en un comunicado que hab\u00edan completado&hellip; <\/p>\n","protected":false},"author":4,"featured_media":201953,"comment_status":"closed","ping_status":"open","sticky":false,"template":"","format":"standard","meta":{"footnotes":""},"categories":[11],"tags":[],"class_list":["post-201904","post","type-post","status-publish","format-standard","has-post-thumbnail","hentry","category-internacionales"],"_links":{"self":[{"href":"https:\/\/corrientesdetarde.com\/index.php\/wp-json\/wp\/v2\/posts\/201904","targetHints":{"allow":["GET"]}}],"collection":[{"href":"https:\/\/corrientesdetarde.com\/index.php\/wp-json\/wp\/v2\/posts"}],"about":[{"href":"https:\/\/corrientesdetarde.com\/index.php\/wp-json\/wp\/v2\/types\/post"}],"author":[{"embeddable":true,"href":"https:\/\/corrientesdetarde.com\/index.php\/wp-json\/wp\/v2\/users\/4"}],"replies":[{"embeddable":true,"href":"https:\/\/corrientesdetarde.com\/index.php\/wp-json\/wp\/v2\/comments?post=201904"}],"version-history":[{"count":1,"href":"https:\/\/corrientesdetarde.com\/index.php\/wp-json\/wp\/v2\/posts\/201904\/revisions"}],"predecessor-version":[{"id":201954,"href":"https:\/\/corrientesdetarde.com\/index.php\/wp-json\/wp\/v2\/posts\/201904\/revisions\/201954"}],"wp:featuredmedia":[{"embeddable":true,"href":"https:\/\/corrientesdetarde.com\/index.php\/wp-json\/wp\/v2\/media\/201953"}],"wp:attachment":[{"href":"https:\/\/corrientesdetarde.com\/index.php\/wp-json\/wp\/v2\/media?parent=201904"}],"wp:term":[{"taxonomy":"category","embeddable":true,"href":"https:\/\/corrientesdetarde.com\/index.php\/wp-json\/wp\/v2\/categories?post=201904"},{"taxonomy":"post_tag","embeddable":true,"href":"https:\/\/corrientesdetarde.com\/index.php\/wp-json\/wp\/v2\/tags?post=201904"}],"curies":[{"name":"wp","href":"https:\/\/api.w.org\/{rel}","templated":true}]}}