{"id":202116,"date":"2025-04-14T08:02:05","date_gmt":"2025-04-14T11:02:05","guid":{"rendered":"https:\/\/corrientesdetarde.com\/?p=202116"},"modified":"2025-04-14T08:02:08","modified_gmt":"2025-04-14T11:02:08","slug":"juegos-correntinos-2025-este-lunes-14-se-realiza-el-acto-oficial-de-lanzamiento","status":"publish","type":"post","link":"https:\/\/corrientesdetarde.com\/index.php\/eventos\/juegos-correntinos-2025-este-lunes-14-se-realiza-el-acto-oficial-de-lanzamiento\/","title":{"rendered":"\u201cJuegos Correntinos 2025\u201d: Este lunes 14 se realiza el acto oficial de lanzamiento"},"content":{"rendered":"\n<p><strong>El evento deportivo organizado por la Secretar\u00eda de Deportes de la Provincia ser\u00e1 presentado este lunes 14 de abril, a las 10 hs, en el SUM que posee dicha dependencia en el edificio central del barrio Ferr\u00e9.<\/strong><\/p>\n\n\n\n<p><\/p>\n\n\n\n<p>Teniendo como referencia el excelente nivel competitivo y participativo de la pasada edici\u00f3n 2024, se prev\u00e9 una gran inscripci\u00f3n de j\u00f3venes, en su modalidad convencional y adaptada.<\/p>\n\n\n\n<p>Los \u201cJuegos Correntinos 2025\u201d, se presentan como un programa de Gobierno, organizado y dirigido por la Secretar\u00eda de Deportes de la Provincia a cargo del Se\u00f1or Jorge Terrile, articulando tareas con la Direcci\u00f3n General de Educaci\u00f3n F\u00edsica.<\/p>\n\n\n\n<p>Se estima la participaci\u00f3n de miles de deportistas, en unas 36 disciplinas, trabajando en forma conjunta con todas las comunas del interior para asegurar el \u00e9xito y desarrollo pleno del cronograma de actividades.<\/p>\n\n\n\n<p>En lo estrictamente t\u00e9cnico, la competencia se dividir\u00e1 en 4 etapas deportivas: Local, Subzonal, Zonal y Provincial. Para ello, el territorio correntino se dividir\u00e1 en 6 zonas geogr\u00e1ficas deportivas, abarcando todo el territorio.<\/p>\n\n\n\n<p>\u201cEsta competencia representa una valiosa oportunidad para impulsar el desarrollo deportivo y fortalecer la integraci\u00f3n social desde el deporte\u201d.<\/p>\n\n\n\n<p>\u201cY para el Gobierno de la Provincia, en el marco de sus pol\u00edticas p\u00fablicas orientadas al bienestar ciudadano, este evento se enmarca como una acci\u00f3n estrat\u00e9gica en consonancia con los lineamientos establecidos por el Gobernador Gustavo Vald\u00e9s\u201d, afirm\u00f3 el Secretario de Deportes, Jorge Terrile.&nbsp;<\/p>\n","protected":false},"excerpt":{"rendered":"<p>El evento deportivo organizado por la Secretar\u00eda de Deportes de la Provincia ser\u00e1 presentado este lunes 14 de abril, a las 10 hs, en el SUM que posee dicha dependencia&hellip; <\/p>\n","protected":false},"author":1,"featured_media":202123,"comment_status":"closed","ping_status":"open","sticky":false,"template":"","format":"standard","meta":{"footnotes":""},"categories":[22],"tags":[],"class_list":["post-202116","post","type-post","status-publish","format-standard","has-post-thumbnail","hentry","category-eventos"],"_links":{"self":[{"href":"https:\/\/corrientesdetarde.com\/index.php\/wp-json\/wp\/v2\/posts\/202116","targetHints":{"allow":["GET"]}}],"collection":[{"href":"https:\/\/corrientesdetarde.com\/index.php\/wp-json\/wp\/v2\/posts"}],"about":[{"href":"https:\/\/corrientesdetarde.com\/index.php\/wp-json\/wp\/v2\/types\/post"}],"author":[{"embeddable":true,"href":"https:\/\/corrientesdetarde.com\/index.php\/wp-json\/wp\/v2\/users\/1"}],"replies":[{"embeddable":true,"href":"https:\/\/corrientesdetarde.com\/index.php\/wp-json\/wp\/v2\/comments?post=202116"}],"version-history":[{"count":1,"href":"https:\/\/corrientesdetarde.com\/index.php\/wp-json\/wp\/v2\/posts\/202116\/revisions"}],"predecessor-version":[{"id":202124,"href":"https:\/\/corrientesdetarde.com\/index.php\/wp-json\/wp\/v2\/posts\/202116\/revisions\/202124"}],"wp:featuredmedia":[{"embeddable":true,"href":"https:\/\/corrientesdetarde.com\/index.php\/wp-json\/wp\/v2\/media\/202123"}],"wp:attachment":[{"href":"https:\/\/corrientesdetarde.com\/index.php\/wp-json\/wp\/v2\/media?parent=202116"}],"wp:term":[{"taxonomy":"category","embeddable":true,"href":"https:\/\/corrientesdetarde.com\/index.php\/wp-json\/wp\/v2\/categories?post=202116"},{"taxonomy":"post_tag","embeddable":true,"href":"https:\/\/corrientesdetarde.com\/index.php\/wp-json\/wp\/v2\/tags?post=202116"}],"curies":[{"name":"wp","href":"https:\/\/api.w.org\/{rel}","templated":true}]}}