{"id":202157,"date":"2025-04-14T11:43:58","date_gmt":"2025-04-14T14:43:58","guid":{"rendered":"https:\/\/corrientesdetarde.com\/?p=202157"},"modified":"2025-04-14T11:44:01","modified_gmt":"2025-04-14T14:44:01","slug":"comenzo-el-juicio-por-la-violenta-agresion-en-el-boliche-zavod","status":"publish","type":"post","link":"https:\/\/corrientesdetarde.com\/index.php\/crimen-y-justicia\/comenzo-el-juicio-por-la-violenta-agresion-en-el-boliche-zavod\/","title":{"rendered":"Comenz\u00f3 el juicio por la violenta agresi\u00f3n en el boliche Zavod"},"content":{"rendered":"\n<p>El Tribunal Oral Penal N\u00b0 2 de la ciudad de Corrientes dio inicio este lunes 14 de abril al juicio oral y p\u00fablico por la causa que investiga una violenta agresi\u00f3n ocurrida en el boliche Zavod, donde result\u00f3 v\u00edctima Maia Ail\u00e9n Ben\u00edtez.<\/p>\n\n\n\n<figure class=\"wp-block-image size-full\"><img loading=\"lazy\" decoding=\"async\" width=\"790\" height=\"444\" src=\"https:\/\/corrientesdetarde.com\/wp-content\/uploads\/2025\/04\/image-502.png\" alt=\"\" class=\"wp-image-202165\" srcset=\"https:\/\/corrientesdetarde.com\/wp-content\/uploads\/2025\/04\/image-502.png 790w, https:\/\/corrientesdetarde.com\/wp-content\/uploads\/2025\/04\/image-502-300x169.png 300w, https:\/\/corrientesdetarde.com\/wp-content\/uploads\/2025\/04\/image-502-768x432.png 768w\" sizes=\"auto, (max-width: 790px) 100vw, 790px\" \/><\/figure>\n\n\n\n<p><\/p>\n\n\n\n<p>Las imputadas son Mar\u00eda Isabel Gonz\u00e1lez, Melanie Celeste Villalba y Agustina Giselle Salinas. Cada una de ellas cuenta con representaci\u00f3n legal: las doctoras M\u00f3nica Monta\u00f1ez V\u00e1zquez, Claudia Meza Fournier y Norma Beatriz Flores respectivamente. La acusaci\u00f3n est\u00e1 a cargo de la fiscal Dra. Mar\u00eda Lucrecia Troia Quirch, y en representaci\u00f3n de la querella intervienen los doctores Diomedes Guillermo Rojas Busellato y Ulises David Escalante Alarc\u00f3n.<\/p>\n\n\n\n<p><strong>Audiencias y cronograma<\/strong><\/p>\n\n\n\n<p>El debate se desarrolla en la sede del TOP N\u00b0 2, ubicada en Pl\u00e1cido Mart\u00ednez 1056, planta baja, y se extender\u00e1 durante tres jornadas consecutivas: lunes 14, martes 15 y mi\u00e9rcoles 16 de abril, todas a partir de las 8:00 horas.<\/p>\n\n\n\n<p>Durante la primera jornada se tiene previsto realizar la apertura del debate, los alegatos iniciales y la incorporaci\u00f3n de prueba documental y material. Adem\u00e1s, declarar\u00e1n los primeros testigos propuestos por el Ministerio P\u00fablico Fiscal, entre ellos la propia v\u00edctima Maia Ail\u00e9n Ben\u00edtez.<\/p>\n\n\n\n<p>El martes 15 est\u00e1 previsto que declaren testigos m\u00e9dicos y psicol\u00f3gicos, algunos de manera virtual. Tambi\u00e9n se escuchar\u00e1 a testigos propuestos por las defensas t\u00e9cnicas de Gonz\u00e1lez y Salinas.<\/p>\n\n\n\n<p>La jornada del mi\u00e9rcoles 16 se reserva para los alegatos finales y la lectura del veredicto por parte del tribunal.<\/p>\n\n\n\n<figure class=\"wp-block-image\"><img decoding=\"async\" src=\"https:\/\/www.diarioepoca.com\/content\/bucket\/3\/1424243w790h444c.jpg.webp\" alt=\"\"\/><\/figure>\n\n\n\n<p><strong>El hecho<\/strong><\/p>\n\n\n\n<p>Seg\u00fan la acusaci\u00f3n fiscal, el hecho ocurri\u00f3 el 1 de enero de 2024 alrededor de las 6:00 de la ma\u00f1ana, durante una fiesta de A\u00f1o Nuevo. En el patio del local, se desat\u00f3 una pelea en la que Maia Ail\u00e9n Ben\u00edtez fue atacada por las tres acusadas. Recibi\u00f3 golpes de pu\u00f1o, fue derribada y, cuando estaba en el piso indefensa, le arrojaron botellas de vidrio que impactaron en su cuerpo y una le provoc\u00f3 una herida cortante de cuatro cent\u00edmetros en el cuello. La agresi\u00f3n no fue a\u00fan m\u00e1s grave gracias a la intervenci\u00f3n de otras personas y el personal de seguridad.<\/p>\n\n\n\n<figure class=\"wp-block-image\"><img decoding=\"async\" src=\"https:\/\/www.diarioepoca.com\/content\/bucket\/4\/1424244w790h444c.jpg.webp\" alt=\"\"\/><\/figure>\n\n\n\n<p><strong>Las partes del proceso<\/strong><\/p>\n\n\n\n<p>El juicio est\u00e1 a cargo del Tribunal Oral Penal N\u00b0 2, integrado por el doctor Ariel H\u00e9ctor Gustavo Azcona (presidente), el doctor Dar\u00edo Alejandro Ortiz y la doctora Ana del Carmen Figueredo.<\/p>\n\n\n\n<p>Act\u00faa como fiscal la doctora Mar\u00eda Lucrecia Troia Quirch, titular de la Unidad Fiscal de Investigaciones Concretas N\u00b0 1. Por la acusaci\u00f3n privada intervienen los abogados Diomedes Guillermo Rojas Busellato y Ulises David Escalante Alarc\u00f3n, mientras que la defensa est\u00e1 a cargo de las doctoras Claudia Yanina Meza Fournier, por Melanie Villalba, M\u00f3nica E. Monta\u00f1ez V\u00e1zquez, por Mar\u00eda Isabel Gonz\u00e1lez, Norma Beatriz Flores, por Agustina Salinas.<\/p>\n","protected":false},"excerpt":{"rendered":"<p>El Tribunal Oral Penal N\u00b0 2 de la ciudad de Corrientes dio inicio este lunes 14 de abril al juicio oral y p\u00fablico por la causa que investiga una violenta&hellip; <\/p>\n","protected":false},"author":1,"featured_media":202166,"comment_status":"closed","ping_status":"open","sticky":false,"template":"","format":"standard","meta":{"footnotes":""},"categories":[5],"tags":[],"class_list":["post-202157","post","type-post","status-publish","format-standard","has-post-thumbnail","hentry","category-crimen-y-justicia"],"_links":{"self":[{"href":"https:\/\/corrientesdetarde.com\/index.php\/wp-json\/wp\/v2\/posts\/202157","targetHints":{"allow":["GET"]}}],"collection":[{"href":"https:\/\/corrientesdetarde.com\/index.php\/wp-json\/wp\/v2\/posts"}],"about":[{"href":"https:\/\/corrientesdetarde.com\/index.php\/wp-json\/wp\/v2\/types\/post"}],"author":[{"embeddable":true,"href":"https:\/\/corrientesdetarde.com\/index.php\/wp-json\/wp\/v2\/users\/1"}],"replies":[{"embeddable":true,"href":"https:\/\/corrientesdetarde.com\/index.php\/wp-json\/wp\/v2\/comments?post=202157"}],"version-history":[{"count":1,"href":"https:\/\/corrientesdetarde.com\/index.php\/wp-json\/wp\/v2\/posts\/202157\/revisions"}],"predecessor-version":[{"id":202167,"href":"https:\/\/corrientesdetarde.com\/index.php\/wp-json\/wp\/v2\/posts\/202157\/revisions\/202167"}],"wp:featuredmedia":[{"embeddable":true,"href":"https:\/\/corrientesdetarde.com\/index.php\/wp-json\/wp\/v2\/media\/202166"}],"wp:attachment":[{"href":"https:\/\/corrientesdetarde.com\/index.php\/wp-json\/wp\/v2\/media?parent=202157"}],"wp:term":[{"taxonomy":"category","embeddable":true,"href":"https:\/\/corrientesdetarde.com\/index.php\/wp-json\/wp\/v2\/categories?post=202157"},{"taxonomy":"post_tag","embeddable":true,"href":"https:\/\/corrientesdetarde.com\/index.php\/wp-json\/wp\/v2\/tags?post=202157"}],"curies":[{"name":"wp","href":"https:\/\/api.w.org\/{rel}","templated":true}]}}