{"id":202176,"date":"2025-04-14T13:27:22","date_gmt":"2025-04-14T16:27:22","guid":{"rendered":"https:\/\/corrientesdetarde.com\/?p=202176"},"modified":"2025-04-14T13:27:28","modified_gmt":"2025-04-14T16:27:28","slug":"la-provincia-entrego-drones-a-escuelas-agrotecnicas-con-tecnologia-de-vanguardia-para-fortalecer-las-practicas","status":"publish","type":"post","link":"https:\/\/corrientesdetarde.com\/index.php\/destacados\/la-provincia-entrego-drones-a-escuelas-agrotecnicas-con-tecnologia-de-vanguardia-para-fortalecer-las-practicas\/","title":{"rendered":"La Provincia entreg\u00f3 drones a escuelas agrot\u00e9cnicas, con tecnolog\u00eda de vanguardia para fortalecer las pr\u00e1cticas"},"content":{"rendered":"\n<p>En el marco del Programa de Fortalecimiento e Innovaci\u00f3n \u201cAgro 360\u00b0\u201d, impulsado por el Gobierno Provincial, se entregaron drones a 13 escuelas agrot\u00e9cnicas del interior, en un acto desarrollado este lunes en Casa de Gobierno. Se trata de dispositivos de \u00faltima generaci\u00f3n, destinados a fortalecer las pr\u00e1cticas de campo, el monitoreo de cultivos y la aplicaci\u00f3n de nuevas tecnolog\u00edas en las distintas instituciones.<\/p>\n\n\n\n<p>Estos recursos permitir\u00e1n a las escuelas mejorar sus estrategias pedag\u00f3gicas, preparando a los y las estudiantes para un futuro m\u00e1s competitivo, innovador y sustentable en el sector agropecuario.<\/p>\n\n\n\n<p>Cada establecimiento recibi\u00f3 un dron a\u00e9reo con conexi\u00f3n Wifi, que alcanza una velocidad m\u00e1xima de 16m\/s y que posee resoluci\u00f3n 4K. Las escuelas agrot\u00e9cnicas en cuesti\u00f3n fueron las de Ramada Paso; \u201cRep\u00fablica de Venezuela\u201d de Monte Caseros; \u201cManuel Belgrano\u201d de Bella Vista; \u201cLomas de Empedrado\u201d en Empedrado; \u201cEulogio Cruz Cabral\u201d de Mercedes; \u201cJos\u00e9 Mar\u00eda Malfussi\u201d de Arroyo M\u00e9ndez; Colonia 3 de Abril; Arerungu\u00e1 en It\u00e1 Ibat\u00e9; \u201cSan Isidro Labrador\u201d de San Isidro; \u201cParaje El Po\u00f1i\u201d; Curuz\u00fa Cuati\u00e1; Paraje Mercedes Cossio; y Colonia Pando.<\/p>\n\n\n\n<p>De esta manera, el Gobierno renueva su compromiso con el fortalecimiento de la educaci\u00f3n t\u00e9cnico-profesional, acompa\u00f1ando a las instituciones educativas en su camino hacia la calidad, la innovaci\u00f3n y el desarrollo sostenible de nuestra provincia.<\/p>\n\n\n\n<p><strong>Ministra de Educaci\u00f3n Pr\u00e1xedes L\u00f3pez<\/strong><\/p>\n\n\n\n<p>\u201cLa verdad es que venimos pensando fuertemente, por pedido del gobernador de la provincia, en acompa\u00f1ar a las escuelas agrot\u00e9cnicas de Corrientes con la entrega de estos drones\u201d, expres\u00f3 la ministra Pr\u00e1xedes L\u00f3pez, al tomar la palabra.<\/p>\n\n\n\n<p>Asimismo, la funcionaria dio cuenta \u201cel impacto que tiene tecnolog\u00eda en nuestros alumnos\u201d, destacando as\u00ed, la modernizaci\u00f3n como un pilar del Gobierno provincial.<\/p>\n\n\n\n<p>Para la ministra, \u201cnuestros alumnos al egresar se van a encontrar con una realidad diferente\u201d, y por ello la importancia de estas y otras herramientas para estos establecimientos educativos.<\/p>\n\n\n\n<p>En este contexto, la funcionaria valor\u00f3 la labor de los rectores de las agrot\u00e9cnicas, que \u201csin duda, ponen siempre lo suyo desde cada escuela\u201d. \u201cVamos a seguir trabajando intensamente en este sentido\u201d, agreg\u00f3 la misma, ratificando el apoyo provincial a los establecimientos educativos en materia de tecnolog\u00eda, ya que \u201ctenemos que seguir fortaleciendo la escuela agrot\u00e9cnica, para tener formaci\u00f3n profesional espec\u00edfica, tambi\u00e9n\u201d.<\/p>\n\n\n\n<p>Por consiguiente, L\u00f3pez consider\u00f3 que \u201cno puede ser que una escuela de este tipo no tenga una formaci\u00f3n profesional en mec\u00e1nica o electricidad para la labor en el campo\u201d. \u201cAs\u00ed que creo que ese es el camino, el de trabajar intensamente para que ese alumno, que egresa de una escuela t\u00e9cnica, tenga la posibilidad cierta de insertarse laboralmente y de abrazar esa carrera que eligi\u00f3 durante siete a\u00f1os\u201d.&nbsp; \u201cUno conoce el trabajo de cada uno de ellos y realmente esto llena de satisfacci\u00f3n\u201d, agreg\u00f3 la misma.<\/p>\n\n\n\n<p>Por \u00faltimo, la funcionaria remarc\u00f3 que estos drones van destinados al esfuerzo de seguir estudiando, y en pos del entorno formativo que se mantengan en las instituciones\u201d, concluy\u00f3.<\/p>\n\n\n\n<p><strong>Programa Agro 360<\/strong><\/p>\n\n\n\n<p>Los detalles del Programa Agro 360 fueron dados a conocer ante los presentes por el director de Educaci\u00f3n T\u00e9cnico Profesional del Ministerio de Educaci\u00f3n, Jorge Luis Aramendi y el especialista a cargo de la capacitaci\u00f3n en el uso de drones, Edwin Aguiar, de la Estaci\u00f3n Experimental INTA Corrientes.<\/p>\n\n\n\n<p>En virtud de ello informaron que el mismo nace como una pol\u00edtica p\u00fablica educativa con visi\u00f3n integradora y transformadora. En la provincia, existen 13 escuelas agrot\u00e9cnicas con especialidades en producci\u00f3n y mecanizaci\u00f3n agropecuaria, donde estudian unos 900 estudiantes.<\/p>\n\n\n\n<p>Para mejorar la formaci\u00f3n, se capacit\u00f3 a 38 docentes en el uso de drones en el \u00e1mbito agropecuario. \u00c9stos permiten realizar actividades formativas que integran saberes te\u00f3ricos y pr\u00e1cticos: monitoreo a\u00e9reo de cultivos y pasturas, an\u00e1lisis de suelos y cobertura vegetal, identificaci\u00f3n y seguimiento del ganado, verificaci\u00f3n de condiciones de siembra y cosecha, planificaci\u00f3n productiva y elaboraci\u00f3n de informes t\u00e9cnicos, estudios meteorol\u00f3gicos y control de variables ambientales.<\/p>\n\n\n\n<p>Agro 360\u00b0 se propone generar impacto en tres dimensiones fundamentales: la formaci\u00f3n t\u00e9cnica de los estudiantes, el fortalecimiento del rol docente y la incorporaci\u00f3n de tecnolog\u00eda de vanguardia en el \u00e1mbito educativo.<\/p>\n\n\n\n<p><strong>Presencias<\/strong><\/p>\n\n\n\n<p>Tambi\u00e9n asistieron al acto los subsecretarios de la cartera educativa provincial: de Gesti\u00f3n Educativa, Julio Nav\u00edas; de Gesti\u00f3n Administrativa, Mauro Rinaldi; de Infraestructura Escolar, Emilio Breard; de Contenidos Audiovisuales, Mar\u00eda Paula Buontempo; la secretaria General, Pabla Muzzachiodi; la presidente del Consejo General de Educaci\u00f3n, Silvina Rollet; los directores generales: de Nivel Secundario, Sergio Guti\u00e9rrez; de Ense\u00f1anza Privada, Adriana Godoy; de Educaci\u00f3n F\u00edsica, Alejandro Simoni; y en representaci\u00f3n del INTA estuvieron: la directora de la Estaci\u00f3n Experimental Agropecuaria Corrientes, Silvina Esparza; el director del Centro Regional Corrientes, Antonio Rafart; adem\u00e1s de rectores, docentes y alumnos de las escuelas agrot\u00e9cnicas.<\/p>\n\n\n\n<figure class=\"wp-block-image size-large\"><img loading=\"lazy\" decoding=\"async\" width=\"1024\" height=\"682\" src=\"https:\/\/corrientesdetarde.com\/wp-content\/uploads\/2025\/04\/image-509-1024x682.png\" alt=\"\" class=\"wp-image-202178\" srcset=\"https:\/\/corrientesdetarde.com\/wp-content\/uploads\/2025\/04\/image-509-1024x682.png 1024w, https:\/\/corrientesdetarde.com\/wp-content\/uploads\/2025\/04\/image-509-300x200.png 300w, https:\/\/corrientesdetarde.com\/wp-content\/uploads\/2025\/04\/image-509-768x512.png 768w, https:\/\/corrientesdetarde.com\/wp-content\/uploads\/2025\/04\/image-509-1536x1023.png 1536w, https:\/\/corrientesdetarde.com\/wp-content\/uploads\/2025\/04\/image-509.png 1600w\" sizes=\"auto, (max-width: 1024px) 100vw, 1024px\" \/><\/figure>\n\n\n\n<figure class=\"wp-block-image size-large\"><img loading=\"lazy\" decoding=\"async\" width=\"1024\" height=\"683\" src=\"https:\/\/corrientesdetarde.com\/wp-content\/uploads\/2025\/04\/image-510-1024x683.png\" alt=\"\" class=\"wp-image-202179\" srcset=\"https:\/\/corrientesdetarde.com\/wp-content\/uploads\/2025\/04\/image-510-1024x683.png 1024w, https:\/\/corrientesdetarde.com\/wp-content\/uploads\/2025\/04\/image-510-300x200.png 300w, https:\/\/corrientesdetarde.com\/wp-content\/uploads\/2025\/04\/image-510-768x512.png 768w, https:\/\/corrientesdetarde.com\/wp-content\/uploads\/2025\/04\/image-510-1536x1024.png 1536w, https:\/\/corrientesdetarde.com\/wp-content\/uploads\/2025\/04\/image-510.png 1600w\" sizes=\"auto, (max-width: 1024px) 100vw, 1024px\" \/><\/figure>\n\n\n\n<figure class=\"wp-block-image size-large\"><img loading=\"lazy\" decoding=\"async\" width=\"1024\" height=\"682\" src=\"https:\/\/corrientesdetarde.com\/wp-content\/uploads\/2025\/04\/image-511-1024x682.png\" alt=\"\" class=\"wp-image-202180\" srcset=\"https:\/\/corrientesdetarde.com\/wp-content\/uploads\/2025\/04\/image-511-1024x682.png 1024w, https:\/\/corrientesdetarde.com\/wp-content\/uploads\/2025\/04\/image-511-300x200.png 300w, https:\/\/corrientesdetarde.com\/wp-content\/uploads\/2025\/04\/image-511-768x512.png 768w, https:\/\/corrientesdetarde.com\/wp-content\/uploads\/2025\/04\/image-511-1536x1023.png 1536w, https:\/\/corrientesdetarde.com\/wp-content\/uploads\/2025\/04\/image-511.png 1600w\" sizes=\"auto, (max-width: 1024px) 100vw, 1024px\" \/><\/figure>\n\n\n\n<figure class=\"wp-block-image size-large\"><img loading=\"lazy\" decoding=\"async\" width=\"1024\" height=\"707\" src=\"https:\/\/corrientesdetarde.com\/wp-content\/uploads\/2025\/04\/image-512-1024x707.png\" alt=\"\" class=\"wp-image-202181\" srcset=\"https:\/\/corrientesdetarde.com\/wp-content\/uploads\/2025\/04\/image-512-1024x707.png 1024w, https:\/\/corrientesdetarde.com\/wp-content\/uploads\/2025\/04\/image-512-300x207.png 300w, https:\/\/corrientesdetarde.com\/wp-content\/uploads\/2025\/04\/image-512-768x530.png 768w, https:\/\/corrientesdetarde.com\/wp-content\/uploads\/2025\/04\/image-512-1536x1060.png 1536w, https:\/\/corrientesdetarde.com\/wp-content\/uploads\/2025\/04\/image-512.png 1600w\" sizes=\"auto, (max-width: 1024px) 100vw, 1024px\" \/><\/figure>\n\n\n\n<figure class=\"wp-block-image size-large\"><img loading=\"lazy\" decoding=\"async\" width=\"1024\" height=\"708\" src=\"https:\/\/corrientesdetarde.com\/wp-content\/uploads\/2025\/04\/image-513-1024x708.png\" alt=\"\" class=\"wp-image-202182\" srcset=\"https:\/\/corrientesdetarde.com\/wp-content\/uploads\/2025\/04\/image-513-1024x708.png 1024w, https:\/\/corrientesdetarde.com\/wp-content\/uploads\/2025\/04\/image-513-300x208.png 300w, https:\/\/corrientesdetarde.com\/wp-content\/uploads\/2025\/04\/image-513-768x531.png 768w, https:\/\/corrientesdetarde.com\/wp-content\/uploads\/2025\/04\/image-513-1536x1063.png 1536w, https:\/\/corrientesdetarde.com\/wp-content\/uploads\/2025\/04\/image-513.png 1600w\" sizes=\"auto, (max-width: 1024px) 100vw, 1024px\" \/><\/figure>\n\n\n\n<figure class=\"wp-block-image size-large\"><img loading=\"lazy\" decoding=\"async\" width=\"1024\" height=\"695\" src=\"https:\/\/corrientesdetarde.com\/wp-content\/uploads\/2025\/04\/image-514-1024x695.png\" alt=\"\" class=\"wp-image-202183\" srcset=\"https:\/\/corrientesdetarde.com\/wp-content\/uploads\/2025\/04\/image-514-1024x695.png 1024w, https:\/\/corrientesdetarde.com\/wp-content\/uploads\/2025\/04\/image-514-300x204.png 300w, https:\/\/corrientesdetarde.com\/wp-content\/uploads\/2025\/04\/image-514-768x521.png 768w, https:\/\/corrientesdetarde.com\/wp-content\/uploads\/2025\/04\/image-514-1536x1043.png 1536w, https:\/\/corrientesdetarde.com\/wp-content\/uploads\/2025\/04\/image-514.png 1600w\" sizes=\"auto, (max-width: 1024px) 100vw, 1024px\" \/><\/figure>\n\n\n\n<figure class=\"wp-block-image size-large\"><img loading=\"lazy\" decoding=\"async\" width=\"1024\" height=\"666\" src=\"https:\/\/corrientesdetarde.com\/wp-content\/uploads\/2025\/04\/image-515-1024x666.png\" alt=\"\" class=\"wp-image-202184\" srcset=\"https:\/\/corrientesdetarde.com\/wp-content\/uploads\/2025\/04\/image-515-1024x666.png 1024w, https:\/\/corrientesdetarde.com\/wp-content\/uploads\/2025\/04\/image-515-300x195.png 300w, https:\/\/corrientesdetarde.com\/wp-content\/uploads\/2025\/04\/image-515-768x499.png 768w, https:\/\/corrientesdetarde.com\/wp-content\/uploads\/2025\/04\/image-515-1536x998.png 1536w, https:\/\/corrientesdetarde.com\/wp-content\/uploads\/2025\/04\/image-515.png 1600w\" sizes=\"auto, (max-width: 1024px) 100vw, 1024px\" \/><\/figure>\n\n\n\n<figure class=\"wp-block-image size-large\"><img loading=\"lazy\" decoding=\"async\" width=\"1024\" height=\"682\" src=\"https:\/\/corrientesdetarde.com\/wp-content\/uploads\/2025\/04\/image-516-1024x682.png\" alt=\"\" class=\"wp-image-202185\" srcset=\"https:\/\/corrientesdetarde.com\/wp-content\/uploads\/2025\/04\/image-516-1024x682.png 1024w, https:\/\/corrientesdetarde.com\/wp-content\/uploads\/2025\/04\/image-516-300x200.png 300w, https:\/\/corrientesdetarde.com\/wp-content\/uploads\/2025\/04\/image-516-768x512.png 768w, https:\/\/corrientesdetarde.com\/wp-content\/uploads\/2025\/04\/image-516-1536x1023.png 1536w, https:\/\/corrientesdetarde.com\/wp-content\/uploads\/2025\/04\/image-516.png 1600w\" sizes=\"auto, (max-width: 1024px) 100vw, 1024px\" \/><\/figure>\n\n\n\n<figure class=\"wp-block-image size-large\"><img loading=\"lazy\" decoding=\"async\" width=\"1024\" height=\"682\" src=\"https:\/\/corrientesdetarde.com\/wp-content\/uploads\/2025\/04\/image-518-1024x682.png\" alt=\"\" class=\"wp-image-202187\" srcset=\"https:\/\/corrientesdetarde.com\/wp-content\/uploads\/2025\/04\/image-518-1024x682.png 1024w, https:\/\/corrientesdetarde.com\/wp-content\/uploads\/2025\/04\/image-518-300x200.png 300w, https:\/\/corrientesdetarde.com\/wp-content\/uploads\/2025\/04\/image-518-768x512.png 768w, https:\/\/corrientesdetarde.com\/wp-content\/uploads\/2025\/04\/image-518-1536x1023.png 1536w, https:\/\/corrientesdetarde.com\/wp-content\/uploads\/2025\/04\/image-518.png 1600w\" sizes=\"auto, (max-width: 1024px) 100vw, 1024px\" \/><\/figure>\n","protected":false},"excerpt":{"rendered":"<p>En el marco del Programa de Fortalecimiento e Innovaci\u00f3n \u201cAgro 360\u00b0\u201d, impulsado por el Gobierno Provincial, se entregaron drones a 13 escuelas agrot\u00e9cnicas del interior, en un acto desarrollado este&hellip; <\/p>\n","protected":false},"author":8,"featured_media":202177,"comment_status":"closed","ping_status":"open","sticky":false,"template":"","format":"standard","meta":{"footnotes":""},"categories":[26,32],"tags":[],"class_list":["post-202176","post","type-post","status-publish","format-standard","has-post-thumbnail","hentry","category-destacados","category-educacion"],"_links":{"self":[{"href":"https:\/\/corrientesdetarde.com\/index.php\/wp-json\/wp\/v2\/posts\/202176","targetHints":{"allow":["GET"]}}],"collection":[{"href":"https:\/\/corrientesdetarde.com\/index.php\/wp-json\/wp\/v2\/posts"}],"about":[{"href":"https:\/\/corrientesdetarde.com\/index.php\/wp-json\/wp\/v2\/types\/post"}],"author":[{"embeddable":true,"href":"https:\/\/corrientesdetarde.com\/index.php\/wp-json\/wp\/v2\/users\/8"}],"replies":[{"embeddable":true,"href":"https:\/\/corrientesdetarde.com\/index.php\/wp-json\/wp\/v2\/comments?post=202176"}],"version-history":[{"count":1,"href":"https:\/\/corrientesdetarde.com\/index.php\/wp-json\/wp\/v2\/posts\/202176\/revisions"}],"predecessor-version":[{"id":202188,"href":"https:\/\/corrientesdetarde.com\/index.php\/wp-json\/wp\/v2\/posts\/202176\/revisions\/202188"}],"wp:featuredmedia":[{"embeddable":true,"href":"https:\/\/corrientesdetarde.com\/index.php\/wp-json\/wp\/v2\/media\/202177"}],"wp:attachment":[{"href":"https:\/\/corrientesdetarde.com\/index.php\/wp-json\/wp\/v2\/media?parent=202176"}],"wp:term":[{"taxonomy":"category","embeddable":true,"href":"https:\/\/corrientesdetarde.com\/index.php\/wp-json\/wp\/v2\/categories?post=202176"},{"taxonomy":"post_tag","embeddable":true,"href":"https:\/\/corrientesdetarde.com\/index.php\/wp-json\/wp\/v2\/tags?post=202176"}],"curies":[{"name":"wp","href":"https:\/\/api.w.org\/{rel}","templated":true}]}}