{"id":202189,"date":"2025-04-14T13:32:48","date_gmt":"2025-04-14T16:32:48","guid":{"rendered":"https:\/\/corrientesdetarde.com\/?p=202189"},"modified":"2025-04-14T13:32:51","modified_gmt":"2025-04-14T16:32:51","slug":"terrile-ratifico-la-realizacion-de-los-juegos-correntinos-2025-como-politica-de-estado","status":"publish","type":"post","link":"https:\/\/corrientesdetarde.com\/index.php\/deportes\/terrile-ratifico-la-realizacion-de-los-juegos-correntinos-2025-como-politica-de-estado\/","title":{"rendered":"Terrile ratific\u00f3 la realizaci\u00f3n de los \u201cJuegos Correntinos 2025\u201d como \u201cpol\u00edtica de Estado\u201d"},"content":{"rendered":"\n<p>Los \u201cJuegos Correntinos 2025\u201d, competencia que a\u00f1o a a\u00f1o re\u00fane a miles de deportistas de toda la Provincia, fue presentada este lunes por el Secretario de Deportes, Jorge Terrile, en compa\u00f1\u00eda del Ministro de Desarrollo Social, Ad\u00e1n Gaya y referentes de \u00e1reas de deportes de los municipios.&nbsp;&nbsp;&nbsp;&nbsp;<\/p>\n\n\n\n<p>Para la edici\u00f3n 2025 de los \u201cJuegos Correntinos\u201d, Terrile explic\u00f3 que \u201cse trabajar\u00e1 en forma articulada con las comunas\u201d en las distintas disciplinas que presenta el programa y se le dar\u00e1 mucha relevancia a las instancias locales con el aporte de elementos deportivos para los j\u00f3venes deportistas.<\/p>\n\n\n\n<p>\u201cEste a\u00f1o, trabajaremos mucho en la organizaci\u00f3n y planificaci\u00f3n con los directores de deportes, potenciando las rondas clasificatorias locales con la entrega de elementos deportivos\u201d, puntualiz\u00f3 el funcionario desde el SUM de la Secretar\u00eda de Deportes.<\/p>\n\n\n\n<p>Cabe destacar que estos juegos se dividir\u00e1n en 4 etapas deportivas: Local, Subzonal, Zonal y Provincial. Para ello, el territorio correntino se dividir\u00e1 en 6 zonas geogr\u00e1ficas deportivas, abarcando todas las comunas. Aquellos representativos y atletas clasificados en sus respectivas zonas, pasar\u00e1n a la etapa Provincial de la competencia.&nbsp;<\/p>\n\n\n\n<p><strong>\u201cPol\u00edtica de Estado\u201d<\/strong><\/p>\n\n\n\n<p>Tras agradecer al Gobernador Gustavo Vald\u00e9s por la inversi\u00f3n millonaria que conlleva la competencia, tanto el Secretario de Deportes, Jorge Terrile, c\u00f3mo el Ministro de Desarrollo Social, Ad\u00e1n Gaya, ponderaron con orgullo la realizaci\u00f3n de estos \u201cJuegos Correntinos 2025\u201d en su edici\u00f3n N\u00ba16.&nbsp;<\/p>\n\n\n\n<p>\u201cPor eso es muy importante garantizar este programa en su edici\u00f3n 2025 y cumplir los objetivos de la mejor manera trabajando juntos. Esto nos permite optimizar recursos y que los j\u00f3venes puedan competir sanamente\u201d, se\u00f1al\u00f3 el Ministro Gaya.&nbsp;<\/p>\n\n\n\n<p>Tambi\u00e9n participaron del acto oficial de lanzamiento, el Director General de Educaci\u00f3n F\u00edsica, Alejandro Simoni y la Directora de la Juventud del Ministerio de Desarrollo Social, Clara Gortari.<\/p>\n\n\n\n<figure class=\"wp-block-image size-large\"><img loading=\"lazy\" decoding=\"async\" width=\"1024\" height=\"683\" src=\"https:\/\/corrientesdetarde.com\/wp-content\/uploads\/2025\/04\/image-520-1024x683.png\" alt=\"\" class=\"wp-image-202191\" srcset=\"https:\/\/corrientesdetarde.com\/wp-content\/uploads\/2025\/04\/image-520-1024x683.png 1024w, https:\/\/corrientesdetarde.com\/wp-content\/uploads\/2025\/04\/image-520-300x200.png 300w, https:\/\/corrientesdetarde.com\/wp-content\/uploads\/2025\/04\/image-520-768x512.png 768w, https:\/\/corrientesdetarde.com\/wp-content\/uploads\/2025\/04\/image-520-1536x1024.png 1536w, https:\/\/corrientesdetarde.com\/wp-content\/uploads\/2025\/04\/image-520.png 1920w\" sizes=\"auto, (max-width: 1024px) 100vw, 1024px\" \/><\/figure>\n\n\n\n<figure class=\"wp-block-image size-large\"><img loading=\"lazy\" decoding=\"async\" width=\"1024\" height=\"657\" src=\"https:\/\/corrientesdetarde.com\/wp-content\/uploads\/2025\/04\/image-521-1024x657.png\" alt=\"\" class=\"wp-image-202192\" srcset=\"https:\/\/corrientesdetarde.com\/wp-content\/uploads\/2025\/04\/image-521-1024x657.png 1024w, https:\/\/corrientesdetarde.com\/wp-content\/uploads\/2025\/04\/image-521-300x193.png 300w, https:\/\/corrientesdetarde.com\/wp-content\/uploads\/2025\/04\/image-521-768x493.png 768w, https:\/\/corrientesdetarde.com\/wp-content\/uploads\/2025\/04\/image-521-1536x986.png 1536w, https:\/\/corrientesdetarde.com\/wp-content\/uploads\/2025\/04\/image-521.png 1920w\" sizes=\"auto, (max-width: 1024px) 100vw, 1024px\" \/><\/figure>\n","protected":false},"excerpt":{"rendered":"<p>Los \u201cJuegos Correntinos 2025\u201d, competencia que a\u00f1o a a\u00f1o re\u00fane a miles de deportistas de toda la Provincia, fue presentada este lunes por el Secretario de Deportes, Jorge Terrile, en&hellip; <\/p>\n","protected":false},"author":8,"featured_media":202190,"comment_status":"closed","ping_status":"open","sticky":false,"template":"","format":"standard","meta":{"footnotes":""},"categories":[4],"tags":[],"class_list":["post-202189","post","type-post","status-publish","format-standard","has-post-thumbnail","hentry","category-deportes"],"_links":{"self":[{"href":"https:\/\/corrientesdetarde.com\/index.php\/wp-json\/wp\/v2\/posts\/202189","targetHints":{"allow":["GET"]}}],"collection":[{"href":"https:\/\/corrientesdetarde.com\/index.php\/wp-json\/wp\/v2\/posts"}],"about":[{"href":"https:\/\/corrientesdetarde.com\/index.php\/wp-json\/wp\/v2\/types\/post"}],"author":[{"embeddable":true,"href":"https:\/\/corrientesdetarde.com\/index.php\/wp-json\/wp\/v2\/users\/8"}],"replies":[{"embeddable":true,"href":"https:\/\/corrientesdetarde.com\/index.php\/wp-json\/wp\/v2\/comments?post=202189"}],"version-history":[{"count":1,"href":"https:\/\/corrientesdetarde.com\/index.php\/wp-json\/wp\/v2\/posts\/202189\/revisions"}],"predecessor-version":[{"id":202193,"href":"https:\/\/corrientesdetarde.com\/index.php\/wp-json\/wp\/v2\/posts\/202189\/revisions\/202193"}],"wp:featuredmedia":[{"embeddable":true,"href":"https:\/\/corrientesdetarde.com\/index.php\/wp-json\/wp\/v2\/media\/202190"}],"wp:attachment":[{"href":"https:\/\/corrientesdetarde.com\/index.php\/wp-json\/wp\/v2\/media?parent=202189"}],"wp:term":[{"taxonomy":"category","embeddable":true,"href":"https:\/\/corrientesdetarde.com\/index.php\/wp-json\/wp\/v2\/categories?post=202189"},{"taxonomy":"post_tag","embeddable":true,"href":"https:\/\/corrientesdetarde.com\/index.php\/wp-json\/wp\/v2\/tags?post=202189"}],"curies":[{"name":"wp","href":"https:\/\/api.w.org\/{rel}","templated":true}]}}